{"id":280325,"date":"2025-07-28T19:40:11","date_gmt":"2025-07-28T19:40:11","guid":{"rendered":"https:\/\/www.europesays.com\/fr\/280325\/"},"modified":"2025-07-28T19:40:11","modified_gmt":"2025-07-28T19:40:11","slug":"bouches-du-rhone-les-autoroutes-a7-et-a51-coupees-en-raison-dun-depart-de-feu-pres-de-marseille","status":"publish","type":"post","link":"https:\/\/www.europesays.com\/fr\/280325\/","title":{"rendered":"Bouches-du-Rh\u00f4ne. Les autoroutes A7 et A51 coup\u00e9es en raison d&rsquo;un d\u00e9part de feu pr\u00e8s de Marseille"},"content":{"rendered":"<p>Un violent incendie au nord de Marseille a provoqu\u00e9 lundi apr\u00e8s-midi la fermeture des autoroutes A7 et A51, dans les deux sens, au niveau de l&rsquo;\u00e9changeur entre ces deux axes, perturbant au passage le trafic a\u00e9rien de la deuxi\u00e8me ville de France.<\/p>\n<p>L&rsquo;incendie, qui a totalement d\u00e9truit \u00ab les b\u00e2timents d&rsquo;une soci\u00e9t\u00e9 de caravaning \u00bb, g\u00e9n\u00e9rant un \u00e9norme nuage de fum\u00e9e noire, est parti au niveau de l&rsquo;\u00e9changeur 517, sur les communes de Sept\u00e8mes-les-Vallons et des Pennes-Mirabeau, \u00e0 une vingtaine de kilom\u00e8tres au nord de Marseille. C&rsquo;est \u00e0 quelques centaines de m\u00e8tres \u00e0 peine, d\u00e9j\u00e0 aux Pennes-Mirabeau, qu&rsquo;\u00e9tait parti un important sinistre le 8 juillet, apr\u00e8s qu&rsquo;une voiture avait pris feu sur l&rsquo;A55, plus \u00e0 l&rsquo;est. Le feu avait alors parcouru 750 hectares de broussailles et de pin\u00e8des et atteint Marseille, ravageant une soixantaine de b\u00e2timents au total dans le quartier de L&rsquo;Estaque.<\/p>\n<p>Face \u00e0 ce nouveau sinistre, 400 pompiers ont \u00e9t\u00e9 mobilis\u00e9s, aid\u00e9s de 100 engins au sol et d&rsquo;importants moyens a\u00e9riens, avec quatre Canadair, deux avions Dash et deux h\u00e9licopt\u00e8res bombardiers d&rsquo;eau selon la pr\u00e9fecture des Bouches-du-Rh\u00f4ne.<\/p>\n<p>  Eviter la propagation du feu<\/p>\n<p>L&rsquo;objectif \u00e9tait d&rsquo;\u00e9viter la propagation du feu \u00ab vers le massif de l&rsquo;\u00e9toile \u00bb, qui borde la ville de Marseille au nord, et de \u00ab prot\u00e9ger des habitations \u00e9ventuelles \u00bb, ont indiqu\u00e9 les pompiers, appelant les automobilistes et \u00e0 ne pas \u00ab emprunter les axes principaux ni les axes secondaires \u00bb pour permettre aux secours d&rsquo;intervenir.<\/p>\n<p>Parti vers 16h40, le feu n&rsquo;\u00e9voluait plus vers 20h, apr\u00e8s avoir parcouru 11 hectares, toujours selon la pr\u00e9fecture. Mais il restait actif dans les d\u00e9combres du concessionnaire de camping-cars touch\u00e9. Son origine n&rsquo;\u00e9tait pas connue lundi soir. Dans les premiers kilom\u00e8tres \u00e0 proximit\u00e9 du feu, l&rsquo;organisme de mesure de la qualit\u00e9 de l&rsquo;air AtmoSud a relev\u00e9 des \u00ab niveaux \u00e9lev\u00e9s de particules fines et ultrafines \u00bb et des \u00ab concentrations \u00e9lev\u00e9s de multiples polluants gazeux \u00bb.<\/p>\n<p>Au-del\u00e0 des importantes perturbations au trafic routier provoqu\u00e9es par la coupure des deux autoroutes au niveau de l&rsquo;\u00e9changeur, le trafic a\u00e9rien a lui aussi \u00e9t\u00e9 touch\u00e9: \u00ab Les vols au d\u00e9part et \u00e0 l&rsquo;arriv\u00e9e sont perturb\u00e9s \u00bb, a ainsi pr\u00e9cis\u00e9 l&rsquo;a\u00e9roport de Marseille-Provence sur son site internet.<\/p>\n<p>Contact\u00e9, le personnel de la maison d&rsquo;accueil sp\u00e9cialis\u00e9e pour adultes en situation de handicap des Tourelles, situ\u00e9e dans un grand domaine arbor\u00e9, \u00e0 Sept\u00e8mes-les-Vallons, a confirm\u00e9 que les pompiers \u00e9taient sur place et que les consignes \u00e9taient de rester confin\u00e9s. Entre le personnel et les r\u00e9sidents, une cinquantaine de personnes \u00e9taient sur place lundi en fin d&rsquo;apr\u00e8s-midi.<\/p>\n<p>  \u00ab On est sur les nerfs \u00bb<\/p>\n<p>De l&rsquo;autre c\u00f4t\u00e9 de l&rsquo;\u00e9changeur entre les deux autoroutes, au nord, l&rsquo;h\u00f4tel Lemon lui aussi \u00e9tait aux premi\u00e8res loges face au sinistre: \u00ab On voit de gros panaches de fum\u00e9es depuis les fen\u00eatres, et pour l&rsquo;instant on est tous seuls donc on est sur les nerfs \u00bb, a t\u00e9moign\u00e9 au t\u00e9l\u00e9phone Bahija Kermoun, 51 ans, responsable de l&rsquo;\u00e9tablissement. \u00ab Par moment, selon l&rsquo;orientation du vent, on a l&rsquo;impression qu&rsquo;il n&rsquo;y a plus de soleil tellement il fait sombre. On n&rsquo;a encore re\u00e7u aucune consigne d&rsquo;\u00e9vacuation, donc on est dans l&rsquo;attente, mais nous avons heureusement peu de clients en journ\u00e9e \u00bb, poursuivait-elle.<\/p>\n<p><a href=\"https:\/\/www.ledauphine.com\/faits-divers-justice\/2025\/07\/27\/feux-de-foret-les-bouches-du-rhone-et-le-vaucluse-en-rouge-lundi\" target=\"_blank\" rel=\"noopener\">En vigilance rouge aux feux de for\u00eats<\/a> pour la troisi\u00e8me journ\u00e9e cons\u00e9cutive, le d\u00e9partement des Bouches-du-Rh\u00f4ne \u00e9tait frapp\u00e9 par un important mistral lundi, avec des rafales atteignant parfois les 90 km\/h. D\u00e8s le d\u00e9but de l&rsquo;incendie, la pr\u00e9fecture des Bouches-du-Rh\u00f4ne avait alert\u00e9 les habitants des deux communes sur leurs t\u00e9l\u00e9phones portables, via un message FR-Alert, les appelant \u00e0 \u00ab \u00e9viter \u00bb le secteur et \u00e0 ne pas tenter de monter sur Aix-en-Provence ou de descendre sur Vitrolles par les voies secondaires, pour \u00e9viter les panaches de fum\u00e9e.<\/p>\n<p>Aux alentours de Marseille, deux autre feux ont mobilis\u00e9 des centaines de pompiers lundi, \u00e0 Martigues et Port-de-Bouc. Mais tous les deux \u00e9taient \u00ab fix\u00e9s \u00bb lundi en fin d&rsquo;apr\u00e8s-midi et des op\u00e9rations de noyage \u00e9taient en cours durant la soir\u00e9e. Dix jours apr\u00e8s l&rsquo;incendie parti des Pennes-Mirabeau le 8 juillet, un autre sinistre avait d\u00e9vor\u00e9 pr\u00e8s de 250 hectares de pin\u00e8de \u00e0 Martigues, au nord-ouest de Marseille.<\/p>\n","protected":false},"excerpt":{"rendered":"Un violent incendie au nord de Marseille a provoqu\u00e9 lundi apr\u00e8s-midi la fermeture des autoroutes A7 et A51,&hellip;\n","protected":false},"author":2,"featured_media":280326,"comment_status":"","ping_status":"","sticky":false,"template":"","format":"standard","meta":{"footnotes":""},"categories":[2814],"tags":[1111,11,436,1777,674,274,107,1011,27,329,1310,884,12,882,25,4520],"class_list":{"0":"post-280325","1":"post","2":"type-post","3":"status-publish","4":"format-standard","5":"has-post-thumbnail","7":"category-marseille","8":"tag-actu","9":"tag-actualites","10":"tag-environnement","11":"tag-eu","12":"tag-europe","13":"tag-faits-divers-justice","14":"tag-fil-info","15":"tag-fr","16":"tag-france","17":"tag-france-monde","18":"tag-incendie","19":"tag-marseille","20":"tag-news","21":"tag-provence-alpes-cote-dazur","22":"tag-republique-francaise","23":"tag-vaucluse"},"share_on_mastodon":{"url":"https:\/\/pubeurope.com\/@fr\/114932562261389846","error":""},"_links":{"self":[{"href":"https:\/\/www.europesays.com\/fr\/wp-json\/wp\/v2\/posts\/280325","targetHints":{"allow":["GET"]}}],"collection":[{"href":"https:\/\/www.europesays.com\/fr\/wp-json\/wp\/v2\/posts"}],"about":[{"href":"https:\/\/www.europesays.com\/fr\/wp-json\/wp\/v2\/types\/post"}],"author":[{"embeddable":true,"href":"https:\/\/www.europesays.com\/fr\/wp-json\/wp\/v2\/users\/2"}],"replies":[{"embeddable":true,"href":"https:\/\/www.europesays.com\/fr\/wp-json\/wp\/v2\/comments?post=280325"}],"version-history":[{"count":0,"href":"https:\/\/www.europesays.com\/fr\/wp-json\/wp\/v2\/posts\/280325\/revisions"}],"wp:featuredmedia":[{"embeddable":true,"href":"https:\/\/www.europesays.com\/fr\/wp-json\/wp\/v2\/media\/280326"}],"wp:attachment":[{"href":"https:\/\/www.europesays.com\/fr\/wp-json\/wp\/v2\/media?parent=280325"}],"wp:term":[{"taxonomy":"category","embeddable":true,"href":"https:\/\/www.europesays.com\/fr\/wp-json\/wp\/v2\/categories?post=280325"},{"taxonomy":"post_tag","embeddable":true,"href":"https:\/\/www.europesays.com\/fr\/wp-json\/wp\/v2\/tags?post=280325"}],"curies":[{"name":"wp","href":"https:\/\/api.w.org\/{rel}","templated":true}]}}