{"id":280327,"date":"2025-07-28T19:41:11","date_gmt":"2025-07-28T19:41:11","guid":{"rendered":"https:\/\/www.europesays.com\/fr\/280327\/"},"modified":"2025-07-28T19:41:11","modified_gmt":"2025-07-28T19:41:11","slug":"les-difficultes-de-deplacement-sont-un-frein-a-lemploi","status":"publish","type":"post","link":"https:\/\/www.europesays.com\/fr\/280327\/","title":{"rendered":"\u00ab\u00a0Les difficult\u00e9s de d\u00e9placement sont un frein \u00e0 l\u2019emploi\u00a0\u00bb"},"content":{"rendered":"<blockquote class=\"question\"><p>Qui sont les demandeurs qui d\u00e9pendent de l\u2019agence\u00a0?<\/p><\/blockquote>\n<p>\u00ab\u00a0Ils sont actuellement un peu plus de 10\u00a0000 inscrits, en l\u00e9g\u00e8re augmentation depuis un an. L\u2019\u00e9volution (+3,7\u00a0%) est cependant moindre qu\u2019\u00e0 l\u2019\u00e9chelle du <a href=\"https:\/\/www.leprogres.fr\/social\/2023\/07\/13\/emploi-nous-sommes-sur-un-bassin-tres-dynamique\" target=\"_blank\" rel=\"noopener\">d\u00e9partement<\/a> (+5,1\u00a0%), le territoire reste dynamique. 14\u00a0% de nos inscrits sont des cadres mais on a aussi six quartiers en politique de la ville (8\u00a0% de nos inscrits)\u00a0: on note une grande vari\u00e9t\u00e9 de publics, tant chez les demandeurs que chez les entreprises, et on essaie de r\u00e9pondre \u00e0 tous et dans nos actions, on est pr\u00e9sents sur tout le territoire.\u00a0\u00bb<\/p>\n<blockquote class=\"question\"><p>Ce territoire est aussi tr\u00e8s diversifi\u00e9\u2026<\/p><\/blockquote>\n<p>\u00ab\u00a0Il est divers et tr\u00e8s \u00e9tendu. Il y a&#8230;<\/p>\n","protected":false},"excerpt":{"rendered":"Qui sont les demandeurs qui d\u00e9pendent de l\u2019agence\u00a0? \u00ab\u00a0Ils sont actuellement un peu plus de 10\u00a0000 inscrits, en&hellip;\n","protected":false},"author":2,"featured_media":280328,"comment_status":"","ping_status":"","sticky":false,"template":"","format":"standard","meta":{"footnotes":""},"categories":[1889],"tags":[1111,11,2430,214,3154,341,1777,674,1011,27,2428,12,15665,15666,25,2429,801],"class_list":{"0":"post-280327","1":"post","2":"type-post","3":"status-publish","4":"format-standard","5":"has-post-thumbnail","7":"category-lyon","8":"tag-actu","9":"tag-actualites","10":"tag-auvergne-rhone-alpes","11":"tag-chomage","12":"tag-edition-sud-lyonnais","13":"tag-emploi","14":"tag-eu","15":"tag-europe","16":"tag-fr","17":"tag-france","18":"tag-lyon","19":"tag-news","20":"tag-oullins-pierre-benite","21":"tag-oullins-ville","22":"tag-republique-francaise","23":"tag-rhone","24":"tag-social"},"share_on_mastodon":{"url":"https:\/\/pubeurope.com\/@fr\/114932566390561796","error":""},"_links":{"self":[{"href":"https:\/\/www.europesays.com\/fr\/wp-json\/wp\/v2\/posts\/280327","targetHints":{"allow":["GET"]}}],"collection":[{"href":"https:\/\/www.europesays.com\/fr\/wp-json\/wp\/v2\/posts"}],"about":[{"href":"https:\/\/www.europesays.com\/fr\/wp-json\/wp\/v2\/types\/post"}],"author":[{"embeddable":true,"href":"https:\/\/www.europesays.com\/fr\/wp-json\/wp\/v2\/users\/2"}],"replies":[{"embeddable":true,"href":"https:\/\/www.europesays.com\/fr\/wp-json\/wp\/v2\/comments?post=280327"}],"version-history":[{"count":0,"href":"https:\/\/www.europesays.com\/fr\/wp-json\/wp\/v2\/posts\/280327\/revisions"}],"wp:featuredmedia":[{"embeddable":true,"href":"https:\/\/www.europesays.com\/fr\/wp-json\/wp\/v2\/media\/280328"}],"wp:attachment":[{"href":"https:\/\/www.europesays.com\/fr\/wp-json\/wp\/v2\/media?parent=280327"}],"wp:term":[{"taxonomy":"category","embeddable":true,"href":"https:\/\/www.europesays.com\/fr\/wp-json\/wp\/v2\/categories?post=280327"},{"taxonomy":"post_tag","embeddable":true,"href":"https:\/\/www.europesays.com\/fr\/wp-json\/wp\/v2\/tags?post=280327"}],"curies":[{"name":"wp","href":"https:\/\/api.w.org\/{rel}","templated":true}]}}