{"id":280333,"date":"2025-07-28T19:46:14","date_gmt":"2025-07-28T19:46:14","guid":{"rendered":"https:\/\/www.europesays.com\/fr\/280333\/"},"modified":"2025-07-28T19:46:14","modified_gmt":"2025-07-28T19:46:14","slug":"legislative-partielle-a-paris-michel-barnier-investi-par-lr-rachida-dati-sera-quand-meme-candidate","status":"publish","type":"post","link":"https:\/\/www.europesays.com\/fr\/280333\/","title":{"rendered":"L\u00e9gislative partielle \u00e0 Paris : Michel Barnier investi par LR, Rachida Dati sera quand m\u00eame candidate"},"content":{"rendered":"<ul class=\"jsx-862013697 ArticleChapo__List\">\n<li class=\"jsx-862013697 ArticleChapo__List_Item flex\">Les R\u00e9publicains ont choisi ce lundi de soutenir Michel Barnier \u00e0 l&rsquo;\u00e9lection l\u00e9gislative partielle qui aura lieu \u00e0 l&rsquo;automne dans la 2\u1d49 circonscription de Paris.<\/li>\n<li class=\"jsx-862013697 ArticleChapo__List_Item flex\">Mais la ministre de la Culture et maire du 7\u1d49 arrondissement de la capitale, Rachida Dati, affirme qu&rsquo;elle sera quand m\u00eame candidate.<\/li>\n<\/ul>\n<p><a href=\"https:\/\/www.tf1info.fr\/actualite\/affaire-renault-rachida-dati-et-carlos-ghosn-renvoyee-en-proces-en-corruption-14320\/\" rel=\"noopener\" class=\"jsx-484472199 Link jsx-1428418400 jsx-609604686\" target=\"_blank\"><\/p>\n<p style=\"font-weight:400\" class=\"jsx-1837267516\">Suivez la couverture compl\u00e8te<\/p>\n<p style=\"font-weight:800\" class=\"jsx-1837267516\">Affaire Renault : Rachida Dati renvoy\u00e9e en proc\u00e8s pour corruption<\/p>\n<p><\/a><\/p>\n<p data-module=\"article-paragraph\" class=\"jsx-3046738180 Paragraph\">Coup de th\u00e9\u00e2tre \u00e0 Paris. La 2\u1d49 circonscription, vacante apr\u00e8s la <a href=\"https:\/\/www.tf1info.fr\/politique\/epr-vojetta-laussucq-bareges-trois-deputes-declares-ineligibles-et-contraints-de-demissionner-2382343.html\" target=\"_blank\" rel=\"noopener\">d\u00e9cision du Conseil constitutionnel de d\u00e9clarer in\u00e9ligible<\/a> le macroniste Jean Laussucq, risque de devenir l&rsquo;\u00e9picentre d&rsquo;une nouvelle guerre fratricide \u00e0 droite. La commission nationale d&rsquo;investiture des R\u00e9publicains a choisi, lundi en fin d&rsquo;apr\u00e8s-midi, de valider la candidature de l&rsquo;ancien Premier ministre Michel Barnier pour l&rsquo;\u00e9lection l\u00e9gislative partielle qui se tiendra \u00e0 l&rsquo;automne. Au d\u00e9triment de Rachida Dati, qui avait fait acte de candidature in extremis au tout d\u00e9but de cette r\u00e9union.\u00a0<\/p>\n<p data-module=\"article-paragraph\" class=\"jsx-3046738180 Paragraph Paragraph__End\">Mais la ministre de la Culture et maire du 7e arrondissement de Paris ne l&rsquo;entend pas de cette oreille. Elle n&rsquo;a pas attendu les r\u00e9sultats pour assurer qu&rsquo;elle se pr\u00e9senterait co\u00fbte que co\u00fbte. \u00ab\u00a0Je suis candidate quoi qu\u2019il arrive dans cette circonscription o\u00f9 les Parisiens attendent une alternance ! Ma d\u00e9termination et mon \u00e9nergie sont pour eux ! Paris ne peut pas souffrir de guerres d\u2019ego qui me sont \u00e9trang\u00e8res\u00a0\u00bb, a-t-elle d\u00e9clar\u00e9 au <a href=\"https:\/\/www.leparisien.fr\/elections\/legislatives\/legislative-partielle-a-paris-je-serai-quoi-quil-arrive-candidate-dati-prete-a-entrer-en-dissidence-28-07-2025-AAIOMYB2HFB4JBKOHBUZBPTERI.php\" target=\"_blank\" rel=\"nofollow noopener\">Parisien (nouvelle fen\u00eatre)<\/a>, juste avant la r\u00e9union de la commission d&rsquo;investiture. Des propos confirm\u00e9s au service politique de TF1\/LCI.<\/p>\n<p>Barnier accus\u00e9 de parachutage<\/p>\n<p data-module=\"article-paragraph\" class=\"jsx-3046738180 Paragraph Paragraph__End\">Michel Barnier, \u00e9ph\u00e9m\u00e8re Premier ministre, s&rsquo;est port\u00e9 candidat le 15 juillet, quelques jours apr\u00e8s la d\u00e9cision du Conseil constitutionnel. Quant \u00e0 Rachida Dati, elle avait laiss\u00e9 planer le doute jusque-l\u00e0. Mais elle n&rsquo;a cess\u00e9 de s&rsquo;opposer \u00e0 une candidature du Savoyard sur ses terres, l&rsquo;accusant de parachutage et voyant d&rsquo;un mauvais \u0153il de possibles ambitions pour la mairie de Paris en 2026 ou la pr\u00e9sidentielle de 2027.<\/p>\n<p><a href=\"https:\/\/www.tf1info.fr\/international\/rachida-dati-gdf-suez-qatar-bijoux-ces-autres-affaires-qui-pesent-sur-la-ministre-2384671.html\" rel=\"noopener\" class=\"jsx-3308031228 Link flex\" target=\"_blank\"><img decoding=\"async\" src=\"https:\/\/www.europesays.com\/fr\/wp-content\/uploads\/2025\/07\/rachida-dati-en-juin-2021-b9f318-0@1x.jpeg\" alt=\"Rachida Dati a \u00e9trill\u00e9 le directeur de campagne de Val\u00e9rie P\u00e9cresse, la candidate investie par son camp pour la pr\u00e9sidentielle.\" loading=\"lazy\" importance=\"low\" fetchpriority=\"low\" class=\"\" aria-hidden=\"true\"\/><\/p>\n<p class=\"jsx-3657663356 ReadMoreArticle__Title\">Lire aussi<\/p>\n<p class=\"jsx-3657663356\">GDF Suez, Qatar, bijoux&#8230; Ces autres affaires qui p\u00e8sent sur Rachida Dati<\/p>\n<p><\/a><\/p>\n<p data-module=\"article-paragraph\" class=\"jsx-3046738180 Paragraph Paragraph__End\">Des proches de la ministre, <a href=\"https:\/\/www.tf1info.fr\/justice-faits-divers\/affaire-carlos-ghosn-proces-pour-corruption-requis-contre-rachida-dati-et-l-ex-pdg-de-renault-nissan-2334367.html\" target=\"_blank\" rel=\"noopener\">renvoy\u00e9e la semaine derni\u00e8re en proc\u00e8s pour corruption et trafic d&rsquo;influence<\/a>, qui brigue la succession d&rsquo;Anne Hidalgo, craignent que Michel Barnier ait, lui aussi, des ambitions pour l&rsquo;H\u00f4tel de Ville si elle ne pouvait pas se pr\u00e9senter, <a href=\"https:\/\/www.tf1info.fr\/politique\/michel-barnier-fait-taire-les-rumeurs-et-assure-n-avoir-aucune-ambition-municipale-a-paris-en-2026-2383828.html\" target=\"_blank\" rel=\"noopener\">ce que l&rsquo;int\u00e9ress\u00e9 a d\u00e9menti (nouvelle fen\u00eatre)<\/a>. Il s&rsquo;agit aussi pour elle de stopper ses hypoth\u00e9tiques ambitions pr\u00e9sidentielles. \u00ab\u00a0J\u2019y vais parce que les Parisiennes et les Parisiens doivent comprendre que cette \u00e9lection ne peut pas servir qu\u2019\u00e0 porter les ambitions pr\u00e9sidentielles de Michel Barnier. C\u2019est un manque de respect pour tout le monde, en plus de son parachutage\u00a0\u00bb, a-t-elle confi\u00e9 au Parisien.<\/p>\n<blockquote class=\"jsx-2786790838 Quote__Text\"><p>Rachida Dati est la mieux plac\u00e9e pour incarner l&rsquo;alternance<\/p><\/blockquote>\n<p>La commission d&rsquo;investiture LR \u00e0 propos des municipales<\/p>\n<p data-module=\"article-paragraph\" class=\"jsx-3046738180 Paragraph\">Dans sa d\u00e9claration de candidature cit\u00e9e par le quotidien francilien, Rachida Dati estime que \u00ab\u00a0pour la premi\u00e8re fois depuis 2001, la droite et le centre peuvent gagner Paris\u00a0\u00bb, et qu&rsquo;elle est candidate \u00e0 cette l\u00e9gislative partielle \u00ab\u00a0car, \u00e0 moins de six mois des prochaines municipales, cette \u00e9lection lancera n\u00e9cessairement le d\u00e9but de la campagne\u00a0\u00bb municipale.<\/p>\n<p data-module=\"article-paragraph\" class=\"jsx-3046738180 Paragraph\">De son c\u00f4t\u00e9, Michel Barnier a donn\u00e9 de nouveaux gages lundi soir. \u00ab\u00a0Je n\u2019ai pas d\u2019ambition municipale. Je veux me consacrer enti\u00e8rement aux habitants de notre circonscription et porter leur voix avec dignit\u00e9 et clart\u00e9\u00a0\u00bb, a-t-il \u00e9crit sur son compte X. \u00ab\u00a0Il n\u2019y aura aucune pol\u00e9mique de mon c\u00f4t\u00e9\u00a0\u00bb, a ajout\u00e9 l&rsquo;ancien ministre.<\/p>\n<p data-module=\"article-paragraph\" class=\"jsx-3046738180 Paragraph Paragraph__End\">De son c\u00f4t\u00e9, la commission nationale d&rsquo;investiture a indiqu\u00e9 que \u00ab\u00a0Rachida Dati est la mieux plac\u00e9e pour incarner l\u2019alternance\u00a0\u00bb dans le cadre des municipales, proposant \u00e0 l&rsquo;int\u00e9resser des \u00ab\u00a0discussions\u00a0\u00bb pour \u00ab\u00a0b\u00e2tir une liste de rassemblement au service des Parisiens\u00a0\u00bb. Des gages qui semblent valider d&rsquo;avance une candidature de la ministre en 2026 dans la capitale.\u00a0<\/p>\n<p>J.F.<\/p>\n","protected":false},"excerpt":{"rendered":"Les R\u00e9publicains ont choisi ce lundi de soutenir Michel Barnier \u00e0 l&rsquo;\u00e9lection l\u00e9gislative partielle qui aura lieu \u00e0&hellip;\n","protected":false},"author":2,"featured_media":280334,"comment_status":"","ping_status":"","sticky":false,"template":"","format":"standard","meta":{"footnotes":""},"categories":[1888],"tags":[1111,1928,11,1927,41973,2618,1921,416,39211,1777,674,1011,27,1922,6319,27636,12,1926,626,1925,417,25,133,4530],"class_list":{"0":"post-280333","1":"post","2":"type-post","3":"status-publish","4":"format-standard","5":"has-post-thumbnail","7":"category-paris","8":"tag-actu","9":"tag-actu-paris","10":"tag-actualites","11":"tag-actualites-paris","12":"tag-affaire-renault-rachida-dati-renvoyee-en-proces-pour-corruption","13":"tag-anne-hidalgo","14":"tag-article-video","15":"tag-assemblee-nationale","16":"tag-conseil-constitutionnel","17":"tag-eu","18":"tag-europe","19":"tag-fr","20":"tag-france","21":"tag-info","22":"tag-les-republicains","23":"tag-michel-barnier","24":"tag-news","25":"tag-news-paris","26":"tag-paris","27":"tag-paris-news","28":"tag-rachida-dati","29":"tag-republique-francaise","30":"tag-video","31":"tag-video-politique"},"share_on_mastodon":{"url":"https:\/\/pubeurope.com\/@fr\/114932585950538400","error":""},"_links":{"self":[{"href":"https:\/\/www.europesays.com\/fr\/wp-json\/wp\/v2\/posts\/280333","targetHints":{"allow":["GET"]}}],"collection":[{"href":"https:\/\/www.europesays.com\/fr\/wp-json\/wp\/v2\/posts"}],"about":[{"href":"https:\/\/www.europesays.com\/fr\/wp-json\/wp\/v2\/types\/post"}],"author":[{"embeddable":true,"href":"https:\/\/www.europesays.com\/fr\/wp-json\/wp\/v2\/users\/2"}],"replies":[{"embeddable":true,"href":"https:\/\/www.europesays.com\/fr\/wp-json\/wp\/v2\/comments?post=280333"}],"version-history":[{"count":0,"href":"https:\/\/www.europesays.com\/fr\/wp-json\/wp\/v2\/posts\/280333\/revisions"}],"wp:featuredmedia":[{"embeddable":true,"href":"https:\/\/www.europesays.com\/fr\/wp-json\/wp\/v2\/media\/280334"}],"wp:attachment":[{"href":"https:\/\/www.europesays.com\/fr\/wp-json\/wp\/v2\/media?parent=280333"}],"wp:term":[{"taxonomy":"category","embeddable":true,"href":"https:\/\/www.europesays.com\/fr\/wp-json\/wp\/v2\/categories?post=280333"},{"taxonomy":"post_tag","embeddable":true,"href":"https:\/\/www.europesays.com\/fr\/wp-json\/wp\/v2\/tags?post=280333"}],"curies":[{"name":"wp","href":"https:\/\/api.w.org\/{rel}","templated":true}]}}