{"id":280345,"date":"2025-07-28T19:52:12","date_gmt":"2025-07-28T19:52:12","guid":{"rendered":"https:\/\/www.europesays.com\/fr\/280345\/"},"modified":"2025-07-28T19:52:12","modified_gmt":"2025-07-28T19:52:12","slug":"accords-etats-unis-ue-le-royaume-uni-vrai-vainqueur","status":"publish","type":"post","link":"https:\/\/www.europesays.com\/fr\/280345\/","title":{"rendered":"Accords \u00c9tats-Unis\/UE : le Royaume-Uni, vrai vainqueur ?"},"content":{"rendered":"<p>L\u2019Union europ\u00e9enne vient de signer un accord commercial avec les \u00c9tats-Unis, mais le go\u00fbt de la victoire a un arri\u00e8re-go\u00fbt amer. Le 27 juillet 2025, \u00e0 l\u2019issue d\u2019un sommet tendu en \u00c9cosse, Ursula von der Leyen a c\u00e9d\u00e9, face \u00e0 Donald Trump, acceptant des droits de douane \u00e0 15 % sur les produits europ\u00e9ens, 750 milliards de dollars d\u2019achats d\u2019\u00e9nergie am\u00e9ricaine et 600 milliards d\u2019investissements outre-Atlantique. Si cet accord \u00e9vite une guerre commerciale, il sonne comme une capitulation pour beaucoup. En France, Fran\u00e7ois Bayrou, Premier ministre, a fustig\u00e9 une Europe \u00ab soumise \u00bb aux diktats am\u00e9ricains, un cri du c\u0153ur partag\u00e9 par nombre de responsables. Le chancelier allemand Friedrich Merz salue une \u00ab stabilit\u00e9 temporaire \u00bb, mais le malaise est palpable : l\u2019UE, colosse \u00e9conomique, semble s\u2019\u00eatre inclin\u00e9e face \u00e0 une Am\u00e9rique inflexible. Pendant ce temps, un autre acteur, plus libre et audacieux, a su tirer son \u00e9pingle du jeu avec brio.<\/p>\n<p>Le Royaume-Uni, agile et triomphant<\/p>\n<p>D\u00e9barrass\u00e9 des lourdeurs bruxelloises depuis le Brexit, le Royaume-Uni a n\u00e9goci\u00e9 un accord commercial avec les \u00c9tats-Unis qui fait des envieux. Moins de droits de douane, des exemptions sectorielles plus g\u00e9n\u00e9reuses : si les d\u00e9tails restent flous, les fuites diplomatiques parlent d\u2019un succ\u00e8s \u00e9clatant pour Londres. Cette agilit\u00e9 s\u2019explique par une libert\u00e9 retrouv\u00e9e. Contrairement \u00e0 l\u2019UE, paralys\u00e9e par les int\u00e9r\u00eats divergents de ses 27 membres, le Royaume-Uni a jou\u00e9 sa partition en solo, avec une rapidit\u00e9 et une pr\u00e9cision qui forcent l\u2019admiration. Viktor Orb\u00e1n, jamais avare de piques, a qualifi\u00e9 l\u2019accord europ\u00e9en de \u00ab p\u00e2le copie \u00bb face \u00e0 celui des Britanniques.<\/p>\n<p>Ce contraste est cruel, pour Bruxelles. L\u2019UE, avec son march\u00e9 de 450 millions d\u2019\u00e2mes, aurait d\u00fb imposer ses conditions. \u00c0 la question d&rsquo;un journaliste, Ursula von der Leyen reconna\u00eet elle-m\u00eame que les \u00c9tats-Unis n&rsquo;ont fait aucune concession dans une r\u00e9ponse stup\u00e9fiante : \u00ab Il est normal de faire ce deal car l\u2019Europe est en exc\u00e9dent par rapport aux USA, donc il faut r\u00e9\u00e9quilibrer cette in\u00e9galit\u00e9. \u00bb<\/p>\n<blockquote class=\"twitter-tweet\">\n<p dir=\"ltr\" lang=\"fr\">\u00c0 \u00e9couter absolument. \u00c0 la question \u00ab Quelles concessions ont fait les USA ? \u00bb, von der Leyen r\u00e9pond en substance : \u00ab Aucune. Il est normal de faire ce deal car l\u2019Europe est en exc\u00e9dent par rapport aux USA, donc il faut r\u00e9\u00e9quilibrer cette in\u00e9galit\u00e9. \u00bb Mais pour qui roule Mme von\u2026 <a href=\"https:\/\/t.co\/zm6wjyOkSh\" rel=\"nofollow\">pic.twitter.com\/zm6wjyOkSh<\/a><\/p>\n<p>\u2014 Rafik Smati (@RafikSmati) <a href=\"https:\/\/twitter.com\/RafikSmati\/status\/1949746055693640088?ref_src=twsrc%5Etfw\" rel=\"nofollow noopener\" target=\"_blank\">July 28, 2025<\/a><\/p>\n<\/blockquote>\n<p>Bayrou, porte-voix d\u2019une Europe humili\u00e9e<\/p>\n<p>Fran\u00e7ois Bayrou n\u2019a pas cach\u00e9 sa col\u00e8re. Dans un message publi\u00e9 sur X, le 28 juillet 2025, il a d\u00e9nonc\u00e9 un \u00ab jour sombre \u00bb pour l\u2019Europe, fustigeant une \u00ab soumission \u00bb face aux exigences am\u00e9ricaines. \u00ab Une alliance de peuples libres ne peut se plier ainsi \u00bb, a-t-il lanc\u00e9, donnant voix \u00e0 une frustration fran\u00e7aise largement partag\u00e9e. Marine Le Pen parle d\u2019un \u00ab fiasco \u00e9conomique et moral \u00bb, Laurent Saint-Martin d\u00e9nonce une \u00ab loi du plus fort \u00bb impos\u00e9e par Washington, tandis qu\u2019Olivier Faure et Jean-Luc M\u00e9lenchon y voient une trahison des id\u00e9aux europ\u00e9ens.<\/p>\n<blockquote class=\"twitter-tweet\">\n<p dir=\"ltr\" lang=\"fr\">L&rsquo;accord commercial conclu par Ursula von der Leyen avec Donald Trump est un fiasco politique, \u00e9conomique et moral.<\/p>\n<p>Politique, car l&rsquo;Union europ\u00e9enne, \u00e0 27 \u00c9tats membres, a obtenu de moins bonnes conditions que le Royaume-Uni. Les souverainet\u00e9s, en mati\u00e8re commerciale, ne\u2026<\/p>\n<p>\u2014 Marine Le Pen (@MLP_officiel) <a href=\"https:\/\/twitter.com\/MLP_officiel\/status\/1949543453060186459?ref_src=twsrc%5Etfw\" rel=\"nofollow noopener\" target=\"_blank\">July 27, 2025<\/a><\/p>\n<\/blockquote>\n<p>Ces critiques soulignent un paradoxe : l\u2019UE, mastodonte \u00e9conomique, s\u2019est inclin\u00e9e l\u00e0 o\u00f9 le Royaume-Uni, plus l\u00e9ger, a su s\u2019imposer. Ce revers ravive les d\u00e9bats sur la souverainet\u00e9 europ\u00e9enne. Face \u00e0 une Am\u00e9rique qui dicte ses termes, l\u2019UE doit-elle repenser sa strat\u00e9gie ? Une chose est s\u00fbre : \u00e0 Londres, on savoure ce succ\u00e8s, tandis qu\u2019\u00e0 Bruxelles, le go\u00fbt de l\u2019amertume domine.<\/p>\n<p>                    <a href=\"#\" rel=\"nofollow\" onclick=\"window.print(); pfTrackEvent('Accords \u00c9tats-Unis\/UE : le Royaume-Uni, vrai vainqueur ?'); return false;\" title=\"Printer Friendly, PDF &amp; Email\"><br \/>\n                    <img decoding=\"async\" src=\"https:\/\/www.europesays.com\/fr\/wp-content\/uploads\/2025\/04\/printfriendly-icon-sm.png\" alt=\"Print Friendly, PDF &amp; Email\" class=\"pf-button-img\" style=\"width: 17px;height: 17px;\"\/>Imprimer, enregistrer en PDF cet article<br \/>\n                    <\/a><br \/>\n                <script async src=\"https:\/\/platform.twitter.com\/widgets.js\" charset=\"utf-8\"><\/script><\/p>\n","protected":false},"excerpt":{"rendered":"L\u2019Union europ\u00e9enne vient de signer un accord commercial avec les \u00c9tats-Unis, mais le go\u00fbt de la victoire a&hellip;\n","protected":false},"author":2,"featured_media":280346,"comment_status":"","ping_status":"","sticky":false,"template":"","format":"standard","meta":{"footnotes":""},"categories":[1588],"tags":[11,1777,674,12,473,1853,1851,1850,1852],"class_list":{"0":"post-280345","1":"post","2":"type-post","3":"status-publish","4":"format-standard","5":"has-post-thumbnail","7":"category-royaume-uni","8":"tag-actualites","9":"tag-eu","10":"tag-europe","11":"tag-news","12":"tag-royaume-uni","13":"tag-royaume-uni-de-grande-bretagne-et-dirlande-du-nord","14":"tag-uk","15":"tag-united-kingdom","16":"tag-united-kingdom-of-great-britain-and-northern-ireland"},"share_on_mastodon":{"url":"https:\/\/pubeurope.com\/@fr\/114932609768553008","error":""},"_links":{"self":[{"href":"https:\/\/www.europesays.com\/fr\/wp-json\/wp\/v2\/posts\/280345","targetHints":{"allow":["GET"]}}],"collection":[{"href":"https:\/\/www.europesays.com\/fr\/wp-json\/wp\/v2\/posts"}],"about":[{"href":"https:\/\/www.europesays.com\/fr\/wp-json\/wp\/v2\/types\/post"}],"author":[{"embeddable":true,"href":"https:\/\/www.europesays.com\/fr\/wp-json\/wp\/v2\/users\/2"}],"replies":[{"embeddable":true,"href":"https:\/\/www.europesays.com\/fr\/wp-json\/wp\/v2\/comments?post=280345"}],"version-history":[{"count":0,"href":"https:\/\/www.europesays.com\/fr\/wp-json\/wp\/v2\/posts\/280345\/revisions"}],"wp:featuredmedia":[{"embeddable":true,"href":"https:\/\/www.europesays.com\/fr\/wp-json\/wp\/v2\/media\/280346"}],"wp:attachment":[{"href":"https:\/\/www.europesays.com\/fr\/wp-json\/wp\/v2\/media?parent=280345"}],"wp:term":[{"taxonomy":"category","embeddable":true,"href":"https:\/\/www.europesays.com\/fr\/wp-json\/wp\/v2\/categories?post=280345"},{"taxonomy":"post_tag","embeddable":true,"href":"https:\/\/www.europesays.com\/fr\/wp-json\/wp\/v2\/tags?post=280345"}],"curies":[{"name":"wp","href":"https:\/\/api.w.org\/{rel}","templated":true}]}}