{"id":280361,"date":"2025-07-28T20:02:14","date_gmt":"2025-07-28T20:02:14","guid":{"rendered":"https:\/\/www.europesays.com\/fr\/280361\/"},"modified":"2025-07-28T20:02:14","modified_gmt":"2025-07-28T20:02:14","slug":"classement-atp-le-montpellierain-arthur-cazaux-gagne-des-places-suite-au-tournoi-de-kitzbuhel","status":"publish","type":"post","link":"https:\/\/www.europesays.com\/fr\/280361\/","title":{"rendered":"Classement ATP\u00a0: le Montpelli\u00e9rain Arthur Cazaux gagne des places suite au tournoi de Kitzb\u00fchel"},"content":{"rendered":"<p>\n                                                                Le classement ATP a \u00e9t\u00e9 mis \u00e0 jour, ce lundi 28\u00a0juillet. Le Montpelli\u00e9rain Arthur Cazaux a gagn\u00e9 25 places, gr\u00e2ce \u00e0 sa finale de l\u2019ATP de Kitzb\u00fchel, et se classe 75e mondial.\n                            <\/p>\n<p>De plus en plus proche de son meilleur classement. Arthur Cazaux est devenu 75e mondial, ce lundi 28\u00a0juillet, apr\u00e8s la mise \u00e0 jour du classement ATP. Le Montpelli\u00e9rain a gagn\u00e9 25 places suite \u00e0 sa finale perdue face \u00e0\u00a0Alexander Bublik, lors de l\u2019ATP de Kitzb\u00fchel. Il se rapproche de la 63e place qu\u2019il avait atteinte en d\u00e9cembre dernier, et qui est toujours \u00e0 ce jour, son meilleur classement.<\/p>\n<blockquote data-class=\"twitter-tweet\">\n<p lang=\"fr\" dir=\"ltr\">ACTUALISATION TOP 20 ATP \\ud83d\\udcca<\/p>\n<p>\\ud83d\\udd39 Ben Shelton grimpe 7e et atteint son meilleur classement<br \/>\\ud83d\\udd39 Alex De Minaur retrouve le TOP 10<br \/>\\ud83d\\udd39 Lorenzo Musetti perd trois places<br \/>\\ud83d\\udd39 Alejandro Davidovich Fokina int\u00e8gre le TOP 20 <a href=\"https:\/\/t.co\/BM2QWfrWFE\" rel=\"nofollow\">pic.twitter.com\/BM2QWfrWFE<\/a><\/p>\n<p>\u2014 Univers Tennis \\ud83c\\udfbe (@UniversTennis) <a href=\"https:\/\/twitter.com\/UniversTennis\/status\/1949779638370156800?ref_src=twsrc%5Etfw\" rel=\"nofollow noopener\" target=\"_blank\">July 28, 2025<\/a><\/p><\/blockquote>\n<p>Pas le seul Fran\u00e7ais \u00e0\u00a0avoir gagn\u00e9 des places<\/p>\n<p>Corentin Moutet a lui aussi fait fort en acc\u00e9dant au Top 50 mondial (46e), apr\u00e8s sa demi-finale \u00e0 l\u2019ATP 500 de Washington. Le num\u00e9ro\u00a01 fran\u00e7ais reste cependant, toujours Arthur Fils, qui n\u2019a pas boug\u00e9 de sa 21e place, malgr\u00e9 sa blessure \u00e0 Roland-Garros, qui l\u2019a \u00e9loign\u00e9 des courts depuis.<\/p>\n<p>Arthur Cazaux devient, tant qu\u2019\u00e0 lui, le num\u00e9ro\u00a010 fran\u00e7ais, derri\u00e8re Arthur Fils (21e), Ugo Humbert (23e), Alexandre M\u00fcller (40e), Giovanni Mpetshi Perricard (43e), Corentin Moutet (46e), Ga\u00ebl Monfils (48e), Arthur Rinderknech (64e), Benjamin Bonzi (66e) et Quentin Halys (69e).<\/p>\n<p>                                                                                                                                                                                                        <script async src=\"https:\/\/platform.twitter.com\/widgets.js\" charset=\"utf-8\"><\/script><\/p>\n","protected":false},"excerpt":{"rendered":"Le classement ATP a \u00e9t\u00e9 mis \u00e0 jour, ce lundi 28\u00a0juillet. Le Montpelli\u00e9rain Arthur Cazaux a gagn\u00e9 25&hellip;\n","protected":false},"author":2,"featured_media":280362,"comment_status":"","ping_status":"","sticky":false,"template":"","format":"standard","meta":{"footnotes":""},"categories":[1415],"tags":[1011,27,60,1467],"class_list":{"0":"post-280361","1":"post","2":"type-post","3":"status-publish","4":"format-standard","5":"has-post-thumbnail","7":"category-tennis","8":"tag-fr","9":"tag-france","10":"tag-sports","11":"tag-tennis"},"share_on_mastodon":{"url":"https:\/\/pubeurope.com\/@fr\/114932648658552448","error":""},"_links":{"self":[{"href":"https:\/\/www.europesays.com\/fr\/wp-json\/wp\/v2\/posts\/280361","targetHints":{"allow":["GET"]}}],"collection":[{"href":"https:\/\/www.europesays.com\/fr\/wp-json\/wp\/v2\/posts"}],"about":[{"href":"https:\/\/www.europesays.com\/fr\/wp-json\/wp\/v2\/types\/post"}],"author":[{"embeddable":true,"href":"https:\/\/www.europesays.com\/fr\/wp-json\/wp\/v2\/users\/2"}],"replies":[{"embeddable":true,"href":"https:\/\/www.europesays.com\/fr\/wp-json\/wp\/v2\/comments?post=280361"}],"version-history":[{"count":0,"href":"https:\/\/www.europesays.com\/fr\/wp-json\/wp\/v2\/posts\/280361\/revisions"}],"wp:featuredmedia":[{"embeddable":true,"href":"https:\/\/www.europesays.com\/fr\/wp-json\/wp\/v2\/media\/280362"}],"wp:attachment":[{"href":"https:\/\/www.europesays.com\/fr\/wp-json\/wp\/v2\/media?parent=280361"}],"wp:term":[{"taxonomy":"category","embeddable":true,"href":"https:\/\/www.europesays.com\/fr\/wp-json\/wp\/v2\/categories?post=280361"},{"taxonomy":"post_tag","embeddable":true,"href":"https:\/\/www.europesays.com\/fr\/wp-json\/wp\/v2\/tags?post=280361"}],"curies":[{"name":"wp","href":"https:\/\/api.w.org\/{rel}","templated":true}]}}