{"id":280373,"date":"2025-07-28T20:09:10","date_gmt":"2025-07-28T20:09:10","guid":{"rendered":"https:\/\/www.europesays.com\/fr\/280373\/"},"modified":"2025-07-28T20:09:10","modified_gmt":"2025-07-28T20:09:10","slug":"une-cathedrale-verte-surgie-du-desert-bofill-taller-faconne-des-arches-spectaculaires-autour-dun-audacieux-auditorium-au-maroc","status":"publish","type":"post","link":"https:\/\/www.europesays.com\/fr\/280373\/","title":{"rendered":"\u00ab Une cath\u00e9drale verte surgie du d\u00e9sert \u00bb : Bofill Taller fa\u00e7onne des arches spectaculaires autour d\u2019un audacieux auditorium au Maroc"},"content":{"rendered":"<tr>\n<td><strong>EN BREF<\/strong><\/td>\n<\/tr>\n<tr>\n<td>\n<ul>\n<li>\ud83c\udfad Le <strong>Centre de Congr\u00e8s<\/strong> soutient une diversit\u00e9 d\u2019\u00e9v\u00e9nements, renfor\u00e7ant la <strong>connectivit\u00e9<\/strong> universitaire.<\/li>\n<li>\ud83c\udfee Le projet de <strong>Heatherwick Studio<\/strong> \u00e0 Bangkok s\u2019inspire des <strong>lanternes tha\u00eflandaises<\/strong>, fusionnant tradition et modernit\u00e9.<\/li>\n<li>\ud83c\udf0d L\u2019Ukraine et Gaza figurent parmi les sites n\u00e9cessitant une <strong>protection<\/strong> sur la liste des monuments mondiaux.<\/li>\n<li>\ud83c\udf69 Le petit <strong>dessert shop<\/strong> d\u2019Ath\u00e8nes impressionne avec son utilisation ing\u00e9nieuse de l\u2019espace et son design fluide.<\/li>\n<\/ul>\n<\/td>\n<\/tr>\n<p>Dans le domaine de l\u2019architecture et de l\u2019urbanisme, chaque projet repr\u00e9sente une opportunit\u00e9 d\u2019enrichir et de dynamiser les espaces urbains. Les initiatives r\u00e9centes d\u00e9montrent cette capacit\u00e9 \u00e0 transformer des lieux ordinaires en espaces d\u2019interaction et de culture. Des projets comme le Centre de Congr\u00e8s illustrent comment l\u2019architecture peut soutenir des \u00e9v\u00e9nements vari\u00e9s, allant des conf\u00e9rences acad\u00e9miques aux performances publiques. De plus, ces r\u00e9alisations contribuent \u00e0 l\u2019entit\u00e9 et \u00e0 la connectivit\u00e9 des plans directeurs universitaires, renfor\u00e7ant ainsi le tissu social et intellectuel des communaut\u00e9s. Dans cet article, nous explorerons quelques exemples inspirants qui incarnent cette vision.<\/p>\n<p>Les multiples fonctions du Centre de Congr\u00e8s<\/p>\n<p>Le <strong>Centre de Congr\u00e8s<\/strong> joue un r\u00f4le crucial dans la promotion des \u00e9v\u00e9nements culturels et \u00e9ducatifs. En soutenant des conf\u00e9rences acad\u00e9miques, des expositions publiques et des performances artistiques, il offre une plateforme dynamique pour l\u2019\u00e9change de savoirs et de cr\u00e9ativit\u00e9. Ce centre n\u2019est pas seulement un lieu physique; il est le c\u0153ur battant d\u2019une communaut\u00e9 universitaire, favorisant l\u2019interconnexion entre les \u00e9tudiants, les enseignants et le public. La conception du centre int\u00e8gre des espaces modulables, permettant une adaptation rapide aux besoins vari\u00e9s des \u00e9v\u00e9nements. Gr\u00e2ce \u00e0 son architecture innovante, le Centre de Congr\u00e8s se fond harmonieusement dans le plan directeur de l\u2019universit\u00e9, renfor\u00e7ant ainsi l\u2019identit\u00e9 collective et la connectivit\u00e9 de l\u2019institution.<\/p>\n<blockquote class=\"wp-embedded-content\" data-secret=\"tmo2pnR5l3\">\n<p><a href=\"https:\/\/hellobiz.fr\/2025\/07\/17\/un-colosse-de-bois-face-au-beton-roi-ce-projet-americain-de-gratte-ciel-de-182-metres-bouscule-larchitecture-traditionnelle\/\" rel=\"nofollow noopener\" target=\"_blank\">Un colosse de bois face au b\u00e9ton roi : ce projet am\u00e9ricain de gratte-ciel de 182 m\u00e8tres bouscule l\u2019architecture traditionnelle<\/a><\/p>\n<\/blockquote>\n<p>Heatherwick Studio et l\u2019inspiration des lanternes tha\u00eflandaises<\/p>\n<p>Le projet novateur de <strong>Heatherwick Studio<\/strong> \u00e0 Bangkok s\u2019inspire des lanternes traditionnelles tha\u00eflandaises, un symbole culturel fort. Ce d\u00e9veloppement marque la premi\u00e8re incursion du studio en Tha\u00eflande, incarnant une fusion entre tradition et modernit\u00e9. La composition empil\u00e9e de volumes arrondis et illumin\u00e9s cr\u00e9e un jeu de lumi\u00e8res captivant qui \u00e9voque les lanternes flottantes lors des festivals. Ce projet souligne l\u2019importance de l\u2019architecture comme outil de pr\u00e9servation et de c\u00e9l\u00e9bration des cultures locales dans un contexte urbain en pleine \u00e9volution. Le design de Heatherwick Studio illustre comment l\u2019int\u00e9gration de motifs culturels traditionnels peut enrichir la valeur esth\u00e9tique et fonctionnelle d\u2019un espace urbain moderne.<\/p>\n<blockquote class=\"wp-embedded-content\" data-secret=\"AgzhpOdjZL\">\n<p><a href=\"https:\/\/hellobiz.fr\/2025\/07\/10\/ce-gratte-ciel-va-faire-trembler-le-monde-entier-cette-tour-residentielle-de-457-metres-va-metamorphoser-lhorizon-de-dubai-et-defier-limpossible\/\" rel=\"nofollow noopener\" target=\"_blank\">\u00ab Ce gratte-ciel va faire trembler le monde entier \u00bb : cette tour r\u00e9sidentielle de 457 m\u00e8tres va m\u00e9tamorphoser l\u2019horizon de Duba\u00ef et d\u00e9fier l\u2019impossible<\/a><\/p>\n<\/blockquote>\n<p>Le projet architectural en Ukraine et \u00e0 Gaza sur la liste des monuments mondiaux<\/p>\n<p>L\u2019Ukraine et Gaza figurent parmi les <strong>25 sites<\/strong> inscrits sur la liste de surveillance des monuments mondiaux pour 2025. Ces sites, s\u00e9lectionn\u00e9s pour leur apport exceptionnel \u00e0 l\u2019h\u00e9ritage culturel mondial, n\u00e9cessitent une protection urgente face aux menaces actuelles. En mettant en lumi\u00e8re ces lieux, la liste attire l\u2019attention internationale sur leur importance historique et culturelle, tout en mobilisant des ressources pour leur pr\u00e9servation. Ce classement souligne le r\u00f4le crucial de l\u2019architecture non seulement en tant qu\u2019expression artistique, mais aussi comme gardienne de la m\u00e9moire collective. Prot\u00e9ger ces sites, c\u2019est pr\u00e9server un lien tangible avec notre pass\u00e9 tout en inspirant les g\u00e9n\u00e9rations futures.<\/p>\n<blockquote class=\"wp-embedded-content\" data-secret=\"SXbBVNFfme\">\n<p><a href=\"https:\/\/hellobiz.fr\/2025\/07\/10\/cette-maison-est-plus-petite-quune-place-de-parking-decouvrez-la-birdhouse-modular-le-bijou-dingeniosite-qui-reinvente-la-vie-en-petit-espace\/\" rel=\"nofollow noopener\" target=\"_blank\">\u00ab Cette maison est plus petite qu\u2019une place de parking \u00bb : d\u00e9couvrez la Birdhouse Modular, le bijou d\u2019ing\u00e9niosit\u00e9 qui r\u00e9invente la vie en petit espace<\/a><\/p>\n<\/blockquote>\n<p>Un dessert shop innovant par 314 Architecture Studio \u00e0 Ath\u00e8nes<\/p>\n<p>Le <strong>dessert shop<\/strong> con\u00e7u par 314 Architecture Studio \u00e0 Ath\u00e8nes transforme un espace de seulement 20 m\u00e8tres carr\u00e9s en une exp\u00e9rience sensorielle unique. Sa fa\u00e7ade douce, orn\u00e9e de carreaux de c\u00e9ramique, invite les passants \u00e0 d\u00e9couvrir des beignets grecs dans un cadre fluide et accueillant. Ce projet d\u00e9montre comment une conception r\u00e9fl\u00e9chie peut maximiser l\u2019utilisation d\u2019un espace restreint tout en offrant une exp\u00e9rience visuelle et gustative m\u00e9morable. En int\u00e9grant des formes fluides et des mat\u00e9riaux locaux, 314 Architecture Studio parvient \u00e0 cr\u00e9er un lieu attrayant qui s\u2019int\u00e8gre harmonieusement dans le paysage urbain d\u2019Ath\u00e8nes.<\/p>\n<p>En observant ces projets, il est clair que l\u2019architecture contemporaine joue un r\u00f4le central dans le fa\u00e7onnement de notre environnement urbain. Chaque initiative, qu\u2019elle soit centr\u00e9e sur la culture, la tradition ou l\u2019innovation, contribue \u00e0 enrichir notre quotidien. Ces exemples montrent comment des conceptions bien pens\u00e9es peuvent transformer des espaces en v\u00e9ritables moteurs de lien social et d\u2019\u00e9change culturel. En quoi d\u2019autres projets architecturaux pourraient-ils \u00e9galement transformer nos villes et renforcer les liens communautaires?<\/p>\n<p>Cet article s\u2019appuie sur des sources v\u00e9rifi\u00e9es et l\u2019assistance de technologies \u00e9ditoriales.<\/p>\n<p id=\"rating\">\u00c7a vous a plu ?\u00a04.4\/5 (25)<\/p>\n","protected":false},"excerpt":{"rendered":"EN BREF \ud83c\udfad Le Centre de Congr\u00e8s soutient une diversit\u00e9 d\u2019\u00e9v\u00e9nements, renfor\u00e7ant la connectivit\u00e9 universitaire. \ud83c\udfee Le projet&hellip;\n","protected":false},"author":2,"featured_media":280374,"comment_status":"","ping_status":"","sticky":false,"template":"","format":"standard","meta":{"footnotes":""},"categories":[1358],"tags":[1348,1384,1385,1386,58,59,1011,27],"class_list":{"0":"post-280373","1":"post","2":"type-post","3":"status-publish","4":"format-standard","5":"has-post-thumbnail","7":"category-arts-et-design","8":"tag-arts","9":"tag-arts-and-design","10":"tag-arts-et-design","11":"tag-design","12":"tag-divertissement","13":"tag-entertainment","14":"tag-fr","15":"tag-france"},"share_on_mastodon":{"url":"https:\/\/pubeurope.com\/@fr\/114932676310002588","error":""},"_links":{"self":[{"href":"https:\/\/www.europesays.com\/fr\/wp-json\/wp\/v2\/posts\/280373","targetHints":{"allow":["GET"]}}],"collection":[{"href":"https:\/\/www.europesays.com\/fr\/wp-json\/wp\/v2\/posts"}],"about":[{"href":"https:\/\/www.europesays.com\/fr\/wp-json\/wp\/v2\/types\/post"}],"author":[{"embeddable":true,"href":"https:\/\/www.europesays.com\/fr\/wp-json\/wp\/v2\/users\/2"}],"replies":[{"embeddable":true,"href":"https:\/\/www.europesays.com\/fr\/wp-json\/wp\/v2\/comments?post=280373"}],"version-history":[{"count":0,"href":"https:\/\/www.europesays.com\/fr\/wp-json\/wp\/v2\/posts\/280373\/revisions"}],"wp:featuredmedia":[{"embeddable":true,"href":"https:\/\/www.europesays.com\/fr\/wp-json\/wp\/v2\/media\/280374"}],"wp:attachment":[{"href":"https:\/\/www.europesays.com\/fr\/wp-json\/wp\/v2\/media?parent=280373"}],"wp:term":[{"taxonomy":"category","embeddable":true,"href":"https:\/\/www.europesays.com\/fr\/wp-json\/wp\/v2\/categories?post=280373"},{"taxonomy":"post_tag","embeddable":true,"href":"https:\/\/www.europesays.com\/fr\/wp-json\/wp\/v2\/tags?post=280373"}],"curies":[{"name":"wp","href":"https:\/\/api.w.org\/{rel}","templated":true}]}}