{"id":280383,"date":"2025-07-28T20:14:12","date_gmt":"2025-07-28T20:14:12","guid":{"rendered":"https:\/\/www.europesays.com\/fr\/280383\/"},"modified":"2025-07-28T20:14:12","modified_gmt":"2025-07-28T20:14:12","slug":"le-premier-cas-autochtone-detecte-dans-les-landes","status":"publish","type":"post","link":"https:\/\/www.europesays.com\/fr\/280383\/","title":{"rendered":"le premier cas autochtone d\u00e9tect\u00e9 dans les Landes"},"content":{"rendered":"<p>Il s\u2019agit du premier cas autochtone de chikungunya d\u00e9tect\u00e9 en Nouvelle-Aquitaine. Dans un communiqu\u00e9 de presse publi\u00e9 ce lundi 28\u00a0juillet 2025, l\u2019Agence r\u00e9gionale de sant\u00e9 (ARS) Nouvelle-Aquitaine a annonc\u00e9 la d\u00e9tection du premier cas de cette nature dans la commune de Dax (Landes). Le pr\u00e9c\u00e9dent cas d\u00e9tect\u00e9 en Gironde, il y a quelques semaines, a \u00e9t\u00e9 invalid\u00e9 par le Centre national de r\u00e9f\u00e9rence arbovirus.<\/p>\n<p>\u00ab\u00a0Des mesures imm\u00e9diates ont \u00e9t\u00e9 mises en \u0153uvre afin d\u2019\u00e9liminer les g\u00eetes larvaires et les moustiques adultes qui peuvent transmettre le virus\u00a0\u00bb, pr\u00e9cise le communiqu\u00e9. Cette maladie se transmet de personne \u00e0 personne, uniquement par l\u2019interm\u00e9diaire de la piq\u00fbre du moustique tigre, pr\u00e9sent en m\u00e9tropole, infect\u00e9 par le virus du chikungunya.<\/p>\n<blockquote><p>Ce traitement pr\u00e9ventif, exceptionnel, a pour objectif d\u2019\u00e9viter une cha\u00eene de transmission locale de la maladie\u00a0\u00bb<\/p><\/blockquote>\n<p>Des op\u00e9rations de d\u00e9moustication devraient avoir lieu dans les lieux fr\u00e9quent\u00e9s par la personne malade dans les communes de Dax, Tosse et Saint-Vincent-de-Tyrosse notamment. \u00c0 Dax, l\u2019op\u00e9ration devait se d\u00e9rouler dans la nuit de lundi\u00a028 \u00e0 mardi 29\u00a0juillet. \u00ab\u00a0Ce traitement pr\u00e9ventif, exceptionnel, a pour objectif d\u2019\u00e9viter une cha\u00eene de transmission locale de la maladie\u00a0\u00bb, peut-on lire sur les affichettes dispos\u00e9es aux coins des rues.<\/p>\n<p>        <img decoding=\"async\" id=\"25406702\" src=\"https:\/\/www.europesays.com\/fr\/wp-content\/uploads\/2025\/07\/img-2134.jpg\" alt=\"Des affichettes de ce type ont \u00e9t\u00e9 placard\u00e9es dans les rues de Dax pour pr\u00e9venir de l\u2019op\u00e9ration de d\u00e9moustication.\" itemprop=\"contentURL\"\/><\/p>\n<p>    Des affichettes de ce type ont \u00e9t\u00e9 placard\u00e9es dans les rues de Dax pour pr\u00e9venir de l\u2019op\u00e9ration de d\u00e9moustication.<\/p>\n<p>N. A.\u00a0\/so<\/p>\n<p>    \u00ab\u00a0Sous contr\u00f4le\u00a0\u00bb<\/p>\n<p>Contact\u00e9, le maire de Dax, Julien Dubois, confirme que cette op\u00e9ration a lieu dans un p\u00e9rim\u00e8tre \u00e9largi autour du centre-ville. \u00ab\u00a0Nous travaillons en \u00e9troite collaboration avec l\u2019ARS \u00e0 ce sujet. La situation est sous contr\u00f4le. La Ville accompagnera et rassurera la population.\u00a0\u00bb<\/p>\n<p>Afin de se prot\u00e9ger des piq\u00fbres de moustique, l\u2019ARS invite la population \u00e0 \u00ab\u00a0appliquer un r\u00e9pulsif cutan\u00e9, notamment le matin et en fin de journ\u00e9e, apr\u00e8s avoir pris conseil aupr\u00e8s d\u2019un pharmacien sur le produit \u00e0 utiliser\u00a0\u00bb dans les zones pr\u00e9c\u00e9demment cit\u00e9es.<\/p>\n<p>        <img decoding=\"async\" id=\"25097227\" src=\"https:\/\/media.sudouest.fr\/25405923\/1200x-1\/dambin-3.jfif?v=1753728264\" alt=\"Diff\u00e9rentes op\u00e9rations de d\u00e9moustication vont avoir lieu dans les prochains jours.\" itemprop=\"contentURL\"\/><\/p>\n<p>    Diff\u00e9rentes op\u00e9rations de d\u00e9moustication vont avoir lieu dans les prochains jours.<\/p>\n<p>Illustration Thierry David\/SO<\/p>\n<p>L\u2019ARS Nouvelle-Aquitaine et Sant\u00e9 publique France r\u00e9aliseront une enqu\u00eate \u00ab\u00a0en porte-\u00e0-porte\u00a0\u00bb pour s\u2019assurer que de nouveaux cas ne passent pas entre les mailles du filet. \u00ab\u00a0L\u2019objectif est d\u2019identifier des personnes qui auraient pr\u00e9sent\u00e9 dans les semaines pr\u00e9c\u00e9dentes ou qui pr\u00e9senteraient actuellement des sympt\u00f4mes \u00e9vocateurs du chikungunya.\u00a0\u00bb<\/p>\n<p>Supprimer les \u00ab\u00a0eaux stagnantes\u00a0\u00bb<\/p>\n<p>Les sympt\u00f4mes se caract\u00e9risent par une fi\u00e8vre sup\u00e9rieure \u00e0 38,5\u00a0\u00b0C, des douleurs articulaires, une \u00e9ruption cutan\u00e9e, de la fatigue et des douleurs musculaires. Il est demand\u00e9 aux personnes pr\u00e9sentant ces sympt\u00f4mes de \u00ab\u00a0consulter imm\u00e9diatement leur m\u00e9decin traitant\u00a0\u00bb.<\/p>\n<p>Pour \u00e9viter la prolif\u00e9ration des moustiques, l\u2019ARS rappelle l\u2019importance de \u00ab\u00a0supprimer les eaux stagnantes\u00a0\u00bb, comme \u00ab\u00a0vider les coupelles des plantes et tout ce qui retient de petites quantit\u00e9s d\u2019eau, ou ranger \u00e0 l\u2019abri de la pluie tout ce qui peut contenir de l\u2019eau\u00a0\u00bb.<\/p>\n<p>Pour rappel, on parle de cas \u00ab\u00a0autochtone\u00a0\u00bb lorsqu\u2019une personne a contract\u00e9 la maladie sur le territoire national et n\u2019a pas voyag\u00e9 en zone contamin\u00e9e dans les quinze jours pr\u00e9c\u00e9dant l\u2019apparition des sympt\u00f4mes. Depuis le 1er\u00a0mai, d\u00e9but de la surveillance renforc\u00e9e, et jusqu\u2019au 1er\u00a0juillet 2025, 14\u00a0cas ont \u00e9t\u00e9 d\u00e9tect\u00e9s en France.<\/p>\n","protected":false},"excerpt":{"rendered":"Il s\u2019agit du premier cas autochtone de chikungunya d\u00e9tect\u00e9 en Nouvelle-Aquitaine. Dans un communiqu\u00e9 de presse publi\u00e9 ce&hellip;\n","protected":false},"author":2,"featured_media":280384,"comment_status":"","ping_status":"","sticky":false,"template":"","format":"standard","meta":{"footnotes":""},"categories":[10],"tags":[1011,27,72,71],"class_list":{"0":"post-280383","1":"post","2":"type-post","3":"status-publish","4":"format-standard","5":"has-post-thumbnail","7":"category-sante","8":"tag-fr","9":"tag-france","10":"tag-health","11":"tag-sante"},"share_on_mastodon":{"url":"https:\/\/pubeurope.com\/@fr\/114932695915562751","error":""},"_links":{"self":[{"href":"https:\/\/www.europesays.com\/fr\/wp-json\/wp\/v2\/posts\/280383","targetHints":{"allow":["GET"]}}],"collection":[{"href":"https:\/\/www.europesays.com\/fr\/wp-json\/wp\/v2\/posts"}],"about":[{"href":"https:\/\/www.europesays.com\/fr\/wp-json\/wp\/v2\/types\/post"}],"author":[{"embeddable":true,"href":"https:\/\/www.europesays.com\/fr\/wp-json\/wp\/v2\/users\/2"}],"replies":[{"embeddable":true,"href":"https:\/\/www.europesays.com\/fr\/wp-json\/wp\/v2\/comments?post=280383"}],"version-history":[{"count":0,"href":"https:\/\/www.europesays.com\/fr\/wp-json\/wp\/v2\/posts\/280383\/revisions"}],"wp:featuredmedia":[{"embeddable":true,"href":"https:\/\/www.europesays.com\/fr\/wp-json\/wp\/v2\/media\/280384"}],"wp:attachment":[{"href":"https:\/\/www.europesays.com\/fr\/wp-json\/wp\/v2\/media?parent=280383"}],"wp:term":[{"taxonomy":"category","embeddable":true,"href":"https:\/\/www.europesays.com\/fr\/wp-json\/wp\/v2\/categories?post=280383"},{"taxonomy":"post_tag","embeddable":true,"href":"https:\/\/www.europesays.com\/fr\/wp-json\/wp\/v2\/tags?post=280383"}],"curies":[{"name":"wp","href":"https:\/\/api.w.org\/{rel}","templated":true}]}}