{"id":280388,"date":"2025-07-28T20:17:10","date_gmt":"2025-07-28T20:17:10","guid":{"rendered":"https:\/\/www.europesays.com\/fr\/280388\/"},"modified":"2025-07-28T20:17:10","modified_gmt":"2025-07-28T20:17:10","slug":"des-videos-racistes-generees-par-ia-deferlent-sur-les-reseaux-sociaux-francais","status":"publish","type":"post","link":"https:\/\/www.europesays.com\/fr\/280388\/","title":{"rendered":"Des vid\u00e9os racistes g\u00e9n\u00e9r\u00e9es par IA d\u00e9ferlent sur les r\u00e9seaux sociaux fran\u00e7ais"},"content":{"rendered":"\n<p class=\"article__paragraph article__paragraph--lf \">Un gorille se balade dans la rue avec son cochon de compagnie, tombe nez \u00e0 nez avec des femmes voil\u00e9es faisant la queue devant la Caisse d\u2019allocations familiales, et lib\u00e8re le porc sur ces derni\u00e8res pour les faire fuir. Voil\u00e0, dans les grandes lignes, le contenu d\u2019une des nombreuses vid\u00e9os racistes \u00e0 succ\u00e8s sur TikTok. Avec une pr\u00e9cision importante\u00a0: elle est int\u00e9gralement con\u00e7ue avec Veo 3, le dernier outil de g\u00e9n\u00e9ration vid\u00e9o par intelligence artificielle de Google.<\/p>\n<p>   Lire plus tard  <\/p>\n<p class=\"article__paragraph article__paragraph--lf \">Le temps o\u00f9 ces vid\u00e9os suscitaient l\u2019hilarit\u00e9 g\u00e9n\u00e9rale par leurs approximations visuelles grossi\u00e8res est r\u00e9volu. Malgr\u00e9 quelques accrocs, les mod\u00e8les comme Veo 3 s\u2019approchent d\u00e9sormais d\u2019un r\u00e9alisme bluffant. Quelques heures apr\u00e8s sa sortie publique, en mai, les r\u00e9seaux sociaux \u00e9taient inond\u00e9s de vid\u00e9os artificielles reproduisant des formats tr\u00e8s populaires sur Internet, du micro-trottoir au vlog film\u00e9 en selfie. Un flot continu\u2026 souvent aliment\u00e9 par des st\u00e9r\u00e9otypes \u00e0 l\u2019encontre des personnes noires, arabes, asiatiques ou encore juives.<\/p>\n<p>                <strong>\u00ab\u00a0Associer l\u2019homme noir au singe\u00a0\u00bb<\/strong>           <\/p>\n<p class=\"article__paragraph article__paragraph--lf \">Le Monde a ainsi identifi\u00e9 17 comptes fran\u00e7ais publiant ce genre de contenus et agr\u00e9geant chacun au moins plusieurs centaines de milliers de vues, principalement sur TikTok. Tous les clich\u00e9s s\u2019y retrouvent. Ici, deux enfants noirs s\u2019affrontent dans un ring autour d\u2019un bucket (seau) de poulet KFC. L\u00e0, une femme blonde se filme dans une cave entour\u00e9e de huit hommes noirs torse nu. \u00ab\u00a0Salut Papa, je t\u2019envoie cette vid\u00e9o pour te dire que je vais me faire prendre comme une [pute]\u00a0\u00bb, dit-elle.<\/p>\n<p class=\"reading-mode-only \"><strong>Il vous reste 80.14% de cet article \u00e0 lire. La suite est r\u00e9serv\u00e9e aux abonn\u00e9s.<\/strong><\/p>\n","protected":false},"excerpt":{"rendered":"Un gorille se balade dans la rue avec son cochon de compagnie, tombe nez \u00e0 nez avec des&hellip;\n","protected":false},"author":2,"featured_media":280389,"comment_status":"","ping_status":"","sticky":false,"template":"","format":"standard","meta":{"footnotes":""},"categories":[7],"tags":[1011,27,43,40,41,39,42,44],"class_list":{"0":"post-280388","1":"post","2":"type-post","3":"status-publish","4":"format-standard","5":"has-post-thumbnail","7":"category-sciences-et-technologies","8":"tag-fr","9":"tag-france","10":"tag-science","11":"tag-science-and-technology","12":"tag-sciences","13":"tag-sciences-et-technologies","14":"tag-technologies","15":"tag-technology"},"share_on_mastodon":{"url":"https:\/\/pubeurope.com\/@fr\/114932707923082298","error":""},"_links":{"self":[{"href":"https:\/\/www.europesays.com\/fr\/wp-json\/wp\/v2\/posts\/280388","targetHints":{"allow":["GET"]}}],"collection":[{"href":"https:\/\/www.europesays.com\/fr\/wp-json\/wp\/v2\/posts"}],"about":[{"href":"https:\/\/www.europesays.com\/fr\/wp-json\/wp\/v2\/types\/post"}],"author":[{"embeddable":true,"href":"https:\/\/www.europesays.com\/fr\/wp-json\/wp\/v2\/users\/2"}],"replies":[{"embeddable":true,"href":"https:\/\/www.europesays.com\/fr\/wp-json\/wp\/v2\/comments?post=280388"}],"version-history":[{"count":0,"href":"https:\/\/www.europesays.com\/fr\/wp-json\/wp\/v2\/posts\/280388\/revisions"}],"wp:featuredmedia":[{"embeddable":true,"href":"https:\/\/www.europesays.com\/fr\/wp-json\/wp\/v2\/media\/280389"}],"wp:attachment":[{"href":"https:\/\/www.europesays.com\/fr\/wp-json\/wp\/v2\/media?parent=280388"}],"wp:term":[{"taxonomy":"category","embeddable":true,"href":"https:\/\/www.europesays.com\/fr\/wp-json\/wp\/v2\/categories?post=280388"},{"taxonomy":"post_tag","embeddable":true,"href":"https:\/\/www.europesays.com\/fr\/wp-json\/wp\/v2\/tags?post=280388"}],"curies":[{"name":"wp","href":"https:\/\/api.w.org\/{rel}","templated":true}]}}