{"id":280411,"date":"2025-07-28T20:33:13","date_gmt":"2025-07-28T20:33:13","guid":{"rendered":"https:\/\/www.europesays.com\/fr\/280411\/"},"modified":"2025-07-28T20:33:13","modified_gmt":"2025-07-28T20:33:13","slug":"grenoble-apero-concert-a-la-bastille-avec-the-mighty-crooks-vendredi","status":"publish","type":"post","link":"https:\/\/www.europesays.com\/fr\/280411\/","title":{"rendered":"Grenoble. Ap\u00e9ro-concert \u00e0 la Bastille avec The Mighty Crooks, vendredi"},"content":{"rendered":"<p>The Mighty Crooks\u00a0se produira le vendredi 5\u00a0ao\u00fbt au fort de la Bastille, pour un concert exceptionnel.<\/p>\n<p>The Mighty Crooks est un groupe de six musiciens fra\u00eechement d\u00e9barqu\u00e9s du navire. Ils proposeront un hommage vibrant au calypso, musique embl\u00e9matique des Cara\u00efbes. Avec leur section rythmique puissante et leurs cuivres tranchants, ils feront m\u00eame danser le public.<\/p>\n<p>Programme de la soir\u00e9e\u00a0: vendredi 5\u00a0ao\u00fbt sur la place Tournadre, au fort de la Bastille. De 18 \u00e0 19 heures, ambiance musicale. De 19 heures \u00e0 20\u00a0h\u00a030, concert en plein air. Concert gratuit. Acc\u00e8s en t\u00e9l\u00e9ph\u00e9rique aux tarifs habituels.<\/p>\n","protected":false},"excerpt":{"rendered":"The Mighty Crooks\u00a0se produira le vendredi 5\u00a0ao\u00fbt au fort de la Bastille, pour un concert exceptionnel. The Mighty&hellip;\n","protected":false},"author":2,"featured_media":280412,"comment_status":"","ping_status":"","sticky":false,"template":"","format":"standard","meta":{"footnotes":""},"categories":[9566],"tags":[1111,11,2430,1687,112,1777,674,1011,27,2731,2732,12,25],"class_list":{"0":"post-280411","1":"post","2":"type-post","3":"status-publish","4":"format-standard","5":"has-post-thumbnail","7":"category-grenoble","8":"tag-actu","9":"tag-actualites","10":"tag-auvergne-rhone-alpes","11":"tag-culture-loisirs","12":"tag-edition-grenoble-agglomeration","13":"tag-eu","14":"tag-europe","15":"tag-fr","16":"tag-france","17":"tag-grenoble","18":"tag-grenoble-bassin","19":"tag-news","20":"tag-republique-francaise"},"share_on_mastodon":{"url":"https:\/\/pubeurope.com\/@fr\/114932770733955915","error":""},"_links":{"self":[{"href":"https:\/\/www.europesays.com\/fr\/wp-json\/wp\/v2\/posts\/280411","targetHints":{"allow":["GET"]}}],"collection":[{"href":"https:\/\/www.europesays.com\/fr\/wp-json\/wp\/v2\/posts"}],"about":[{"href":"https:\/\/www.europesays.com\/fr\/wp-json\/wp\/v2\/types\/post"}],"author":[{"embeddable":true,"href":"https:\/\/www.europesays.com\/fr\/wp-json\/wp\/v2\/users\/2"}],"replies":[{"embeddable":true,"href":"https:\/\/www.europesays.com\/fr\/wp-json\/wp\/v2\/comments?post=280411"}],"version-history":[{"count":0,"href":"https:\/\/www.europesays.com\/fr\/wp-json\/wp\/v2\/posts\/280411\/revisions"}],"wp:featuredmedia":[{"embeddable":true,"href":"https:\/\/www.europesays.com\/fr\/wp-json\/wp\/v2\/media\/280412"}],"wp:attachment":[{"href":"https:\/\/www.europesays.com\/fr\/wp-json\/wp\/v2\/media?parent=280411"}],"wp:term":[{"taxonomy":"category","embeddable":true,"href":"https:\/\/www.europesays.com\/fr\/wp-json\/wp\/v2\/categories?post=280411"},{"taxonomy":"post_tag","embeddable":true,"href":"https:\/\/www.europesays.com\/fr\/wp-json\/wp\/v2\/tags?post=280411"}],"curies":[{"name":"wp","href":"https:\/\/api.w.org\/{rel}","templated":true}]}}