{"id":28042,"date":"2025-04-16T01:11:48","date_gmt":"2025-04-16T01:11:48","guid":{"rendered":"https:\/\/www.europesays.com\/fr\/28042\/"},"modified":"2025-04-16T01:11:48","modified_gmt":"2025-04-16T01:11:48","slug":"cest-mon-oxygene-ma-deuxieme-famille","status":"publish","type":"post","link":"https:\/\/www.europesays.com\/fr\/28042\/","title":{"rendered":"\u00ab C&rsquo;est mon oxyg\u00e8ne, ma deuxi\u00e8me famille \u00bb"},"content":{"rendered":"<p>            Par<br \/>\n        <strong><br \/>\n            <a href=\"https:\/\/actu.fr\/auteur\/jessie-leclerc\" title=\"Consulter tous les articles de Jessie Leclerc\" target=\"_blank\" rel=\"noopener\">Jessie Leclerc<\/a><br \/>\n        <\/strong><\/p>\n<p>        Publi\u00e9 le<\/p>\n<p>            14 avr. 2025 \u00e0 16h38        <\/p>\n<p>Elle est sans aucun doute <strong>la premi\u00e8re fan du club<\/strong>. Catherine Benard, 69\u00a0ans, ne manquerait un match du Rouen M\u00e9tropole Basket (RMB) pour rien au monde. Elle qui a toujours ou presque v\u00e9cu \u00e0 <a href=\"https:\/\/actu.fr\/normandie\/deville-les-rouen_76216\" target=\"_blank\" rel=\"noopener\">D\u00e9ville-l\u00e8s-Rouen (Seine-Maritime)<\/a>, vit basket, pense basket, respire basket. Casquette, maillot, legging et lunettes aux couleurs du RMB, Catherine nous accueille chez elle et t\u00e9moigne de sa passion.<\/p>\n<p>Fan depuis 1999<\/p>\n<p class=\" wall-content\">C\u2019est en 1999 qu\u2019elle tombe d\u00e9finitivement amoureuse du ballon orange. \u00c0 l\u2019\u00e9poque, elle commence \u00e0 suivre <strong>le SPO<\/strong>, lorsque l\u2019\u00e9quipe masculine \u00e9tait encore en Nationale 2. Mais elle baigne dans le basket depuis plus longtemps encore, \u00e7a date de son enfance. Ses fr\u00e8res et s\u0153ur y jouaient \u00e0 D\u00e9ville-l\u00e8s-Rouen.<\/p>\n<p class=\" wall-content\">Ses enfants ont aussi fait du basket. \u00ab\u2009Mon fils en a fait <strong>de ses trois ans \u00e0 ses 40\u00a0ans<\/strong>.\u2009\u00bb C\u2019est \u00e0 cette p\u00e9riode qu\u2019elle a \u00ab\u2009craqu\u00e9 pour le SPO\u2009\u00bb, <a href=\"https:\/\/actu.fr\/normandie\/canteleu_76157\/le-rmb-intervient-aupres-d-enfants-en-difficultes-a-l-idefhi-de-canteleu-pour-eux-ca-represente-beaucoup_62265496.html\" target=\"_blank\" rel=\"noopener\">aujourd\u2019hui RMB<\/a>. Depuis, elle ne les a pas quitt\u00e9s\u2009: \u00ab\u2009J\u2019allais \u00e0 des matchs de temps en temps. Depuis, si j\u2019en loupe un, c\u2019est que vraiment, <strong>je ne peux pas<\/strong>\u2009\u00bb, s\u2019exclame Catherine. Elle va <strong>voir un match au moins une fois par semaine<\/strong> et va m\u00eame voir les entra\u00eenements de ses chouchous.<\/p>\n<p>Les filles, les jeunes\u2026 Pas de jaloux\u2009!<\/p>\n<p class=\" wall-content\">Depuis deux ans, Catherine suit aussi<strong> l\u2019\u00e9quipe f\u00e9minine<\/strong> \u00e0 Bihorel. \u00ab\u2009C\u2019est merveilleux, elles sont en finale de coupe de France\u2009! J\u2019ai r\u00e9serv\u00e9 ma place dans le car, je serai avec elles \u00e0 Paris\u2009\u00bb, se r\u00e9jouit-elle.<\/p>\n<p class=\" wall-content\">Elle soutient \u00e9galement les \u00e9quipes Espoirs. Pour elle, \u00ab\u2009c\u2019est important, il faut bien leur donner du tonus, m\u00eame s\u2019il n\u2019y a pas grand monde.<strong> Il faut que \u00e7a se d\u00e9veloppe<\/strong>\u2009\u00bb.<\/p>\n<p>Tout l\u2019attirail de la supportrice<\/p>\n<p class=\" wall-content\">Catherine dispose d\u2019une belle collection pour soutenir son club favori. <strong>Ballons d\u00e9dicac\u00e9s, cadres sign\u00e9s, \u00e9charpe\u2026<\/strong> Chez elle, elle am\u00e9nage une pi\u00e8ce d\u00e9cor\u00e9e \u00e0 l\u2019effigie du RMB. Dans l\u2019armoire, une dizaine de maillots.<\/p>\n<p>      <img   decoding=\"async\" loading=\"lazy\" src=\"https:\/\/www.europesays.com\/fr\/wp-content\/uploads\/2025\/04\/catherine-benard-maillots-rmb-960x640.jpg\" alt=\"Catherine dispose d'une panoplie de maillots du RMB, tous ou presque d\u00e9dicac\u00e9s.\" width=\"960\" height=\"640\"\/><br \/>\n    Catherine dispose d\u2019une panoplie de maillots du RMB, tous ou presque d\u00e9dicac\u00e9s.<\/p>\n<p class=\" wall-content\">\u00ab\u2009Cette semaine, j\u2019ai re\u00e7u mon petit nouveau, sign\u00e9 par Mohamed Choua, \u00e7a m\u2019a fait plaisir\u2009\u00bb, s\u2019\u00e9merveille la supportrice.<\/p>\n<blockquote class=\"ac-article-quote wall-content\">\n<p>Je porte un maillot \u00e0 chaque match. \u00c7a m\u2019habite, d\u00e8s que je suis en tenue, je suis avec eux. \u00c0 partir du moment o\u00f9 j&rsquo;ai mis les couleurs une fois, je ne les ai plus jamais l\u00e2ch\u00e9es, allant m\u00eame jusqu&rsquo;\u00e0 assortir mes derni\u00e8res lunettes au club !<\/p>\n<p>    <strong>Catherine Benard<\/strong><br \/>\n        Supportrice du RMB    <\/p><\/blockquote>\n<p class=\" wall-content\">La fan absolue a m\u00eame fait personnaliser son calendrier avec des photos des joueurs et y a inscrit toutes leurs dates d\u2019anniversaire.<\/p>\n<p>Les joueurs sont comme ses enfants<\/p>\n<p class=\" wall-content\">Dans les tribunes, on la rep\u00e8re facilement, pourtant, lorsqu\u2019il s\u2019agit de parler des joueurs, elle aime la discr\u00e9tion\u2009: \u00ab\u2009J\u2019\u00e9change parfois avec eux, ils se confient, mais tout ce que j\u2019entends dans la salle, reste dans la salle\u2009\u00bb, s\u2019amuse Catherine.<\/p>\n<blockquote class=\"ac-article-quote wall-content\">\n<p>Le RMB, c\u2019est mon oxyg\u00e8ne, ma deuxi\u00e8me famille. Les voir me fait tellement de bien. C\u2019est comme si je leur donne de l&rsquo;\u00e9nergie et qu&rsquo;ils m&rsquo;en donnent. Et ils sont plus que moi, donc j&rsquo;en re\u00e7ois plus !<\/p>\n<p>    <strong>Catherine Benard<\/strong>\n            <\/p><\/blockquote>\n<p class=\" wall-content\">Bien qu\u2019elle soit proche de ses enfants, Catherine est aussi tr\u00e8s attach\u00e9e \u00e0 chacun des membres du RMB. \u00ab\u2009Au d\u00e9but, les joueurs \u00e9taient comme mes enfants, maintenant, ce sont comme mes petits enfants\u2009\u00bb, confie-t-elle avec \u00e9motion.<\/p>\n<p class=\" wall-content\">Pour elle, \u00ab\u2009le RMB ne perd jamais\u2009\u00bb. \u00ab\u2009Quand on me dit qu\u2019ils vont perdre, je n\u2019entends rien, <strong>je suis dans ma bulle<\/strong>. Pour moi, chaque match, c\u2019est comme si j\u2019\u00e9tais avec eux sur le terrain. Je les suis, je les accompagne.\u2009\u00bb<\/p>\n<p>Une encyclop\u00e9die du RMB<\/p>\n<p class=\" wall-content\"><strong>Elle se souvient de tout<\/strong>. Des joueurs, des coachs, des finales, des hauts, des bas\u2009: \u00ab\u2009Jean-Emmanuel Lebrun, il est rest\u00e9 presque dix ans. On se parle encore. Rien que d\u2019entendre sa voix, \u00e7a me replonge vingt ans en arri\u00e8re.\u2009\u00bb Elle parle aussi <a href=\"https:\/\/actu.fr\/normandie\/rouen_76540\/sylvain-delorme-entraineur-du-rouen-metropole-basket-est-un-coach-pas-comme-les-autres_61889189.html\" target=\"_blank\" rel=\"noopener\">de Sylvain Delorme<\/a>, l\u2019actuel coach, avec <strong>beaucoup d\u2019admiration<\/strong>\u2009: \u00ab\u2009Il para\u00eet calme, mais il d\u00e9gage une vraie force. Il est attentif et pense d\u2019abord au bien-\u00eatre de ses joueurs.\u2009\u00bb<\/p>\n<p>      <img   decoding=\"async\" loading=\"lazy\" src=\"https:\/\/www.europesays.com\/fr\/wp-content\/uploads\/2025\/04\/catherine-benard-objets-dedicaces-rmb-960x640.jpg\" alt=\"La fan aimerait agrandir sa collection.\" width=\"960\" height=\"640\"\/><br \/>\n    La fan aimerait agrandir sa collection.<\/p>\n<p class=\" wall-content\">Pas de<strong> joueur pr\u00e9f\u00e9r\u00e9<\/strong> cette ann\u00e9e, car selon elle, \u00ab\u2009ils sont tous compl\u00e9mentaires. C\u2019est la premi\u00e8re saison o\u00f9 je ressens un groupe aussi soud\u00e9, aussi solidaire. Vu de l\u2019ext\u00e9rieur, \u00e7a saute aux yeux.\u2009\u00bb M\u00eame les moins visibles, comme Youri, ont sa reconnaissance. \u00ab\u2009Il fait<strong> un boulot fou<\/strong> en d\u00e9fense. On ne le voit pas toujours, mais il est essentiel\u2009\u00bb.<\/p>\n<p>Une association de supporters<\/p>\n<p class=\" wall-content\">En 2022, Catherine <strong>fonde l\u2019association L\u00e9opards<\/strong> Rouen Basket pour rassembler les supporters et raviver la ferveur. \u00ab\u2009On avait un petit camion, on faisait les d\u00e9placements \u00e0 plusieurs, on visitait la ville avant les matchs. Seule, ce n\u2019est pas pareil. Le groupe change tout.\u2009\u00bb<\/p>\n<p class=\" wall-content\">Aujourd\u2019hui, plus de camionnette, mais un site web bien actif sur lequel<strong> Catherine \u00e9crit des articles avant et apr\u00e8s chaque match<\/strong> et o\u00f9 elle donne les r\u00e9sultats. \u00ab\u2009Je n\u2019ai pas beaucoup de temps libre\u2009\u00bb, dit-elle en rigolant. Avec son association, elle esp\u00e8re \u00ab\u2009ramener du monde au RMB\u2009\u00bb et avoir \u00ab\u2009des supporters aussi exceptionnels qu\u2019\u00e0 Blois\u2009\u00bb\u2009: \u00ab\u2009L\u00e0-bas c\u2019est la folie, \u00e7a serait mon plus beau r\u00eave\u2009\u00bb.<\/p>\n<p class=\" wall-content\">Le lundi matin, on la retrouve balle en main\u2009: \u00ab\u2009Je fais du basket sant\u00e9. Je m\u2019am\u00e9liore au shoot\u2009!\u2009\u00bb Et quand on lui demande pourquoi elle continue son engagement dans le basket et le RMB, elle r\u00e9pond\u2009: \u00ab\u2009Parce que je les aime et parce que <strong>le basket, c\u2019est du partage<\/strong>\u2009!\u2009\u00bb<\/p>\n<p>Retrouver l\u2019association des supporters <a href=\"https:\/\/associationleopards.fr\/\" target=\"_blank\" rel=\"noopener\">en cliquant ici<\/a>.Suivez l\u2019actualit\u00e9 de Rouen <a href=\"https:\/\/www.whatsapp.com\/channel\/0029VaKfnf99hXF2ddApFB1D\" target=\"_blank\" rel=\"noopener\">sur notre cha\u00eene WhatsApp<\/a> et <a href=\"https:\/\/www.tiktok.com\/@76actu.fr?lang=fr\" target=\"_blank\" rel=\"noopener\">sur notre compte TikTok<\/a><\/p>\n<p class=\" wall-content\">Suivez toute l\u2019actualit\u00e9 de vos villes et m\u00e9dias favoris en vous inscrivant \u00e0 <a href=\"https:\/\/moncompte.actu.fr\" title=\"D\u00e9couvez Mon Actu\" rel=\"nofollow noopener\" data-trk=\"{&quot;cta&quot;:{&quot;action&quot;:&quot;https:\\\/\\\/moncompte.actu.fr&quot;,&quot;category&quot;:&quot;mon compte&quot;,&quot;from&quot;:&quot;article footer&quot;,&quot;name&quot;:&quot;Mon actu&quot;,&quot;type&quot;:&quot;cta&quot;}}\" target=\"_blank\">Mon Actu<\/a>.<\/p>\n<p>                    <script async src=\"\/\/www.tiktok.com\/embed.js\"><\/script><\/p>\n","protected":false},"excerpt":{"rendered":"Par Jessie Leclerc Publi\u00e9 le 14 avr. 2025 \u00e0 16h38 Elle est sans aucun doute la premi\u00e8re fan&hellip;\n","protected":false},"author":2,"featured_media":28043,"comment_status":"","ping_status":"","sticky":false,"template":"","format":"standard","meta":{"footnotes":""},"categories":[9587],"tags":[1111,11,1465,1777,674,1011,27,1757,12,5161,25,9851,9590,60,240],"class_list":{"0":"post-28042","1":"post","2":"type-post","3":"status-publish","4":"format-standard","5":"has-post-thumbnail","7":"category-rouen","8":"tag-actu","9":"tag-actualites","10":"tag-basket","11":"tag-eu","12":"tag-europe","13":"tag-fr","14":"tag-france","15":"tag-insolite","16":"tag-news","17":"tag-normandie","18":"tag-republique-francaise","19":"tag-rmb-rouen-metropole-basket","20":"tag-rouen","21":"tag-sports","22":"tag-temoignage"},"share_on_mastodon":{"url":"https:\/\/pubeurope.com\/@fr\/114344987486925207","error":""},"_links":{"self":[{"href":"https:\/\/www.europesays.com\/fr\/wp-json\/wp\/v2\/posts\/28042","targetHints":{"allow":["GET"]}}],"collection":[{"href":"https:\/\/www.europesays.com\/fr\/wp-json\/wp\/v2\/posts"}],"about":[{"href":"https:\/\/www.europesays.com\/fr\/wp-json\/wp\/v2\/types\/post"}],"author":[{"embeddable":true,"href":"https:\/\/www.europesays.com\/fr\/wp-json\/wp\/v2\/users\/2"}],"replies":[{"embeddable":true,"href":"https:\/\/www.europesays.com\/fr\/wp-json\/wp\/v2\/comments?post=28042"}],"version-history":[{"count":0,"href":"https:\/\/www.europesays.com\/fr\/wp-json\/wp\/v2\/posts\/28042\/revisions"}],"wp:featuredmedia":[{"embeddable":true,"href":"https:\/\/www.europesays.com\/fr\/wp-json\/wp\/v2\/media\/28043"}],"wp:attachment":[{"href":"https:\/\/www.europesays.com\/fr\/wp-json\/wp\/v2\/media?parent=28042"}],"wp:term":[{"taxonomy":"category","embeddable":true,"href":"https:\/\/www.europesays.com\/fr\/wp-json\/wp\/v2\/categories?post=28042"},{"taxonomy":"post_tag","embeddable":true,"href":"https:\/\/www.europesays.com\/fr\/wp-json\/wp\/v2\/tags?post=28042"}],"curies":[{"name":"wp","href":"https:\/\/api.w.org\/{rel}","templated":true}]}}