{"id":280425,"date":"2025-07-28T20:41:22","date_gmt":"2025-07-28T20:41:22","guid":{"rendered":"https:\/\/www.europesays.com\/fr\/280425\/"},"modified":"2025-07-28T20:41:22","modified_gmt":"2025-07-28T20:41:22","slug":"le-relais-jeunes-a-fait-escale-a-nantes-dans-sa-croisade-pour-lagriculture-et-lalimentation-2","status":"publish","type":"post","link":"https:\/\/www.europesays.com\/fr\/280425\/","title":{"rendered":"Le Relais jeunes a fait escale \u00e0 Nantes dans sa croisade pour l\u2019agriculture et l\u2019alimentation"},"content":{"rendered":"<p>1\u00a0500\u00a0kilom\u00e8tres, 150\u00a0personnes et 300\u00a0roues engag\u00e9s pour l\u2019agriculture et l\u2019alimentation\u00a0:<a href=\"https:\/\/lerelaisjeunes.fr\/803-2\" target=\"_blank\" rel=\"noopener\"> l\u2019Agricooltour est en route. Cette d\u00e9marche est port\u00e9e par l\u2019association Relais jeunes<\/a>, qui offre aux jeunes un cadre de mobilisation autour des enjeux \u00e9cologiques, sociaux et d\u00e9mocratiques. Chaque ann\u00e9e, le collectif r\u00e9alise un parcours sportif autour d\u2019une th\u00e9matique d\u2019engagement.<\/p>\n<p>Pour la quatri\u00e8me \u00e9dition, \u00ab\u00a0<strong>le choix a \u00e9t\u00e9 \u00e9vident\u00a0: on est tous concern\u00e9s par l\u2019agriculture et l\u2019alimentation\u00a0\u00bb, <\/strong>appuient les jeunes du collectif. Leur objectif\u00a0: montrer que la majorit\u00e9 des agriculteurs s\u2019investissent pour adopter des pratiques plus durables et s\u2019inqui\u00e8tent des effets des produits phytosanitaires pour leur sant\u00e9.<\/p>\n<p>Ce dimanche 27\u00a0juillet, ils ont fait escale au Jardin des Ronces, \u00e0 Nantes. Mais pourquoi p\u00e9dalent-ils deux mois en plein \u00e9t\u00e9\u00a0? <strong>\u00ab\u00a0On va chercher une approche p\u00e9dagogique aupr\u00e8s des personnes concern\u00e9es. On synth\u00e9tise et on restitue, avec un plaidoyer\u00a0\u00bb,<\/strong> explique Maud, qui p\u00e9dale depuis deux semaines.<\/p>\n<p><strong>Lire aussi\u00a0:<\/strong> <a href=\"https:\/\/rennes.maville.com\/actu\/actudet_-point-de-vue.-loi-duplomb-aider-les-agriculteurs-jusqu-au-bout-_53511-6909231_actu.Htm\" target=\"_blank\" rel=\"noopener\">POINT DE VUE. \u00ab Loi Duplomb : aider les agriculteurs jusqu\u2019au bout \u00bb<\/a><\/p>\n<p>Un syst\u00e8me productiviste qui fonctionne mal<\/p>\n<p>Le relais, menant de Montpellier (H\u00e9rault) \u00e0 Brest (Finist\u00e8re), dure soixante-quatre jours, mais les participants peuvent l\u2019int\u00e9grer \u00e0 tout moment. <strong>\u00ab\u00a0Les journ\u00e9es sont tr\u00e8s rythm\u00e9es\u00a0: on se r\u00e9veille deux heures avant le d\u00e9part et on p\u00e9dale entre 20\u00a0km et 60\u00a0km par jour\u00a0\u00bb, <\/strong>d\u00e9taille Manon, une autre jeune engag\u00e9e. Organiser cette exp\u00e9rience collective a pris environ trois mois, mais le p\u00e9riple se pr\u00e9pare depuis bien plus longtemps. La r\u00e9flexion et la constitution de l\u2019\u00e9quipe d\u2019organisation commencent en octobre, <strong>\u00ab\u00a0il faut ensuite trouver la th\u00e9matique et \u00e9tablir les \u00e9tapes du parcours\u00a0\u00bb<\/strong>, reprend Maud, au moment de rencontrer l\u2019\u00e9quipe du Jardin des Ronces.<\/p>\n<p>Pour les relayeurs, <strong>\u00ab\u00a0cette \u00e9tape a du sens\u00a0: le lieu partage les valeurs de connaissance et de libert\u00e9\u00a0\u00bb<\/strong> que le collectif souhaite porter. Depuis le d\u00e9but du parcours, ils rencontrent chaque jour des agriculteurs, des chercheurs et des associations. Des \u00e9changes avec les acteurs, ils ont retir\u00e9 une chose\u00a0: <strong>\u00ab\u00a0On est dans un syst\u00e8me productiviste qui fonctionne mal.\u00a0\u00bb<\/strong> Charge \u00e0 eux de se servir de l\u2019exp\u00e9rience collective pour partager ce constat et relayer un message d\u2019espoir pour l\u2019agriculture et l\u2019alimentation.<\/p>\n<p>\u00a0<\/p>\n","protected":false},"excerpt":{"rendered":"1\u00a0500\u00a0kilom\u00e8tres, 150\u00a0personnes et 300\u00a0roues engag\u00e9s pour l\u2019agriculture et l\u2019alimentation\u00a0: l\u2019Agricooltour est en route. Cette d\u00e9marche est port\u00e9e par&hellip;\n","protected":false},"author":2,"featured_media":280426,"comment_status":"","ping_status":"","sticky":false,"template":"","format":"standard","meta":{"footnotes":""},"categories":[2818],"tags":[1111,11,327,258,41855,11641,1777,674,21,1011,27,4074,766,12,2636,25153,25],"class_list":{"0":"post-280425","1":"post","2":"type-post","3":"status-publish","4":"format-standard","5":"has-post-thumbnail","7":"category-nantes","8":"tag-actu","9":"tag-actualites","10":"tag-agriculture","11":"tag-alimentation","12":"tag-croisade","13":"tag-escale","14":"tag-eu","15":"tag-europe","16":"tag-fait","17":"tag-fr","18":"tag-france","19":"tag-jeunes","20":"tag-nantes","21":"tag-news","22":"tag-pays-de-la-loire","23":"tag-relais","24":"tag-republique-francaise"},"share_on_mastodon":{"url":"https:\/\/pubeurope.com\/@fr\/114932802088036374","error":""},"_links":{"self":[{"href":"https:\/\/www.europesays.com\/fr\/wp-json\/wp\/v2\/posts\/280425","targetHints":{"allow":["GET"]}}],"collection":[{"href":"https:\/\/www.europesays.com\/fr\/wp-json\/wp\/v2\/posts"}],"about":[{"href":"https:\/\/www.europesays.com\/fr\/wp-json\/wp\/v2\/types\/post"}],"author":[{"embeddable":true,"href":"https:\/\/www.europesays.com\/fr\/wp-json\/wp\/v2\/users\/2"}],"replies":[{"embeddable":true,"href":"https:\/\/www.europesays.com\/fr\/wp-json\/wp\/v2\/comments?post=280425"}],"version-history":[{"count":0,"href":"https:\/\/www.europesays.com\/fr\/wp-json\/wp\/v2\/posts\/280425\/revisions"}],"wp:featuredmedia":[{"embeddable":true,"href":"https:\/\/www.europesays.com\/fr\/wp-json\/wp\/v2\/media\/280426"}],"wp:attachment":[{"href":"https:\/\/www.europesays.com\/fr\/wp-json\/wp\/v2\/media?parent=280425"}],"wp:term":[{"taxonomy":"category","embeddable":true,"href":"https:\/\/www.europesays.com\/fr\/wp-json\/wp\/v2\/categories?post=280425"},{"taxonomy":"post_tag","embeddable":true,"href":"https:\/\/www.europesays.com\/fr\/wp-json\/wp\/v2\/tags?post=280425"}],"curies":[{"name":"wp","href":"https:\/\/api.w.org\/{rel}","templated":true}]}}