{"id":280443,"date":"2025-07-28T20:51:15","date_gmt":"2025-07-28T20:51:15","guid":{"rendered":"https:\/\/www.europesays.com\/fr\/280443\/"},"modified":"2025-07-28T20:51:15","modified_gmt":"2025-07-28T20:51:15","slug":"tcl-a-lyon-une-ligne-de-metro-tres-perturbee-le-trafic-complique-ce-quil-se-passe","status":"publish","type":"post","link":"https:\/\/www.europesays.com\/fr\/280443\/","title":{"rendered":"TCL \u00e0 Lyon. Une ligne de m\u00e9tro tr\u00e8s perturb\u00e9e, le trafic compliqu\u00e9 : ce qu&rsquo;il se passe"},"content":{"rendered":"<p>            Par<br \/>\n        <strong><br \/>\n            <a href=\"https:\/\/actu.fr\/auteur\/redaction-lyon\" title=\"Consulter tous les articles de R\u00e9daction Lyon\" rel=\"nofollow noopener\" target=\"_blank\">R\u00e9daction Lyon<\/a><br \/>\n        <\/strong><\/p>\n<p>        Publi\u00e9 le<\/p>\n<p>            28 juil. 2025 \u00e0 19h07        <\/p>\n<p>Des perturbations sont en cours sur la <strong>ligne D<\/strong> du m\u00e9tro ce lundi 28 juillet, depuis 18h45 environ selon le <a href=\"https:\/\/actu.fr\/tag\/transports-en-commun-lyonnais-tcl\" rel=\"nofollow noopener\" target=\"_blank\">r\u00e9seau TCL<\/a> dans la m\u00e9tropole de <a href=\"https:\/\/actu.fr\/auvergne-rhone-alpes\/lyon_69123\" rel=\"nofollow noopener\" target=\"_blank\">Lyon<\/a>. La ligne D, la plus fr\u00e9quent\u00e9e du r\u00e9seau de m\u00e9tro lyonnais, circule uniquement de Grange Blanche \u00e0 Gare de Vaise-G\u00e9rard Collomb.<\/p>\n<p class=\" wall-content\">Les <strong>stations de Laennec, Mermoz-Pinel, Parilly et Gare de V\u00e9nissieux ne sont plus desservies<\/strong>. \u00ab\u00a0La reprise de la circulation est estim\u00e9e \u00e0 19h30\u00a0\u00bb, selon TCL qui communique sur un <strong>\u00ab\u00a0obstacle sur les voies\u00a0\u00bb<\/strong> emp\u00eachant un trafic normal.<\/p>\n<p>Des bus relais mis en place par TCL<\/p>\n<p class=\" wall-content\">\u00ab\u00a0Nous mettons \u00e0 votre disposition des bus relais qui desservent les stations de Grange Blanche \u00e0 Gare de V\u00e9nissieux\u00a0\u00bb, selon TCL.<\/p>\n<p class=\" wall-content\">La ligne D et B ont d\u00e9j\u00e0 \u00e9t\u00e9 perturb\u00e9es ce week-end samedi soir vers 23h apr\u00e8s un d\u00e9part de feu dans la station Saxe-Gambetta (7e arrondissement). Pendant l\u2019intervention qui a dur\u00e9 jusqu\u2019\u00e0 1h50, le m\u00e9tro B ne circulait qu\u2019entre les stations \u00ab\u00a0Charpennes Charles-Hernu\u00a0\u00bb et \u00ab\u00a0Gare Part-Dieu Vivier Merle\u00a0\u00bb, tandis que le m\u00e9tro D desservait plus les stations de \u00ab\u00a0Bellecour\u00a0\u00bb \u00e0 \u00ab\u00a0Monplaisir Lumi\u00e8re\u00a0\u00bb.<\/p>\n<p class=\" wall-content\">Suivez toute l\u2019actualit\u00e9 de vos villes et m\u00e9dias favoris en vous inscrivant \u00e0 <a href=\"https:\/\/moncompte.actu.fr\" title=\"D\u00e9couvez Mon Actu\" rel=\"nofollow noopener\" data-trk=\"{&quot;cta&quot;:{&quot;action&quot;:&quot;https:\\\/\\\/moncompte.actu.fr&quot;,&quot;category&quot;:&quot;mon compte&quot;,&quot;from&quot;:&quot;article footer&quot;,&quot;name&quot;:&quot;Mon actu&quot;,&quot;type&quot;:&quot;cta&quot;}}\" target=\"_blank\">Mon Actu<\/a>.<\/p>\n<ul class=\"ac-article-tag wall-content\">\n<li><a href=\"https:\/\/actu.fr\/tag\/transports-en-commun-lyonnais-tcl\" data-trk=\"{&quot;cta&quot;:{&quot;action&quot;:&quot;Transports en commun lyonnais (TCL)&quot;,&quot;category&quot;:&quot;tag&quot;,&quot;from&quot;:&quot;article footer&quot;,&quot;name&quot;:&quot;Transports en commun lyonnais (TCL)&quot;,&quot;type&quot;:&quot;cta&quot;}}\" rel=\"nofollow noopener\" target=\"_blank\">#Transports en commun lyonnais (TCL)<\/a><\/li>\n<\/ul>\n","protected":false},"excerpt":{"rendered":"Par R\u00e9daction Lyon Publi\u00e9 le 28 juil. 2025 \u00e0 19h07 Des perturbations sont en cours sur la ligne&hellip;\n","protected":false},"author":2,"featured_media":256308,"comment_status":"","ping_status":"","sticky":false,"template":"","format":"standard","meta":{"footnotes":""},"categories":[1889],"tags":[1111,11,2430,1777,674,1011,27,2428,12,25,104,5787],"class_list":{"0":"post-280443","1":"post","2":"type-post","3":"status-publish","4":"format-standard","5":"has-post-thumbnail","7":"category-lyon","8":"tag-actu","9":"tag-actualites","10":"tag-auvergne-rhone-alpes","11":"tag-eu","12":"tag-europe","13":"tag-fr","14":"tag-france","15":"tag-lyon","16":"tag-news","17":"tag-republique-francaise","18":"tag-societe","19":"tag-transports-en-commun-lyonnais-tcl"},"share_on_mastodon":{"url":"https:\/\/pubeurope.com\/@fr\/114932841456695675","error":""},"_links":{"self":[{"href":"https:\/\/www.europesays.com\/fr\/wp-json\/wp\/v2\/posts\/280443","targetHints":{"allow":["GET"]}}],"collection":[{"href":"https:\/\/www.europesays.com\/fr\/wp-json\/wp\/v2\/posts"}],"about":[{"href":"https:\/\/www.europesays.com\/fr\/wp-json\/wp\/v2\/types\/post"}],"author":[{"embeddable":true,"href":"https:\/\/www.europesays.com\/fr\/wp-json\/wp\/v2\/users\/2"}],"replies":[{"embeddable":true,"href":"https:\/\/www.europesays.com\/fr\/wp-json\/wp\/v2\/comments?post=280443"}],"version-history":[{"count":0,"href":"https:\/\/www.europesays.com\/fr\/wp-json\/wp\/v2\/posts\/280443\/revisions"}],"wp:featuredmedia":[{"embeddable":true,"href":"https:\/\/www.europesays.com\/fr\/wp-json\/wp\/v2\/media\/256308"}],"wp:attachment":[{"href":"https:\/\/www.europesays.com\/fr\/wp-json\/wp\/v2\/media?parent=280443"}],"wp:term":[{"taxonomy":"category","embeddable":true,"href":"https:\/\/www.europesays.com\/fr\/wp-json\/wp\/v2\/categories?post=280443"},{"taxonomy":"post_tag","embeddable":true,"href":"https:\/\/www.europesays.com\/fr\/wp-json\/wp\/v2\/tags?post=280443"}],"curies":[{"name":"wp","href":"https:\/\/api.w.org\/{rel}","templated":true}]}}