{"id":280454,"date":"2025-07-28T20:59:26","date_gmt":"2025-07-28T20:59:26","guid":{"rendered":"https:\/\/www.europesays.com\/fr\/280454\/"},"modified":"2025-07-28T20:59:26","modified_gmt":"2025-07-28T20:59:26","slug":"des-hackers-belarusses-et-ukrainiens-revendiquent-une-cyberattaque-contre-la-compagnie-russe-aeroflot","status":"publish","type":"post","link":"https:\/\/www.europesays.com\/fr\/280454\/","title":{"rendered":"des hackers b\u00e9larusses et ukrainiens revendiquent une cyberattaque contre la compagnie russe Aeroflot"},"content":{"rendered":"<p class=\"article-p mdl\">Des hackers b\u00e9larusses et ukrainiens ont revendiqu\u00e9 lundi 28 juillet une cyberattaque contre la compagnie a\u00e9rienne russe Aeroflot, qui a conduit \u00e0 l&rsquo;annulation <strong>de 54 vols<\/strong> selon cette entreprise.<\/p>\n<p class=\"article-p mdl\">\u00ab\u00a0Nous annon\u00e7ons la mise en place r\u00e9ussie d&rsquo;une op\u00e9ration \u00e0 long terme et de grande \u00e9chelle qui a abouti au piratage et <strong>la destruction de l&rsquo;infrastructure informatique interne d&rsquo;Aeroflot<\/strong>\u00ab\u00a0, ont affirm\u00e9 dans un communiqu\u00e9 commun le groupe de hackers ukrainiens, \u00ab\u00a0Corbeau silencieux\u00a0\u00bb, et celui de hackers b\u00e9larusses, \u00ab\u00a0Cyber partisans\u00a0\u00bb.<\/p>\n<p class=\"article-p mdl\">Les hackers ont assur\u00e9 avoir \u00ab\u00a0d\u00e9truit\u00a0\u00bb 7.000 serveurs de la compagnie a\u00e9rienne et ont dit vouloir publier les donn\u00e9es personnelles de tous les Russes ayant voyag\u00e9\u00a0<a class=\"link\" href=\"https:\/\/www.rtl.fr\/actu\/justice-faits-divers\/un-avion-de-ligne-russe-s-ecrase-en-extreme-orient-avec-49-personnes-a-bord-7900525627\" rel=\"nofollow noopener\" target=\"_blank\">avec Aeroflot<\/a>.<\/p>\n<p class=\"article-p mdl\">L&rsquo;attaque a \u00e9t\u00e9 rendue possible gr\u00e2ce \u00e0 <strong>un manque de s\u00e9curit\u00e9 informatique de la part de la compagnie<\/strong>, a indiqu\u00e9 le groupe \u00ab\u00a0Cyber partisans\u00a0\u00bb dans un autre communiqu\u00e9 publi\u00e9 ult\u00e9rieurement.<\/p>\n<p class=\"article-p mdl\">Les hackers b\u00e9larusses ont ainsi affirm\u00e9 que le PDG d&rsquo;Aeroflot, Sergue\u00ef Alexandrovski, leur avait facilit\u00e9 la t\u00e2che gr\u00e2ce \u00e0 son mot de passe <strong>inchang\u00e9 depuis 2022<\/strong>, et que la compagnie a\u00e9rienne utilisait des syst\u00e8mes obsol\u00e8tes, notamment \u00ab\u00a0Windows XP et Windows 2003\u00a0\u00bb.<\/p>\n<p class=\"article-p mdl\">Le parquet g\u00e9n\u00e9ral russe a annonc\u00e9 avoir ouvert une enqu\u00eate pour <strong>\u00ab\u00a0acc\u00e8s ill\u00e9gitime\u00a0\u00bb<\/strong> aux syst\u00e8mes d&rsquo;information, indiquant qu&rsquo;Aeroflot \u00e9tait victime d&rsquo;une \u00ab\u00a0cyberattaque\u00a0\u00bb.<\/p>\n<p class=\"article-p mdl\">L&rsquo;agence russe de surveillance des t\u00e9l\u00e9communications Roskomnadzor <strong>n&rsquo;a pas confirm\u00e9 de fuites de donn\u00e9es<\/strong>, selon l&rsquo;agence de presse russe Ria Novosti, ni Aeroflot qui qualifie l&rsquo;incident de \u00ab\u00a0d\u00e9faillance du syst\u00e8me informatique\u00a0\u00bb. Il s&rsquo;agit du premier incident de cette ampleur provoqu\u00e9 par une cyberattaque.<\/p>\n<p>    La r\u00e9daction vous recommande<\/p>\n<p class=\"s-newsletter__title\">\n                L\u2019actualit\u00e9 par la r\u00e9daction de RTL dans votre bo\u00eete mail.\n            <\/p>\n<p class=\"s-newsletter__subtitle\">\n                Gr\u00e2ce \u00e0 votre compte RTL abonnez-vous \u00e0 la newsletter RTL info pour suivre toute l&rsquo;actualit\u00e9 au quotidien\n            <\/p>\n<p>\n                                    Lire la suite\n                                <\/p>\n","protected":false},"excerpt":{"rendered":"Des hackers b\u00e9larusses et ukrainiens ont revendiqu\u00e9 lundi 28 juillet une cyberattaque contre la compagnie a\u00e9rienne russe Aeroflot,&hellip;\n","protected":false},"author":2,"featured_media":280455,"comment_status":"","ping_status":"","sticky":false,"template":"","format":"standard","meta":{"footnotes":""},"categories":[1591],"tags":[11,1075,1887,107,131,41985,12,1885,1886,132,220],"class_list":{"0":"post-280454","1":"post","2":"type-post","3":"status-publish","4":"format-standard","5":"has-post-thumbnail","7":"category-russie","8":"tag-actualites","9":"tag-cybersecurite","10":"tag-federation-de-russie","11":"tag-fil-info","12":"tag-guerre-en-ukraine","13":"tag-hackers","14":"tag-news","15":"tag-russia","16":"tag-russian-federation","17":"tag-russie","18":"tag-ukraine"},"share_on_mastodon":{"url":"https:\/\/pubeurope.com\/@fr\/114932872879678173","error":""},"_links":{"self":[{"href":"https:\/\/www.europesays.com\/fr\/wp-json\/wp\/v2\/posts\/280454","targetHints":{"allow":["GET"]}}],"collection":[{"href":"https:\/\/www.europesays.com\/fr\/wp-json\/wp\/v2\/posts"}],"about":[{"href":"https:\/\/www.europesays.com\/fr\/wp-json\/wp\/v2\/types\/post"}],"author":[{"embeddable":true,"href":"https:\/\/www.europesays.com\/fr\/wp-json\/wp\/v2\/users\/2"}],"replies":[{"embeddable":true,"href":"https:\/\/www.europesays.com\/fr\/wp-json\/wp\/v2\/comments?post=280454"}],"version-history":[{"count":0,"href":"https:\/\/www.europesays.com\/fr\/wp-json\/wp\/v2\/posts\/280454\/revisions"}],"wp:featuredmedia":[{"embeddable":true,"href":"https:\/\/www.europesays.com\/fr\/wp-json\/wp\/v2\/media\/280455"}],"wp:attachment":[{"href":"https:\/\/www.europesays.com\/fr\/wp-json\/wp\/v2\/media?parent=280454"}],"wp:term":[{"taxonomy":"category","embeddable":true,"href":"https:\/\/www.europesays.com\/fr\/wp-json\/wp\/v2\/categories?post=280454"},{"taxonomy":"post_tag","embeddable":true,"href":"https:\/\/www.europesays.com\/fr\/wp-json\/wp\/v2\/tags?post=280454"}],"curies":[{"name":"wp","href":"https:\/\/api.w.org\/{rel}","templated":true}]}}