{"id":280465,"date":"2025-07-28T21:05:11","date_gmt":"2025-07-28T21:05:11","guid":{"rendered":"https:\/\/www.europesays.com\/fr\/280465\/"},"modified":"2025-07-28T21:05:11","modified_gmt":"2025-07-28T21:05:11","slug":"le-reseau-social-x-limite-laffichage-des-contenus-pornographiques-dans-lunion-europeenne","status":"publish","type":"post","link":"https:\/\/www.europesays.com\/fr\/280465\/","title":{"rendered":"Le r\u00e9seau social X limite l\u2019affichage des contenus pornographiques dans l\u2019Union europ\u00e9enne"},"content":{"rendered":"<p>                          <img loading=\"lazy\" decoding=\"async\" src=\"https:\/\/www.europesays.com\/fr\/wp-content\/uploads\/2025\/07\/7dac44b_upload-1-priagw2u8ybj-image-7.png\" alt=\"\"   width=\"664\" height=\"443\"\/>      CAPTURE D\u2019\u00c9CRAN LE MONDE &#8211; X                   <\/p>\n<p class=\"article__paragraph  \">Vers la fin du X sur X\u00a0? Le r\u00e9seau social d\u2019Elon Musk a mis en place, dans l\u2019Union europ\u00e9enne (UE), une nouvelle politique de restriction de contenus pour ses utilisateurs n\u2019ayant pas utilis\u00e9 un syst\u00e8me de v\u00e9rification d\u2019\u00e2ge qui prouve leur majorit\u00e9. Parmi les cons\u00e9quences\u00a0: une impossibilit\u00e9 manifeste d\u2019acc\u00e9der \u00e0 des contenus pornographiques pour des utilisateurs europ\u00e9ens dont l\u2019\u00e2ge reste incertain aux yeux de l\u2019entreprise, dans l\u2019attente que soient d\u00e9ploy\u00e9s de nouveaux outils de v\u00e9rification de majorit\u00e9 par le r\u00e9seau social.<\/p>\n<p class=\"article__paragraph  \">D\u2019apr\u00e8s les constats du Monde, lundi 28\u00a0juillet, des vid\u00e9os montrant des sc\u00e8nes pornographiques ou des contenus consid\u00e9r\u00e9s comme \u00ab\u00a0sensibles\u00a0\u00bb, publi\u00e9es sur X ces derniers jours, ne sont d\u00e9sormais plus accessibles \u00e0 tous les utilisateurs fran\u00e7ais. Pour certains, un message appara\u00eet \u00e0 la place\u00a0: \u00ab\u00a0En raison de la l\u00e9gislation locale, nous limitons temporairement l\u2019acc\u00e8s \u00e0 ce contenu jusqu\u2019\u00e0 ce que X estime votre \u00e2ge.\u00a0\u00bb<\/p>\n<p>             IA ou reconnaissance faciale pour prouver son \u00e2ge             <\/p>\n<p class=\"article__paragraph  \">Le lien publi\u00e9 par X \u00e0 la fin de cette explication m\u00e8ne \u00e0 une <a href=\"https:\/\/help.x.com\/en\/rules-and-policies\/age-assurance\" target=\"_blank\" rel=\"noopener nofollow\" title=\"Nouvelle fen\u00eatre\">nouvelle page de documentation<\/a> en anglais, publi\u00e9e dans la soir\u00e9e du 24\u00a0juillet. \u00ab\u00a0Nous sommes tenus par la r\u00e9glementation, notamment la loi britannique sur la s\u00e9curit\u00e9 en ligne (Online Safety Act), le code irlandais sur la s\u00e9curit\u00e9 en ligne (Irish Online Safety Code) et la loi europ\u00e9enne sur les services num\u00e9riques (Digital Services Act), de v\u00e9rifier votre \u00e2ge pour vous permettre d\u2019acc\u00e9der \u00e0 certains types de contenu\u00a0\u00bb, pr\u00e9cise le texte, pour justifier la mise en place de ces mesures.<\/p>\n<p>                                Lire aussi |  Article r\u00e9serv\u00e9 \u00e0 nos abonn\u00e9s  <a href=\"https:\/\/www.lemonde.fr\/pixels\/article\/2025\/07\/18\/sur-les-sites-pornographiques-la-verification-de-l-age-s-impose-progressivement-du-royaume-uni-a-la-france_6622096_4408996.html\" class=\"js-article-read-also catcher--favoris__link\" data-premium=\"1\" id=\"article-title-3427809\" rel=\"nofollow noopener\" target=\"_blank\">Sur les sites pornographiques, la v\u00e9rification de l\u2019\u00e2ge s\u2019impose progressivement du Royaume-Uni \u00e0 la France<\/a>    <\/p>\n<p>   Lire plus tard  <\/p>\n<p class=\"article__paragraph  \">Le r\u00e9seau social d\u00e9taille ensuite comment il pr\u00e9voit de v\u00e9rifier l\u2019\u00e2ge de ses utilisateurs. D\u2019une part, \u00e0 partir des informations d\u00e9j\u00e0 renseign\u00e9es par ses membres, telles que l\u2019envoi d\u2019un document d\u2019identit\u00e9 d\u00e9j\u00e0 fait par le pass\u00e9 (<a href=\"https:\/\/help.x.com\/fr\/rules-and-policies\/verification-policy\" target=\"_blank\" rel=\"noopener nofollow\" title=\"Nouvelle fen\u00eatre\">les abonn\u00e9s \u00e0 la version payante X Premium<\/a> ont par exemple pu le faire pour obtenir un \u00ab\u00a0badge d\u2019identit\u00e9\u00a0\u00bb ), un contr\u00f4le de l\u2019adresse e-mail reli\u00e9e au compte X, ou encore la date de cr\u00e9ation du compte. Si ce dernier a \u00e9t\u00e9 ouvert avant 2012, il sera ainsi consid\u00e9r\u00e9 comme appartenant n\u00e9cessairement \u00e0 un majeur.<\/p>\n<p class=\"article__paragraph  \">D\u2019autre part, pr\u00e9cise X, vont \u00e9galement appara\u00eetre deux syst\u00e8mes de v\u00e9rification de l\u2019\u00e2ge\u00a0: soit \u00e0 travers de l\u2019authentification d\u2019un document d\u2019identit\u00e9 par un outil \u00ab\u00a0d\u2019intelligence artificielle\u00a0\u00bb, soit par une \u00ab\u00a0reconnaissance faciale\u00a0\u00bb d\u2019un selfie pris en direct, qui \u00ab\u00a0estimera\u00a0\u00bb si la personne film\u00e9e par son smartphone a plus de 18\u00a0ans.<\/p>\n<p class=\"article__paragraph  \">De tels outils seront mis en place par X dans l\u2019UE \u00ab\u00a0dans les prochaines semaines\u00a0\u00bb et, en cas de test pass\u00e9 avec succ\u00e8s, ses utilisateurs pourront \u00e0 nouveau voir les m\u00e9dias consid\u00e9r\u00e9s comme \u00ab\u00a0sensibles\u00a0\u00bb, pr\u00e9cise la documentation de la plateforme. Contact\u00e9es, les \u00e9quipes de X n\u2019ont, pour l\u2019heure, pas r\u00e9pondu aux questions du Monde sur les modalit\u00e9s de d\u00e9ploiement de ces syst\u00e8mes.<\/p>\n<p>                                Lire aussi |  <a href=\"https:\/\/www.lemonde.fr\/pixels\/article\/2025\/07\/14\/cinq-pays-europeens-dont-la-france-vont-tester-une-application-de-verification-de-l-age-en-ligne_6621183_4408996.html\" class=\"js-article-read-also catcher--favoris__link\" data-premium=\"\" id=\"article-title-3431488\" rel=\"nofollow noopener\" target=\"_blank\">Cinq pays europ\u00e9ens, dont la France, vont tester une application pour v\u00e9rifier l\u2019\u00e2ge des utilisateurs sur Internet<\/a>    <\/p>\n<p>   Lire plus tard  <\/p>\n<p>                   Un r\u00e9seau globalement permissif             <\/p>\n<p class=\"article__paragraph  \">X est loin d\u2019\u00eatre la seule soci\u00e9t\u00e9 \u00e0 avoir mis en place une nouvelle politique concernant les contenus pornographiques depuis le 25\u00a0juillet. Depuis cette date, <a href=\"https:\/\/www.lemonde.fr\/pixels\/article\/2025\/07\/25\/au-royaume-uni-les-sites-pornographiques-tenus-de-verifier-l-age-de-leurs-utilisateurs_6623871_4408996.html\" rel=\"nofollow noopener\" target=\"_blank\">en vertu de l\u2019Online Safety Act<\/a>, toutes les plateformes proposant du contenu interdit aux moins de 18\u00a0ans au Royaume-Uni <a href=\"https:\/\/www.lemonde.fr\/pixels\/article\/2025\/07\/25\/au-royaume-uni-les-sites-pornographiques-tenus-de-verifier-l-age-de-leurs-utilisateurs_6623871_4408996.html\" rel=\"nofollow noopener\" target=\"_blank\">sont en effet tenues d\u2019employer des m\u00e9thodes pour contr\u00f4ler l\u2019\u00e2ge de leurs utilisateurs<\/a>. Le r\u00e9seau social semble toutefois avoir choisi d\u2019appliquer plus largement ces restrictions aux pays voisins.<\/p>\n<p> Suivez-nous sur WhatsApp  <\/p>\n<p> <a href=\"https:\/\/www.whatsapp.com\/channel\/0029Va5zhNKCHDyitjj9ut0u\" class=\"inread__link js-services-inread-link\" target=\"_blank\" rel=\"nofollow noopener\">  <\/p>\n<p>Restez inform\u00e9s<\/p>\n<p>Retrouvez la s\u00e9lection de la r\u00e9daction sur notre cha\u00eene<\/p>\n<p>Rejoindre<\/p>\n<p> <\/a>         <\/p>\n<p class=\"article__paragraph  \">X est largement connu pour sa permissivit\u00e9 en mati\u00e8re de contenus pour adultes, et est pris\u00e9 par de nombreux cr\u00e9ateurs de contenus pornographiques. Le r\u00e9seau <a href=\"https:\/\/www.lemonde.fr\/pixels\/article\/2024\/06\/04\/le-reseau-social-x-autorise-officiellement-les-contenus-pornographiques-produits-et-distribues-de-facon-consensuelle_6237145_4408996.html\" rel=\"nofollow noopener\" target=\"_blank\">rappelait<\/a>, en juin\u00a02024, que ses \u00ab\u00a0utilisateurs devraient pouvoir cr\u00e9er, diffuser et visionner des contenus sexuels d\u00e8s lors qu\u2019ils sont produits et distribu\u00e9s de fa\u00e7on consensuelle\u00a0\u00bb. Dans un message publi\u00e9 dimanche, Elon Musk, propri\u00e9taire de\u00a0X, a dit regretter les \u00ab\u00a0attaques\u00a0\u00bb men\u00e9es contre \u00ab\u00a0Internet\u00a0\u00bb depuis l\u2019Europe et le Royaume-Uni, au nom de la \u00ab\u00a0protection des enfants\u00a0\u00bb.<\/p>\n<p>                                Lire aussi |  <a href=\"https:\/\/www.lemonde.fr\/international\/article\/2025\/07\/26\/les-etats-unis-denoncent-une-enquete-penale-contre-le-reseau-social-x-en-france_6624011_3210.html\" class=\"js-article-read-also catcher--favoris__link\" data-premium=\"\" id=\"article-title-3432865\" rel=\"nofollow noopener\" target=\"_blank\">L\u2019administration Trump s\u2019en prend \u00e0 la justice fran\u00e7aise pour l\u2019enqu\u00eate ouverte contre le r\u00e9seau social X<\/a>    <\/p>\n<p>   Lire plus tard  <\/p>\n<p class=\"author__detail\">  Le Monde  <\/p>\n<p>                  <a href=\"https:\/\/www.lemonde.fr\/syndication\/\" class=\"reuse__content\" title=\"R\u00e9utiliser ce contenu\" target=\"_blank\" rel=\"nofollow noopener\">R\u00e9utiliser ce contenu<\/a>      <\/p>\n","protected":false},"excerpt":{"rendered":"CAPTURE D\u2019\u00c9CRAN LE MONDE &#8211; X Vers la fin du X sur X\u00a0? Le r\u00e9seau social d\u2019Elon Musk&hellip;\n","protected":false},"author":2,"featured_media":280466,"comment_status":"","ping_status":"","sticky":false,"template":"","format":"standard","meta":{"footnotes":""},"categories":[1586],"tags":[11,1777,674,1779,1011,27,12,25,1778,364],"class_list":{"0":"post-280465","1":"post","2":"type-post","3":"status-publish","4":"format-standard","5":"has-post-thumbnail","7":"category-europe","8":"tag-actualites","9":"tag-eu","10":"tag-europe","11":"tag-european-union","12":"tag-fr","13":"tag-france","14":"tag-news","15":"tag-republique-francaise","16":"tag-ue","17":"tag-union-europeenne"},"share_on_mastodon":{"url":"https:\/\/pubeurope.com\/@fr\/114932896505809574","error":""},"_links":{"self":[{"href":"https:\/\/www.europesays.com\/fr\/wp-json\/wp\/v2\/posts\/280465","targetHints":{"allow":["GET"]}}],"collection":[{"href":"https:\/\/www.europesays.com\/fr\/wp-json\/wp\/v2\/posts"}],"about":[{"href":"https:\/\/www.europesays.com\/fr\/wp-json\/wp\/v2\/types\/post"}],"author":[{"embeddable":true,"href":"https:\/\/www.europesays.com\/fr\/wp-json\/wp\/v2\/users\/2"}],"replies":[{"embeddable":true,"href":"https:\/\/www.europesays.com\/fr\/wp-json\/wp\/v2\/comments?post=280465"}],"version-history":[{"count":0,"href":"https:\/\/www.europesays.com\/fr\/wp-json\/wp\/v2\/posts\/280465\/revisions"}],"wp:featuredmedia":[{"embeddable":true,"href":"https:\/\/www.europesays.com\/fr\/wp-json\/wp\/v2\/media\/280466"}],"wp:attachment":[{"href":"https:\/\/www.europesays.com\/fr\/wp-json\/wp\/v2\/media?parent=280465"}],"wp:term":[{"taxonomy":"category","embeddable":true,"href":"https:\/\/www.europesays.com\/fr\/wp-json\/wp\/v2\/categories?post=280465"},{"taxonomy":"post_tag","embeddable":true,"href":"https:\/\/www.europesays.com\/fr\/wp-json\/wp\/v2\/tags?post=280465"}],"curies":[{"name":"wp","href":"https:\/\/api.w.org\/{rel}","templated":true}]}}