{"id":280472,"date":"2025-07-28T21:11:10","date_gmt":"2025-07-28T21:11:10","guid":{"rendered":"https:\/\/www.europesays.com\/fr\/280472\/"},"modified":"2025-07-28T21:11:10","modified_gmt":"2025-07-28T21:11:10","slug":"le-rct-de-retour-a-lentrainement-cap-sur-la-nouvelle-saison","status":"publish","type":"post","link":"https:\/\/www.europesays.com\/fr\/280472\/","title":{"rendered":"Le RCT de retour \u00e0 l\u2019entra\u00eenement, cap sur la nouvelle saison !"},"content":{"rendered":"<p>C\u2019\u00e9tait annonc\u00e9 par Pierre Mignoni le mois dernier, et nous y sommes d\u00e9j\u00e0.<\/p>\n<p>Les joueurs du Rugby Club Toulonnais ont retrouv\u00e9 le chemin de l\u2019entrainement ce lundi 28 juillet.<\/p>\n<p>Pour l\u2019occasion, le club a publi\u00e9 une vid\u00e9o sur ses r\u00e9seaux sociaux, \u00e0 retrouver ci-dessous.<\/p>\n<p>On peut notamment voir en action les recrues du RCT, comme Matt\u00e9o Garcia, Nikoloz Narmania ou encore Clovis Le Bail.<\/p>\n<p>Les internationaux et les bless\u00e9s comme Charles Ollivon ou Gianmarco Lucchesi manquent \u00e0 l\u2019appel.<\/p>\n<p>Interrogation autour de Kyle Sinckler qui portait un chasuble \u00ab\u00a0bless\u00e9\u00a0\u00bb.<\/p>\n<p><strong>La vid\u00e9o de ce retour aux affaires :<\/strong><\/p>\n<blockquote class=\"twitter-tweet\">\n<p dir=\"ltr\" lang=\"fr\">\ud835\udc0f\ud835\udc2b\ud835\udc1e\ud835\udc26\ud835\udc22\ud835\udc1e\ud835\udc2b\ud835\udc2c \ud835\udc26\ud835\udc28\ud835\udc26\ud835\udc1e\ud835\udc27\ud835\udc2d\ud835\udc2c \ud83c\udfc9<\/p>\n<p>Premi\u00e8res passes, premiers \u00e9changes et premiers instants ensemble pour cette saison 2025\/2026 \ud83e\udd70<a href=\"https:\/\/twitter.com\/hashtag\/ParceQueToulon?src=hash&amp;ref_src=twsrc%5Etfw\" rel=\"nofollow noopener\" target=\"_blank\">#ParceQueToulon<\/a> <a href=\"https:\/\/t.co\/atcTAx4ltq\" rel=\"nofollow\">pic.twitter.com\/atcTAx4ltq<\/a><\/p>\n<p>\u2014 RCT \u2013 Rugby Club Toulonnais (@RCTofficiel) <a href=\"https:\/\/twitter.com\/RCTofficiel\/status\/1949869681570959858?ref_src=twsrc%5Etfw\" rel=\"nofollow noopener\" target=\"_blank\">July 28, 2025<\/a><\/p>\n<\/blockquote>\n<blockquote class=\"twitter-tweet\">\n<p lang=\"fr\" dir=\"ltr\">\ud835\uddd7\ud835\uddf2 \ud835\uddff\ud835\uddf2\ud835\ude01\ud835\uddfc\ud835\ude02\ud835\uddff \ud83d\udc4a<\/p>\n<p>Nos Rouge &amp; Noir ont repris le chemin de l&rsquo;entrainement ce matin au Campus RCT \ud83d\udd34\u26ab<a href=\"https:\/\/twitter.com\/hashtag\/ParceQueToulon?src=hash&amp;ref_src=twsrc%5Etfw\" rel=\"nofollow noopener\" target=\"_blank\">#ParceQueToulon<\/a> <a href=\"https:\/\/t.co\/mtz67E2HdV\" rel=\"nofollow\">pic.twitter.com\/mtz67E2HdV<\/a><\/p>\n<p>\u2014 RCT \u2013 Rugby Club Toulonnais (@RCTofficiel) <a href=\"https:\/\/twitter.com\/RCTofficiel\/status\/1949813380849582399?ref_src=twsrc%5Etfw\" rel=\"nofollow noopener\" target=\"_blank\">July 28, 2025<\/a><\/p>\n<\/blockquote>\n<p><script async src=\"https:\/\/platform.twitter.com\/widgets.js\" charset=\"utf-8\"><\/script><\/p>\n","protected":false},"excerpt":{"rendered":"C\u2019\u00e9tait annonc\u00e9 par Pierre Mignoni le mois dernier, et nous y sommes d\u00e9j\u00e0. Les joueurs du Rugby Club&hellip;\n","protected":false},"author":2,"featured_media":232086,"comment_status":"","ping_status":"","sticky":false,"template":"","format":"standard","meta":{"footnotes":""},"categories":[1416],"tags":[1011,27,479,1468,60],"class_list":{"0":"post-280472","1":"post","2":"type-post","3":"status-publish","4":"format-standard","5":"has-post-thumbnail","7":"category-rugby","8":"tag-fr","9":"tag-france","10":"tag-rugby","11":"tag-rugby-football","12":"tag-sports"},"share_on_mastodon":{"url":"https:\/\/pubeurope.com\/@fr\/114932920095981362","error":""},"_links":{"self":[{"href":"https:\/\/www.europesays.com\/fr\/wp-json\/wp\/v2\/posts\/280472","targetHints":{"allow":["GET"]}}],"collection":[{"href":"https:\/\/www.europesays.com\/fr\/wp-json\/wp\/v2\/posts"}],"about":[{"href":"https:\/\/www.europesays.com\/fr\/wp-json\/wp\/v2\/types\/post"}],"author":[{"embeddable":true,"href":"https:\/\/www.europesays.com\/fr\/wp-json\/wp\/v2\/users\/2"}],"replies":[{"embeddable":true,"href":"https:\/\/www.europesays.com\/fr\/wp-json\/wp\/v2\/comments?post=280472"}],"version-history":[{"count":0,"href":"https:\/\/www.europesays.com\/fr\/wp-json\/wp\/v2\/posts\/280472\/revisions"}],"wp:featuredmedia":[{"embeddable":true,"href":"https:\/\/www.europesays.com\/fr\/wp-json\/wp\/v2\/media\/232086"}],"wp:attachment":[{"href":"https:\/\/www.europesays.com\/fr\/wp-json\/wp\/v2\/media?parent=280472"}],"wp:term":[{"taxonomy":"category","embeddable":true,"href":"https:\/\/www.europesays.com\/fr\/wp-json\/wp\/v2\/categories?post=280472"},{"taxonomy":"post_tag","embeddable":true,"href":"https:\/\/www.europesays.com\/fr\/wp-json\/wp\/v2\/tags?post=280472"}],"curies":[{"name":"wp","href":"https:\/\/api.w.org\/{rel}","templated":true}]}}