{"id":280500,"date":"2025-07-28T21:28:11","date_gmt":"2025-07-28T21:28:11","guid":{"rendered":"https:\/\/www.europesays.com\/fr\/280500\/"},"modified":"2025-07-28T21:28:11","modified_gmt":"2025-07-28T21:28:11","slug":"incroyable-apres-20-ans-elle-ecrit-son-nom-par-la-pensee-grace-a-une-puce-neuralink","status":"publish","type":"post","link":"https:\/\/www.europesays.com\/fr\/280500\/","title":{"rendered":"Incroyable : Apr\u00e8s 20 ans, elle \u00e9crit son nom par la pens\u00e9e gr\u00e2ce \u00e0 une puce Neuralink"},"content":{"rendered":"<p class=\"ed__a-p ed__bdy__l\">Audrey Crews, paralys\u00e9e depuis plus de vingt ans, a marqu\u00e9 l\u2019histoire en parvenant \u00e0 \u00e9crire son nom simplement avec ses pens\u00e9es. C\u2019est une premi\u00e8re mondiale rendue possible par une puce c\u00e9r\u00e9brale d\u00e9velopp\u00e9e par la soci\u00e9t\u00e9 Neuralink, fond\u00e9e par Elon Musk. Elle est d\u00e9sormais la premi\u00e8re femme \u00e0 avoir \u00e9t\u00e9 implant\u00e9e avec ce dispositif.<\/p>\n<p>            Publicit\u00e9, votre contenu continue ci-dessous<\/p>\n<p>        Publicit\u00e9<\/p>\n<p>Audrey Crews parvient \u00e0 \u00e9crire par la pens\u00e9e, une premi\u00e8re mondiale<\/p>\n<p class=\"ed__a-p ed__bdy__l\">C\u2019est un tournant historique pour les interfaces cerveau-machine. Audrey Crews, paralys\u00e9e depuis plus de vingt ans, a r\u00e9ussi \u00e0 \u00e9crire son nom uniquement gr\u00e2ce \u00e0 ses pens\u00e9es, gr\u00e2ce \u00e0 une puce implant\u00e9e dans son cerveau. Elle devient ainsi la toute premi\u00e8re femme au monde \u00e0 tester cette technologie d\u00e9velopp\u00e9e par Neuralink, l\u2019entreprise fond\u00e9e par <a href=\"https:\/\/www.lesnumeriques.com\/intelligence-artificielle\/optimus-est-un-echec-pour-elon-musk-le-robot-humanoide-n-a-pas-atteint-cet-objectif-trop-ambitieux-n240328.html\" title=\"Optimus est un \u00e9chec pour Elon Musk : le robot humano\u00efde n&#039;a pas atteint cet objectif trop ambitieux\" rel=\"nofollow noopener\" target=\"_blank\">Elon Musk<\/a>.<\/p>\n<p class=\"ed__a-p ed__bdy__l\">Audrey a partag\u00e9 son exp\u00e9rience sur X (anciennement Twitter), racontant que l\u2019intervention avait eu lieu la semaine pr\u00e9c\u00e9dente \u00e0 l\u2019Universit\u00e9 de Miami. L\u2019implant, de la taille d\u2019une pi\u00e8ce de 25 centimes, a \u00e9t\u00e9 ins\u00e9r\u00e9 dans son cortex moteur via un petit trou dans le cr\u00e2ne. Il est reli\u00e9 \u00e0 128 microfils destin\u00e9s \u00e0 capter les signaux neuronaux responsables du mouvement.<\/p>\n<p class=\"ed__a-p ed__bdy__l\">Gr\u00e2ce \u00e0 cette interface cerveau-ordinateur (BCI), Audrey peut d\u00e9sormais contr\u00f4ler son ordinateur par la pens\u00e9e seule. Une \u00e9tape qu\u2019elle n\u2019aurait jamais crue possible. Elle esp\u00e8re bient\u00f4t pouvoir commander d\u2019autres appareils \u00e9lectroniques. \u201cL\u2019op\u00e9ration s\u2019est tr\u00e8s bien pass\u00e9e. L\u2019\u00e9quipe m\u00e9dicale a \u00e9t\u00e9 incroyable. On m\u2019a trait\u00e9e comme une VIP\u201d, raconte-t-elle avec \u00e9motion.<\/p>\n<p class=\"ed__a-p ed__bdy__l\">Il faut toutefois noter que cet implant ne permettra pas \u00e0 Audrey de remarcher. \u201cIl s\u2019agit uniquement de t\u00e9l\u00e9pathie, c\u2019est-\u00e0-dire de communication directe entre mon cerveau et un ordinateur\u201d, pr\u00e9cise-t-elle dans son t\u00e9moignage.<\/p>\n<p>Une avanc\u00e9e qui fascine aussi Elon Musk<\/p>\n<p class=\"ed__a-p ed__bdy__l\">Elon Musk n\u2019a pas tard\u00e9 \u00e0 saluer cette avanc\u00e9e. Il a retweet\u00e9 le message d\u2019Audrey avec ce commentaire : \u201cElle \u00e9crit son nom par la pens\u00e9e pour la premi\u00e8re fois depuis 20 ans. Peu de gens r\u00e9alisent \u00e0 quel point c\u2019est extraordinaire.\u201d, rappelle le m\u00e9dia <a href=\"https:\/\/www.cnbctv18.com\/technology\/woman-writes-her-name-using-only-her-thoughts-after-20-years-thanks-to-neuralink-19644461.htm\" target=\"_blank\" rel=\"nofollow noopener\">CNBC TV18<\/a>.<\/p>\n<p class=\"ed__a-p ed__bdy__l\">Fond\u00e9e en 2016, <a href=\"https:\/\/www.lesnumeriques.com\/science-espace\/controle-par-la-pensee-de-nouvelles-demonstrations-neuralink-toujours-aussi-impressionnantes-n239039.html\" title=\"Contr\u00f4le par la pens\u00e9e : de nouvelles d\u00e9monstrations Neuralink toujours aussi impressionnantes\" rel=\"nofollow noopener\" target=\"_blank\">Neuralink<\/a> ambitionne de venir en aide aux personnes souffrant de l\u00e9sions neurologiques, et plus largement d&rsquo;am\u00e9liorer les capacit\u00e9s cognitives humaines. Le concept de \u00ab\u00a0neural lace\u00a0\u00bb (ou dentelle neuronale), inspir\u00e9 d\u2019un univers de science-fiction d\u2019Iain M. Banks, devient peu \u00e0 peu r\u00e9alit\u00e9.<\/p>\n<p class=\"ed__a-p ed__bdy__l\">Audrey Crews incarne aujourd\u2019hui l\u2019espoir de millions de patients dans le monde. Ce premier succ\u00e8s public ouvre une \u00e8re o\u00f9 la pens\u00e9e pourrait, \u00e0 terme, devenir un mode de communication aussi naturel que la parole.<\/p>\n","protected":false},"excerpt":{"rendered":"Audrey Crews, paralys\u00e9e depuis plus de vingt ans, a marqu\u00e9 l\u2019histoire en parvenant \u00e0 \u00e9crire son nom simplement&hellip;\n","protected":false},"author":2,"featured_media":280501,"comment_status":"","ping_status":"","sticky":false,"template":"","format":"standard","meta":{"footnotes":""},"categories":[7],"tags":[1011,27,43,40,41,39,42,44],"class_list":{"0":"post-280500","1":"post","2":"type-post","3":"status-publish","4":"format-standard","5":"has-post-thumbnail","7":"category-sciences-et-technologies","8":"tag-fr","9":"tag-france","10":"tag-science","11":"tag-science-and-technology","12":"tag-sciences","13":"tag-sciences-et-technologies","14":"tag-technologies","15":"tag-technology"},"share_on_mastodon":{"url":"https:\/\/pubeurope.com\/@fr\/114932986828355792","error":""},"_links":{"self":[{"href":"https:\/\/www.europesays.com\/fr\/wp-json\/wp\/v2\/posts\/280500","targetHints":{"allow":["GET"]}}],"collection":[{"href":"https:\/\/www.europesays.com\/fr\/wp-json\/wp\/v2\/posts"}],"about":[{"href":"https:\/\/www.europesays.com\/fr\/wp-json\/wp\/v2\/types\/post"}],"author":[{"embeddable":true,"href":"https:\/\/www.europesays.com\/fr\/wp-json\/wp\/v2\/users\/2"}],"replies":[{"embeddable":true,"href":"https:\/\/www.europesays.com\/fr\/wp-json\/wp\/v2\/comments?post=280500"}],"version-history":[{"count":0,"href":"https:\/\/www.europesays.com\/fr\/wp-json\/wp\/v2\/posts\/280500\/revisions"}],"wp:featuredmedia":[{"embeddable":true,"href":"https:\/\/www.europesays.com\/fr\/wp-json\/wp\/v2\/media\/280501"}],"wp:attachment":[{"href":"https:\/\/www.europesays.com\/fr\/wp-json\/wp\/v2\/media?parent=280500"}],"wp:term":[{"taxonomy":"category","embeddable":true,"href":"https:\/\/www.europesays.com\/fr\/wp-json\/wp\/v2\/categories?post=280500"},{"taxonomy":"post_tag","embeddable":true,"href":"https:\/\/www.europesays.com\/fr\/wp-json\/wp\/v2\/tags?post=280500"}],"curies":[{"name":"wp","href":"https:\/\/api.w.org\/{rel}","templated":true}]}}