{"id":280510,"date":"2025-07-28T21:34:11","date_gmt":"2025-07-28T21:34:11","guid":{"rendered":"https:\/\/www.europesays.com\/fr\/280510\/"},"modified":"2025-07-28T21:34:11","modified_gmt":"2025-07-28T21:34:11","slug":"firminy-passionnes-de-creation-ils-ont-expose-leur-travail-aux-talents-de-chazeau","status":"publish","type":"post","link":"https:\/\/www.europesays.com\/fr\/280510\/","title":{"rendered":"Firminy. Passionn\u00e9s de cr\u00e9ation, ils ont expos\u00e9 leur travail aux Talents de Chazeau"},"content":{"rendered":"<p>Chaque ann\u00e9e, l\u2019association Chazeau s\u2019anime (ex-conseil de quartier de Chazeau) organise une f\u00eate des voisins. Cette ann\u00e9e, Laurent Lherbret et son \u00e9quipe ont souhait\u00e9 enrichir cette journ\u00e9e conviviale en invitant quelques \u2018\u2019Talents de Chazeau\u2019\u2019 \u00e0 exposer leurs \u0153uvres. Une initiative appr\u00e9ci\u00e9e tant par les visiteurs que par les exposants, qui ont en commun la passion de fabriquer divers objets uniquement pour le plaisir de cr\u00e9er et d\u2019offrir mais n\u2019exposent que tr\u00e8s rarement et ne cherchent pas \u00e0 vendre. Parmi eux, Pascal Bulle a pr\u00e9sent\u00e9 la maquette du Soleil Royal, un majestueux trois ponts de l\u2019\u00e9poque de Louis\u00a0XIV. Rencontre avec ce maquettiste.<\/p>\n<p>\u00ab Actuellement, je fais la R\u00e9ale de France et je suis en train de terminer le porte-avions Charles-de-Gaulle \u00bb<\/p>\n<blockquote class=\"question\"><p>Qu\u2019est-ce qui vous passionne dans\u00a0les\u00a0maquettes\u00a0?<\/p><\/blockquote>\n<p>\u00ab\u00a0Je suis passionn\u00e9 par la fabrication de maquettes de bateaux et de trains \u00e9lectriques. Je fais d\u2019ailleurs partie de la&#8230;<\/p>\n","protected":false},"excerpt":{"rendered":"Chaque ann\u00e9e, l\u2019association Chazeau s\u2019anime (ex-conseil de quartier de Chazeau) organise une f\u00eate des voisins. Cette ann\u00e9e, Laurent&hellip;\n","protected":false},"author":2,"featured_media":280511,"comment_status":"","ping_status":"","sticky":false,"template":"","format":"standard","meta":{"footnotes":""},"categories":[9653],"tags":[1111,11,2430,7539,1777,674,10282,10283,1011,27,1757,12,25,4001],"class_list":{"0":"post-280510","1":"post","2":"type-post","3":"status-publish","4":"format-standard","5":"has-post-thumbnail","7":"category-saint-etienne","8":"tag-actu","9":"tag-actualites","10":"tag-auvergne-rhone-alpes","11":"tag-edition-loire-sud","12":"tag-eu","13":"tag-europe","14":"tag-firminy","15":"tag-firminy-ville","16":"tag-fr","17":"tag-france","18":"tag-insolite","19":"tag-news","20":"tag-republique-francaise","21":"tag-saint-etienne"},"share_on_mastodon":{"url":"https:\/\/pubeurope.com\/@fr\/114933010496808982","error":""},"_links":{"self":[{"href":"https:\/\/www.europesays.com\/fr\/wp-json\/wp\/v2\/posts\/280510","targetHints":{"allow":["GET"]}}],"collection":[{"href":"https:\/\/www.europesays.com\/fr\/wp-json\/wp\/v2\/posts"}],"about":[{"href":"https:\/\/www.europesays.com\/fr\/wp-json\/wp\/v2\/types\/post"}],"author":[{"embeddable":true,"href":"https:\/\/www.europesays.com\/fr\/wp-json\/wp\/v2\/users\/2"}],"replies":[{"embeddable":true,"href":"https:\/\/www.europesays.com\/fr\/wp-json\/wp\/v2\/comments?post=280510"}],"version-history":[{"count":0,"href":"https:\/\/www.europesays.com\/fr\/wp-json\/wp\/v2\/posts\/280510\/revisions"}],"wp:featuredmedia":[{"embeddable":true,"href":"https:\/\/www.europesays.com\/fr\/wp-json\/wp\/v2\/media\/280511"}],"wp:attachment":[{"href":"https:\/\/www.europesays.com\/fr\/wp-json\/wp\/v2\/media?parent=280510"}],"wp:term":[{"taxonomy":"category","embeddable":true,"href":"https:\/\/www.europesays.com\/fr\/wp-json\/wp\/v2\/categories?post=280510"},{"taxonomy":"post_tag","embeddable":true,"href":"https:\/\/www.europesays.com\/fr\/wp-json\/wp\/v2\/tags?post=280510"}],"curies":[{"name":"wp","href":"https:\/\/api.w.org\/{rel}","templated":true}]}}