{"id":280516,"date":"2025-07-28T21:39:15","date_gmt":"2025-07-28T21:39:15","guid":{"rendered":"https:\/\/www.europesays.com\/fr\/280516\/"},"modified":"2025-07-28T21:39:15","modified_gmt":"2025-07-28T21:39:15","slug":"en-images-quand-toulon-sinspire-du-porte-avions-charles-de-gaulle-pour-creer-son-maillot-exterieur","status":"publish","type":"post","link":"https:\/\/www.europesays.com\/fr\/280516\/","title":{"rendered":"en images, quand Toulon s\u2019inspire du porte-avions Charles de Gaulle pour cr\u00e9er son maillot ext\u00e9rieur"},"content":{"rendered":"<p><strong>LE SCAN SPORT<\/strong> &#8211; Le RCT a d\u00e9voil\u00e9 ce lundi son nouveau maillot ext\u00e9rieur pour la saison 2025-2026. Avec une belle inspiration.<\/p>\n<p class=\"fig-paragraph\"><a href=\"http:\/\/www.lefigaro.fr\/sports\/rugby\/top-14\/top-14-recrues-et-prolongations-de-contrat-le-rc-toulon-devoile-les-contours-de-son-mercato-20250707\" data-fig-type=\"NewsFlash\" data-gtm-custom-categorie=\"navigation\" data-gtm-custom-action=\"crossclick\" data-gtm-custom-label=\"Contextuel\" data-gtm-event=\"customEventSPE\" data-fig-domain=\"LEFIGARO\" target=\"_blank\" rel=\"noopener\">Toulon<\/a>\u00a0largue les amarres et prend son envol. Le RCT a d\u00e9voil\u00e9 ce lundi son nouveau maillot ext\u00e9rieur pour la saison 2025-2026. Cette ann\u00e9e, le Rugby club toulonnais a mis\u00e9 sur une cr\u00e9ation audacieuse, puisant son inspiration dans le fleuron de la Marine nationale, le porte-avions Charles de\u00a0Gaulle, qui f\u00eatera ses 25 ans de mise en service en mai 2026.<\/p>\n<p class=\"fig-paragraph\">Le RCT explique que \u00able flocage des num\u00e9ros reprend la typographie utilis\u00e9e sur les coques des navires de la Marine nationale\u00bb. Ajoutant \u00e9galement \u00abqu\u2019\u00e0 l\u2019int\u00e9rieur du col, les coordonn\u00e9es GPS du Port de Toulon symbolisant les racines de cette collaboration unique entre deux bastions du territoire varois\u00bb.<\/p>\n","protected":false},"excerpt":{"rendered":"LE SCAN SPORT &#8211; Le RCT a d\u00e9voil\u00e9 ce lundi son nouveau maillot ext\u00e9rieur pour la saison 2025-2026.&hellip;\n","protected":false},"author":2,"featured_media":280517,"comment_status":"","ping_status":"","sticky":false,"template":"","format":"standard","meta":{"footnotes":""},"categories":[9619],"tags":[1111,11,41986,1777,674,1011,27,4977,12,882,3461,25,2310],"class_list":{"0":"post-280516","1":"post","2":"type-post","3":"status-publish","4":"format-standard","5":"has-post-thumbnail","7":"category-toulon","8":"tag-actu","9":"tag-actualites","10":"tag-charles-ollivon","11":"tag-eu","12":"tag-europe","13":"tag-fr","14":"tag-france","15":"tag-le-scan-sport","16":"tag-news","17":"tag-provence-alpes-cote-dazur","18":"tag-rct","19":"tag-republique-francaise","20":"tag-toulon"},"share_on_mastodon":{"url":"https:\/\/pubeurope.com\/@fr\/114933030157765940","error":""},"_links":{"self":[{"href":"https:\/\/www.europesays.com\/fr\/wp-json\/wp\/v2\/posts\/280516","targetHints":{"allow":["GET"]}}],"collection":[{"href":"https:\/\/www.europesays.com\/fr\/wp-json\/wp\/v2\/posts"}],"about":[{"href":"https:\/\/www.europesays.com\/fr\/wp-json\/wp\/v2\/types\/post"}],"author":[{"embeddable":true,"href":"https:\/\/www.europesays.com\/fr\/wp-json\/wp\/v2\/users\/2"}],"replies":[{"embeddable":true,"href":"https:\/\/www.europesays.com\/fr\/wp-json\/wp\/v2\/comments?post=280516"}],"version-history":[{"count":0,"href":"https:\/\/www.europesays.com\/fr\/wp-json\/wp\/v2\/posts\/280516\/revisions"}],"wp:featuredmedia":[{"embeddable":true,"href":"https:\/\/www.europesays.com\/fr\/wp-json\/wp\/v2\/media\/280517"}],"wp:attachment":[{"href":"https:\/\/www.europesays.com\/fr\/wp-json\/wp\/v2\/media?parent=280516"}],"wp:term":[{"taxonomy":"category","embeddable":true,"href":"https:\/\/www.europesays.com\/fr\/wp-json\/wp\/v2\/categories?post=280516"},{"taxonomy":"post_tag","embeddable":true,"href":"https:\/\/www.europesays.com\/fr\/wp-json\/wp\/v2\/tags?post=280516"}],"curies":[{"name":"wp","href":"https:\/\/api.w.org\/{rel}","templated":true}]}}