{"id":280524,"date":"2025-07-28T21:47:14","date_gmt":"2025-07-28T21:47:14","guid":{"rendered":"https:\/\/www.europesays.com\/fr\/280524\/"},"modified":"2025-07-28T21:47:14","modified_gmt":"2025-07-28T21:47:14","slug":"la-commune-renove-la-totalite-de-son-eclairage-public","status":"publish","type":"post","link":"https:\/\/www.europesays.com\/fr\/280524\/","title":{"rendered":"La commune r\u00e9nove la totalit\u00e9 de son \u00e9clairage public"},"content":{"rendered":"<p>C\u2019est une op\u00e9ration d\u2019envergure de r\u00e9novation globale qui va se terminer \u00e0 la fin de l\u2019ann\u00e9e. Elle divisera plus que par deux\u00a0la consommation \u00e9lectrique.<\/p>\n<p>Jean-Francis Richeux, le maire, Christ\u00e8le Loncle, vice-pr\u00e9sidente du Syndicat d\u00e9partemental d\u2019\u00e9nergie 35, et Christophe Lenormand, conducteur d\u2019op\u00e9rations au SDE, sont venus sur site le 25\u00a0juillet pour faire le point. Les travaux ont commenc\u00e9 le 12\u00a0mai pour une dur\u00e9e pr\u00e9visionnelle de six mois.<\/p>\n<p><strong>Lire aussi\u00a0: <\/strong> <a href=\"https:\/\/fougeres.maville.com\/actu\/actudet_-comment-cette-petite-commune-d-ille-et-vilaine-a-fait-baisser-de-60-sa-facture-d-eclairage-public-_7-6546633_actu.Htm\" rel=\"nofollow noopener\" target=\"_blank\">Comment cette petite commune d\u2019Ille-et-Vilaine a fait baisser de 60\u00a0% sa facture d\u2019\u00e9clairage public<\/a><\/p>\n<p>Ces travaux cons\u00e9quents d\u2019un montant de plus de 315\u00a0000\u00a0\u20ac ont \u00e9t\u00e9 d\u00e9cid\u00e9s lors du conseil municipal du 10\u00a0avril. Une convention avec le SDE 35\u00a0pour la r\u00e9novation globale (PPI) de l\u2019\u00e9clairage public de la commune a \u00e9t\u00e9 valid\u00e9e.<\/p>\n<p>\u00ab\u00a0Obsol\u00e8te et d\u00e9fectueux par endroits\u00a0\u00bb<\/p>\n<p>L\u2019objectif du SDE35\u00a0est de r\u00e9duire de 30\u00a0% la consommation \u00e9nerg\u00e9tique du parc d\u2019\u00e9clairage public d\u2019ici 2027, soit une \u00e9conomie de 3,6 GWh\/an. \u00a0Le r\u00e9seau \u00e9tait obsol\u00e8te et d\u00e9fectueux par endroits, c\u2019est dans ce cadre que la commune s\u2019engage dans un projet important de r\u00e9novation pour l\u2019ensemble de la commune permettant des \u00e9conomies importantes\u00a0, souligne Jean-Francis Richeux.<\/p>\n<p>Il rappelle que \u00a0le Sch\u00e9ma de coh\u00e9rence d\u2019ambiance nocturne (Scan) propose aux communes adh\u00e9rentes la mise en place d\u2019un plan de r\u00e9novation et de mise aux normes des infrastructures d\u2019\u00e9clairage public avec un triple enjeu\u00a0: la s\u00e9curit\u00e9, des \u00e9conomies d\u2019\u00e9nergie et la diminution de la pollution lumineuse.\u00a0<\/p>\n<p>Il cible les zones et points lumineux \u00e0 r\u00e9nover en priorit\u00e9, en fonction des besoins, des autres travaux pr\u00e9vus ou \u00e0 pr\u00e9voir comme l\u2019effacement de r\u00e9seaux, du degr\u00e9 de v\u00e9tust\u00e9 et du caract\u00e8re plus ou moins \u00e9nergivore du mat\u00e9riel install\u00e9. Saint-P\u00e8re-Marc-en-Poulet est la premi\u00e8re commune \u00e0 r\u00e9nover la totalit\u00e9 de son r\u00e9seau avec le SDE 35.<\/p>\n<p>La participation du SDE 35\u00a0est de 222\u00a0287\u00a0\u20ac laissant une participation \u00e0 la commune de 93\u00a0013\u00a0\u20ac. Une avance remboursable sur quatre\u00a0ans de ce montant est attribu\u00e9e \u00e0 la commune. Pour le maire, \u00a0l\u2019\u00e9ch\u00e9ancier de facturation, sur plusieurs exercices propos\u00e9 par le SDE 35, permet de lisser la d\u00e9pense. \u00a0<\/p>\n<p>\u00a0<\/p>\n","protected":false},"excerpt":{"rendered":"C\u2019est une op\u00e9ration d\u2019envergure de r\u00e9novation globale qui va se terminer \u00e0 la fin de l\u2019ann\u00e9e. Elle divisera&hellip;\n","protected":false},"author":2,"featured_media":280525,"comment_status":"","ping_status":"","sticky":false,"template":"","format":"standard","meta":{"footnotes":""},"categories":[2821],"tags":[1111,11,829,7052,15925,1777,674,1011,27,12,3532,584,14969,25,35087],"class_list":{"0":"post-280524","1":"post","2":"type-post","3":"status-publish","4":"format-standard","5":"has-post-thumbnail","7":"category-rennes","8":"tag-actu","9":"tag-actualites","10":"tag-bretagne","11":"tag-commune","12":"tag-eclairage","13":"tag-eu","14":"tag-europe","15":"tag-fr","16":"tag-france","17":"tag-news","18":"tag-public","19":"tag-rennes","20":"tag-renove","21":"tag-republique-francaise","22":"tag-totalite"},"share_on_mastodon":{"url":"https:\/\/pubeurope.com\/@fr\/114933061625710585","error":""},"_links":{"self":[{"href":"https:\/\/www.europesays.com\/fr\/wp-json\/wp\/v2\/posts\/280524","targetHints":{"allow":["GET"]}}],"collection":[{"href":"https:\/\/www.europesays.com\/fr\/wp-json\/wp\/v2\/posts"}],"about":[{"href":"https:\/\/www.europesays.com\/fr\/wp-json\/wp\/v2\/types\/post"}],"author":[{"embeddable":true,"href":"https:\/\/www.europesays.com\/fr\/wp-json\/wp\/v2\/users\/2"}],"replies":[{"embeddable":true,"href":"https:\/\/www.europesays.com\/fr\/wp-json\/wp\/v2\/comments?post=280524"}],"version-history":[{"count":0,"href":"https:\/\/www.europesays.com\/fr\/wp-json\/wp\/v2\/posts\/280524\/revisions"}],"wp:featuredmedia":[{"embeddable":true,"href":"https:\/\/www.europesays.com\/fr\/wp-json\/wp\/v2\/media\/280525"}],"wp:attachment":[{"href":"https:\/\/www.europesays.com\/fr\/wp-json\/wp\/v2\/media?parent=280524"}],"wp:term":[{"taxonomy":"category","embeddable":true,"href":"https:\/\/www.europesays.com\/fr\/wp-json\/wp\/v2\/categories?post=280524"},{"taxonomy":"post_tag","embeddable":true,"href":"https:\/\/www.europesays.com\/fr\/wp-json\/wp\/v2\/tags?post=280524"}],"curies":[{"name":"wp","href":"https:\/\/api.w.org\/{rel}","templated":true}]}}