{"id":280553,"date":"2025-07-28T22:03:16","date_gmt":"2025-07-28T22:03:16","guid":{"rendered":"https:\/\/www.europesays.com\/fr\/280553\/"},"modified":"2025-07-28T22:03:16","modified_gmt":"2025-07-28T22:03:16","slug":"lyon-pour-le-passage-du-tour-de-france-un-lyonnais-dessine-a-velo-un-velo-dans-paris","status":"publish","type":"post","link":"https:\/\/www.europesays.com\/fr\/280553\/","title":{"rendered":"Lyon. Pour le passage du Tour de France, un Lyonnais dessine \u00e0 v\u00e9lo\u2026 un v\u00e9lo dans Paris"},"content":{"rendered":"<p>L\u2019homme aux mille d\u00e9fis, c\u2019est lui\u00a0! \u00c9l\u00e9phant, avion, moustache, ruban, carte de France ou encore Mario Kart\u00a0: \u00e0 v\u00e9lo et en course \u00e0 pied, depuis qu\u2019il s\u2019est mis au GPS drawing, Guillaume Lazert a effectu\u00e9 4\u00a0000\u00a0km en cumul\u00e9.<\/p>\n<p>Un nombre auquel il convient d\u00e9sormais d\u2019ajouter 120,75 autres kilom\u00e8tres pour la r\u00e9alisation de son dernier dessin. Un v\u00e9lo, dessin\u00e9 en V\u00e9lib&rsquo; \u00e0 Paris, pour le Tour de France. Un projet qui aura n\u00e9cessit\u00e9 une semaine de pr\u00e9paration et 8\u00a0h\u00a043 de p\u00e9dalage pour passer par des endroits symboliques de la capitale\u00a0: le palais de l\u2019\u00c9lys\u00e9e, la cath\u00e9drale Notre-Dame, la Tour Eiffel, l\u2019Assembl\u00e9e nationale.<\/p>\n<p>Et comme l\u2019artiste au GPS ne fait pas les choses \u00e0 moiti\u00e9, \u00ab\u00a0j\u2019ai voulu faire un d\u00e9tour jusqu\u2019\u00e0 la niche de Laurent Fignon, vainqueur du Tour en\u00a01983 et\u00a01984, au columbarium du cimeti\u00e8re du P\u00e8re Lachaise\u00a0\u00bb, confie-t-il au Progr\u00e8s  ce lundi 28\u00a0juillet.<\/p>\n<p>  Deux \u00ab\u00a0runs myst\u00e8re\u00a0\u00bb pour d\u00e9couvrir la pratique<\/p>\n<p>Ceux qui voudraient tenter l\u2019aventure du GPS drawing peuvent d\u2019ores et d\u00e9j\u00e0 s\u2019inscrire sur le compte Instagram de Guillaume\u00a0: <a href=\"https:\/\/www.instagram.com\/gl.gps.drawing\/\" target=\"_blank\" rel=\"nofollow noopener\">@gl.gps.drawing<\/a>. Vacances ou pas vacances, il organise comme \u00e0 son habitude une \u00ab\u00a0run myst\u00e8re\u00a0\u00bb (parcours et dessin inconnus) ce mercredi 30\u00a0juillet et une suivante le 20\u00a0ao\u00fbt.<\/p>\n<p><script async src=\"\/\/www.instagram.com\/embed.js\"><\/script><\/p>\n","protected":false},"excerpt":{"rendered":"L\u2019homme aux mille d\u00e9fis, c\u2019est lui\u00a0! \u00c9l\u00e9phant, avion, moustache, ruban, carte de France ou encore Mario Kart\u00a0: \u00e0&hellip;\n","protected":false},"author":2,"featured_media":280554,"comment_status":"","ping_status":"","sticky":false,"template":"","format":"standard","meta":{"footnotes":""},"categories":[1889],"tags":[1111,11,2430,2757,1777,674,107,1011,27,1757,2428,2756,12,25,2429,210],"class_list":{"0":"post-280553","1":"post","2":"type-post","3":"status-publish","4":"format-standard","5":"has-post-thumbnail","7":"category-lyon","8":"tag-actu","9":"tag-actualites","10":"tag-auvergne-rhone-alpes","11":"tag-edition-lyon-villeurbanne","12":"tag-eu","13":"tag-europe","14":"tag-fil-info","15":"tag-fr","16":"tag-france","17":"tag-insolite","18":"tag-lyon","19":"tag-lyon-bassin","20":"tag-news","21":"tag-republique-francaise","22":"tag-rhone","23":"tag-tour-de-france"},"share_on_mastodon":{"url":"https:\/\/pubeurope.com\/@fr\/114933125404998499","error":""},"_links":{"self":[{"href":"https:\/\/www.europesays.com\/fr\/wp-json\/wp\/v2\/posts\/280553","targetHints":{"allow":["GET"]}}],"collection":[{"href":"https:\/\/www.europesays.com\/fr\/wp-json\/wp\/v2\/posts"}],"about":[{"href":"https:\/\/www.europesays.com\/fr\/wp-json\/wp\/v2\/types\/post"}],"author":[{"embeddable":true,"href":"https:\/\/www.europesays.com\/fr\/wp-json\/wp\/v2\/users\/2"}],"replies":[{"embeddable":true,"href":"https:\/\/www.europesays.com\/fr\/wp-json\/wp\/v2\/comments?post=280553"}],"version-history":[{"count":0,"href":"https:\/\/www.europesays.com\/fr\/wp-json\/wp\/v2\/posts\/280553\/revisions"}],"wp:featuredmedia":[{"embeddable":true,"href":"https:\/\/www.europesays.com\/fr\/wp-json\/wp\/v2\/media\/280554"}],"wp:attachment":[{"href":"https:\/\/www.europesays.com\/fr\/wp-json\/wp\/v2\/media?parent=280553"}],"wp:term":[{"taxonomy":"category","embeddable":true,"href":"https:\/\/www.europesays.com\/fr\/wp-json\/wp\/v2\/categories?post=280553"},{"taxonomy":"post_tag","embeddable":true,"href":"https:\/\/www.europesays.com\/fr\/wp-json\/wp\/v2\/tags?post=280553"}],"curies":[{"name":"wp","href":"https:\/\/api.w.org\/{rel}","templated":true}]}}