{"id":280556,"date":"2025-07-28T22:07:13","date_gmt":"2025-07-28T22:07:13","guid":{"rendered":"https:\/\/www.europesays.com\/fr\/280556\/"},"modified":"2025-07-28T22:07:13","modified_gmt":"2025-07-28T22:07:13","slug":"vers-un-rapprochement-entre-michel-barnier-et-edouard-philippe-sur-fond-de-tension-avec-rachida-dati","status":"publish","type":"post","link":"https:\/\/www.europesays.com\/fr\/280556\/","title":{"rendered":"vers un rapprochement entre Michel Barnier et \u00c9douard Philippe, sur fond de tension avec Rachida Dati"},"content":{"rendered":"<p><strong>INFO LE FIGARO &#8211; <\/strong>Alors que Les R\u00e9publicains viennent d\u2019investir l\u2019ancien premier ministre, les discussions vont bon train. Le candidat \u00e0 la 2e circonscription pourrait prendre en suppl\u00e9ance un visage Horizons.<\/p>\n<p class=\"fig-paragraph\">Comme un signe du destin. Alors qu\u2019il arpentait les rues de la si convoit\u00e9e 2e circonscription de Paris la semaine derni\u00e8re, Michel Barnier, candidat d\u00e9sormais officiel des R\u00e9publicains, a crois\u00e9 un certain&#8230; \u00c9douard Philippe. Rue de Grenelle, les deux anciens h\u00f4tes de Matignon ont longuement \u00e9chang\u00e9, glisse-t-on pudiquement. Il faut dire que les deux hommes y ont vu un dr\u00f4le de hasard, alors que cela fait plusieurs jours que leurs entourages discutent.\u00a0<a href=\"http:\/\/www.lefigaro.fr\/politique\/legislatives-a-paris-les-republicains-investissent-michel-barnier-rachida-dati-maintient-sa-candidature-20250728\" target=\"_blank\" data-fig-type=\"Article\" rel=\"noopener\" data-gtm-custom-categorie=\"navigation\" data-gtm-custom-action=\"crossclick\" data-gtm-custom-label=\"Contextuel\" data-gtm-event=\"customEventSPE\" data-fig-domain=\"LEFIGARO\">Depuis que le Savoyard s\u2019est lanc\u00e9 dans la course, au risque d\u2019affronter Rachida Dati<\/a>, le maire du Havre semblerait en effet s\u2019int\u00e9resser de pr\u00e8s \u00e0 la bataille qui vient.\u00a0<\/p>\n<p>Et pour cause, m\u00eame si elle n\u2019est pas particuli\u00e8rement proche de lui, la ministre de la Culture est peu \u00e0 peu devenue indissociable d\u2019un certain Gabriel Attal depuis qu\u2019elle a rejoint son gouvernement en 2024. Or, l\u2019int\u00e9ress\u00e9 ayant mis la main sur le parti et le groupe pr\u00e9sidentiels, il s\u2019est impos\u00e9 comme l\u2019un des \u00abh\u00e9ritiers\u00bb d\u2019Emmanuel Macron\u2026 Au m\u00eame titre qu\u2019\u00c9douard\u2026<\/p>\n<p class=\"fig-premium-paywall__infos\">\n        Cet article est r\u00e9serv\u00e9 aux abonn\u00e9s.        Il vous reste 48% \u00e0 d\u00e9couvrir.\n    <\/p>\n<p>                <img  data- alt=\"Le Figaro\" class=\"fig-img--complete fig-img\"\/><\/p>\n<p class=\"fig-premium-paywall__title\">Vous avez envie de lire la suite ?<\/p>\n<p class=\"fig-premium-paywall__subtitle\">D\u00e9bloquez tous les articles imm\u00e9diatement.<\/p>\n<p class=\"fig-premium-paywall__connect\">\n                D\u00e9j\u00e0 abonn\u00e9\u00a0?                <a class=\"fig-premium-paywall__connect-link\" href=\"https:\/\/connect.lefigaro.fr\/login?client=horizon_web&amp;type=main&amp;redirect_uri=https%3A%2F%2Fwww.lefigaro.fr%2Fflash-actu%2Flegislative-partielle-a-paris-vers-un-rapprochement-entre-michel-barnier-et-edouard-philippe-sur-fond-de-tension-avec-rachida-dati-20250728\" data-js-gtm=\"{&quot;customCategorie&quot;: &quot;conversion&quot;, &quot;customAction&quot;: &quot;before_Landing_Connexion_paywall_auto&quot;, &quot;customLabel&quot;: &quot;bGVmaWdhcm8uZnJfXzFmMDZiZTgwLWY5YmMtNjQ1ZS04ODk3LWEzYWExZjFkMmVhZF9fTmV3c0ZsYXNo_L\u00e9gislative partielle \u00e0 Paris\u00a0: vers un rapprochement entre Michel Barnier et \u00c9douard Philippe, sur fond de tension avec Rachida Dati_1000&quot;, &quot;customIDSPE&quot;: &quot;bGVmaWdhcm8uZnJfXzFmMDZiZTgwLWY5YmMtNjQ1ZS04ODk3LWEzYWExZjFkMmVhZF9fTmV3c0ZsYXNo&quot;, &quot;event&quot;: &quot;customEventSPE&quot;}\" target=\"_blank\" rel=\"noopener\"><br \/>\n                    Connectez-vous<br \/>\n                <\/a>\n            <\/p>\n","protected":false},"excerpt":{"rendered":"INFO LE FIGARO &#8211; Alors que Les R\u00e9publicains viennent d\u2019investir l\u2019ancien premier ministre, les discussions vont bon train.&hellip;\n","protected":false},"author":2,"featured_media":280557,"comment_status":"","ping_status":"","sticky":false,"template":"","format":"standard","meta":{"footnotes":""},"categories":[1888],"tags":[1111,1928,11,1927,1013,3080,1777,674,1011,27,6319,27636,12,1926,626,1925,25],"class_list":{"0":"post-280556","1":"post","2":"type-post","3":"status-publish","4":"format-standard","5":"has-post-thumbnail","7":"category-paris","8":"tag-actu","9":"tag-actu-paris","10":"tag-actualites","11":"tag-actualites-paris","12":"tag-bruno-retailleau","13":"tag-edouard-philippe","14":"tag-eu","15":"tag-europe","16":"tag-fr","17":"tag-france","18":"tag-les-republicains","19":"tag-michel-barnier","20":"tag-news","21":"tag-news-paris","22":"tag-paris","23":"tag-paris-news","24":"tag-republique-francaise"},"share_on_mastodon":{"url":"https:\/\/pubeurope.com\/@fr\/114933140329449724","error":""},"_links":{"self":[{"href":"https:\/\/www.europesays.com\/fr\/wp-json\/wp\/v2\/posts\/280556","targetHints":{"allow":["GET"]}}],"collection":[{"href":"https:\/\/www.europesays.com\/fr\/wp-json\/wp\/v2\/posts"}],"about":[{"href":"https:\/\/www.europesays.com\/fr\/wp-json\/wp\/v2\/types\/post"}],"author":[{"embeddable":true,"href":"https:\/\/www.europesays.com\/fr\/wp-json\/wp\/v2\/users\/2"}],"replies":[{"embeddable":true,"href":"https:\/\/www.europesays.com\/fr\/wp-json\/wp\/v2\/comments?post=280556"}],"version-history":[{"count":0,"href":"https:\/\/www.europesays.com\/fr\/wp-json\/wp\/v2\/posts\/280556\/revisions"}],"wp:featuredmedia":[{"embeddable":true,"href":"https:\/\/www.europesays.com\/fr\/wp-json\/wp\/v2\/media\/280557"}],"wp:attachment":[{"href":"https:\/\/www.europesays.com\/fr\/wp-json\/wp\/v2\/media?parent=280556"}],"wp:term":[{"taxonomy":"category","embeddable":true,"href":"https:\/\/www.europesays.com\/fr\/wp-json\/wp\/v2\/categories?post=280556"},{"taxonomy":"post_tag","embeddable":true,"href":"https:\/\/www.europesays.com\/fr\/wp-json\/wp\/v2\/tags?post=280556"}],"curies":[{"name":"wp","href":"https:\/\/api.w.org\/{rel}","templated":true}]}}