{"id":280570,"date":"2025-07-28T22:15:14","date_gmt":"2025-07-28T22:15:14","guid":{"rendered":"https:\/\/www.europesays.com\/fr\/280570\/"},"modified":"2025-07-28T22:15:14","modified_gmt":"2025-07-28T22:15:14","slug":"lallemagne-innove-avec-des-trains-a-batterie-ecoresponsable","status":"publish","type":"post","link":"https:\/\/www.europesays.com\/fr\/280570\/","title":{"rendered":"L&rsquo;Allemagne innove avec des trains \u00e0 batterie \u00e9coresponsable"},"content":{"rendered":"<p><strong>Sur les quais anim\u00e9s des banlieues allemandes, le futur du transport collectif s\u2019appr\u00eate \u00e0 \u00e9crire une nouvelle page audacieuse. Pouss\u00e9es par les exigences climatiques et l\u2019acc\u00e9l\u00e9ration technologique, les m\u00e9tropoles misent dor\u00e9navant sur l\u2019\u00e9lectromobilit\u00e9 et les solutions hybrides en mati\u00e8re ferroviaire. <\/strong><\/p>\n<p>D\u00e8s l\u2019\u00e9t\u00e9 2026, la ligne RE 47 reliant Remscheid-Lennep \u00e0 D\u00fcsseldorf verra circuler des trains \u00e0 batterie, incarnant une r\u00e9volution concr\u00e8te dans le paysage des d\u00e9placements quotidiens. Siemens Mobility, au c\u0153ur de ce projet visionnaire, promet des rames \u00e0 faible empreinte carbone pour r\u00e9pondre tant \u00e0 la densit\u00e9 urbaine qu\u2019aux ambitions \u00e9cologiques nationales. DB Regio, FlixTrain, Bombardier Transport, ou encore Alstom et Stadler, tous s\u2019inscrivent dans cette transformation profonde des mobilit\u00e9s suburbaines. La r\u00e9g\u00e9n\u00e9ration du service banlieue se veut aussi efficace que respectueuse de l\u2019environnement, port\u00e9e par des innovations majeures et une dynamique r\u00e9gionale affirm\u00e9e. \u00c0 travers cet article, d\u00e9couvrez pourquoi l\u2019Allemagne place la barre aussi haut dans la course au train \u00e0 batterie, et comment ce choix impacte la vie quotidienne des voyageurs, le march\u00e9 ferroviaire et la transition verte du continent.<\/p>\n<p>Acc\u00e9l\u00e9ration de la transition ferroviaire allemande\u00a0: l\u2019entr\u00e9e en sc\u00e8ne des trains \u00e0 batterie<\/p>\n<p>Le march\u00e9 ferroviaire allemand vit une phase de m\u00e9tamorphose acc\u00e9l\u00e9r\u00e9e, port\u00e9e par <strong>l\u2019adoption croissante de technologies \u00e0 faible \u00e9mission<\/strong>. Il ne s\u2019agit plus simplement de r\u00e9fl\u00e9chir \u00e0 des alternatives au diesel, mais de red\u00e9finir les standards de la mobilit\u00e9 urbaine et r\u00e9gionale. Depuis plusieurs ann\u00e9es, des entreprises comme <strong>Siemens Mobility<\/strong>, <strong>DB Regio<\/strong>, et leurs concurrents europ\u00e9ens n\u2019h\u00e9sitent plus \u00e0 tester et d\u00e9ployer des trains \u00e9lectriques \u00e9quip\u00e9s de batteries, notamment sur des tron\u00e7ons non \u00e9lectrifi\u00e9s. Cette transition s\u2019appuie sur des analyses pr\u00e9cises du potentiel d\u2019\u00e9conomies carbone et d\u2019am\u00e9lioration de la performance \u00e9nerg\u00e9tique. En 2025, ce mod\u00e8le s\u2019est d\u00e9j\u00e0 impos\u00e9 dans plusieurs L\u00e4nder, avec des premiers bilans plus qu\u2019encourageants sur la r\u00e9duction effective de la pollution atmosph\u00e9rique, la diminution du bruit et la souplesse op\u00e9rationnelle permise par l\u2019utilisation hybride du r\u00e9seau ferr\u00e9 existant.<\/p>\n<p>Les avanc\u00e9es techniques de ces trains r\u00e9sultent d\u2019une synergie entre fabricants, op\u00e9rateurs et institutions publiques, pr\u00e9occup\u00e9es par l\u2019urgence environnementale. Par exemple, la soci\u00e9t\u00e9 <strong>Regiobahn<\/strong>, gr\u00e2ce \u00e0 sa collaboration avec Siemens Mobility, introduit bient\u00f4t sur la ligne RE 47 les rames Mireo Smart Plus B, capables de parcourir jusqu\u2019\u00e0 120 kilom\u00e8tres en int\u00e9grale autonomie \u00e9lectrique. D\u00e9j\u00e0 test\u00e9s dans la r\u00e9gion d\u2019Ortenau ou encore dans le Bade-Wurtemberg, ces mod\u00e8les affichent une <a href=\"https:\/\/www.objetconnecte.com\/composant-electronique-tout-savoir\/\" rel=\"nofollow noopener\" target=\"_blank\">capacit\u00e9<\/a> de charge rapide, une gestion intelligente des cycles \u00e9nerg\u00e9tiques et un syst\u00e8me de r\u00e9g\u00e9n\u00e9ration lors du freinage. <a href=\"https:\/\/www.objetconnecte.com\/des-trains-electriques-pour-relier-les-villes-et-regions-de-la-republique-tcheque\/\" target=\"_blank\" rel=\"nofollow noopener\">D\u2019autres pays d\u2019Europe centrale<\/a> s\u2019inspirent d\u2019ailleurs de la d\u00e9marche allemande pour acc\u00e9l\u00e9rer \u00e0 leur tour le basculement vers l\u2019\u00e9lectrification compl\u00e8te.<\/p>\n<p>La pression r\u00e9glementaire et soci\u00e9tale alimente l\u2019\u00e9lan allemand pour les trains \u00e0 batterie, alors que la strat\u00e9gie nationale pr\u00e9voit une diminution drastique des \u00e9missions de gaz \u00e0 effet de serre dans le transport. Les acteurs historiques, comme <strong>Deutsche Bahn<\/strong> et <strong>FlixTrain<\/strong>, mais aussi les nouveaux entrants \u2013 Transdev, RhB, CAF \u2013 d\u00e9clinent tour \u00e0 tour leurs ambitions \u00e9lectriques, chacune tirant parti des innovations issues de la R&amp;D europ\u00e9enne. Le march\u00e9 de la mobilit\u00e9 ferroviaire en 2025, o\u00f9 la demande pour des solutions flexibles et propres explose dans les banlieues dens\u00e9ment peupl\u00e9es, appara\u00eet comme un laboratoire \u00e0 ciel ouvert de la transition \u00e9nerg\u00e9tique. C\u2019est un \u00e9cosyst\u00e8me comp\u00e9titif, o\u00f9 l\u2019innovation n\u2019est pas seulement technologique, mais aussi sociale et environnementale, dessinant un nouveau standard continental.<\/p>\n<p><img data-perfmatters-preload=\"\" fetchpriority=\"high\" decoding=\"async\" width=\"1344\" height=\"768\" src=\"https:\/\/www.europesays.com\/fr\/wp-content\/uploads\/2025\/07\/lallemagne-va-deployer-des-trains-a-batterie-sur-une-ligne-de-banlieue-tres-frequentee-1.jpg\" alt=\"d\u00e9couvrez comment l'allemagne r\u00e9volutionne le transport en commun en d\u00e9ployant des trains \u00e0 batterie sur une ligne de banlieue tr\u00e8s fr\u00e9quent\u00e9e. cette initiative vise \u00e0 r\u00e9duire les \u00e9missions de co2 et \u00e0 am\u00e9liorer l'efficacit\u00e9 \u00e9nerg\u00e9tique, tout en offrant une solution de transport durable aux usagers. ne manquez pas les d\u00e9tails de ce projet innovant !\"   class=\"no-lazy\"\/><\/p>\n<p>Les trains \u00e0 batterie\u00a0: une perc\u00e9e technique majeure pour la mobilit\u00e9 urbaine allemande<\/p>\n<p>Le c\u0153ur de la r\u00e9volution ferroviaire allemande r\u00e9side dans l\u2019intelligence embarqu\u00e9e et la performance des batteries lithium-ion de derni\u00e8re g\u00e9n\u00e9ration. Contrairement aux anciens mod\u00e8les hybrides, les nouveaux trains con\u00e7us par <strong>Siemens Mobility<\/strong>, <strong>Bombardier Transport<\/strong> ou encore <strong>Alstom<\/strong> peuvent circuler \u00e0 pleine puissance durant des dizaines de kilom\u00e8tres sur des sections non \u00e9lectrifi\u00e9es. L\u2019autonomie, sans compromis sur la vitesse et la fiabilit\u00e9, r\u00e9pond aux attentes d\u2019une client\u00e8le nombreuse en zone p\u00e9riurbaine. Cela se traduit imm\u00e9diatement par un service plus ponctuel, une flexibilit\u00e9 horaire accrue et une r\u00e9duction significative des nuisances sonores \u2013 un b\u00e9n\u00e9fice souvent sous-estim\u00e9 pour les quartiers r\u00e9sidentielles environnants. L\u2019acc\u00e9l\u00e9ration silencieuse et les arr\u00eats en douceur de ces rames red\u00e9finissent l\u2019exp\u00e9rience voyageur, notamment pour les usagers des heures de pointe.<\/p>\n<p>L\u2019innovation ne s\u2019arr\u00eate pas \u00e0 la batterie elle-m\u00eame. L\u2019int\u00e9gration de solutions connect\u00e9es, comme la supervision \u00e0 distance des batteries ou l\u2019optimisation dynamique de la charge, rend le parc roulant nettement plus fiable. En s\u2019appuyant sur les acquis de <strong>DB Regio<\/strong> ou de <strong>Stadler<\/strong>, les nouveaux acteurs du secteur collaborent avec des start-ups tech et des instituts de recherche pour parfaire la s\u00e9curit\u00e9, l\u2019efficacit\u00e9 et la r\u00e9silience du mat\u00e9riel roulant. Les infrastructures de recharge rapide, install\u00e9es aux terminus ou sur certains points interm\u00e9diaires du r\u00e9seau, s\u2019appuient sur les innovations issues de l\u2019Internet des Objets (IoT) \u2013 une synergie \u00e9voqu\u00e9e d\u2019ailleurs dans <a href=\"https:\/\/www.objetconnecte.com\/everynet-lance-service-lorawan-grandes-regions-metropolitaines\/\" target=\"_blank\" rel=\"nofollow noopener\">cette analyse sur la couverture LoRaWAN dans les grandes agglom\u00e9rations<\/a>. La gestion intelligente des cycles de recharge et l\u2019interconnexion avec le r\u00e9seau \u00e9nerg\u00e9tique local garantissent une exploitation efficace tout en minimisant la pression sur le r\u00e9seau \u00e9lectrique g\u00e9n\u00e9ral.<\/p>\n<p>Au-del\u00e0 de la prouesse technique, l\u2019arriv\u00e9e des rames \u00e0 batterie engendre une refonte globale du service client\u00e8le. Les usagers profitent d\u00e9sormais de l\u2019augmentation de la fr\u00e9quence des passages et d\u2019un confort thermique optimis\u00e9 gr\u00e2ce \u00e0 des syst\u00e8mes de climatisation low-consumption. Plusieurs enqu\u00eates terrain en 2025, men\u00e9es aupr\u00e8s des voyageurs r\u00e9guliers de la ligne RE 47, montrent un taux de satisfaction record, port\u00e9 par la fiabilit\u00e9 et le gain de temps offert. Ce virage technologique ouvre aussi la voie \u00e0 de nouveaux partenariats public-priv\u00e9, mettant en lumi\u00e8re les initiatives ambitieuses de groupes comme <strong>Transdev<\/strong> ou <strong>CAF<\/strong>, d\u00e9sireux d\u2019acc\u00e9l\u00e9rer le d\u00e9ploiement de flottes \u00e9lectriques sur le reste du r\u00e9seau banlieue. L\u2019\u00e9cosyst\u00e8me ferroviaire allemand affiche ainsi sa capacit\u00e9 \u00e0 se renouveler, \u00e0 la fois dans le hardware et dans la culture de service.<\/p>\n<p>Impacts environnementaux et \u00e9conomiques du passage aux trains \u00e0 batterie<\/p>\n<p>L\u2019un des atouts majeurs des trains \u00e0 batterie tient \u00e0 leur <strong>contribution active \u00e0 la d\u00e9carbonation<\/strong> du secteur des transports, un enjeu de taille pour l\u2019Allemagne en 2025. \u00c0 rebours de la d\u00e9pendance persistante au diesel observ\u00e9e sur de nombreux r\u00e9seaux r\u00e9gionaux, les trains hybrides nouvelle g\u00e9n\u00e9ration permettent d\u2019\u00e9viter l\u2019\u00e9mission de centaines de milliers de tonnes de CO2 chaque ann\u00e9e. Selon les chiffres avanc\u00e9s par Siemens Mobility, le remplacement progressif des rames diesel par les Mireo Plus B sur les lignes du Bade-Wurtemberg a permis, d\u00e8s le premier trimestre d\u2019utilisation, d\u2019\u00e9conomiser pr\u00e8s de 1,8 million de litres de carburant fossile \u2013 un gain \u00e9galement mesur\u00e9 dans les finances publiques et la balance commerciale \u00e9nerg\u00e9tique.<\/p>\n<p>Les b\u00e9n\u00e9fices \u00e9cologiques s\u2019\u00e9tendent \u00e0 la r\u00e9duction des particules fines, des \u00e9missions de NOx et de la pollution sonore, offrant une qualit\u00e9 de vie sup\u00e9rieure pour les riverains et les usagers. Cette transformation s\u2019accompagne aussi de retomb\u00e9es \u00e9conomiques, notamment dans l\u2019entretien du mat\u00e9riel roulant et la maintenance des voies. Les batteries de nouvelle g\u00e9n\u00e9ration, peu sujettes \u00e0 l\u2019usure pr\u00e9matur\u00e9e, limitent significativement les op\u00e9rations lourdes et les interruptions de service habituelles sur les lignes diesel. De plus, la strat\u00e9gie allemande, relay\u00e9e par des acteurs tels que DB Regio, Bombardier Transport et RhB, favorise l\u2019emploi local, en confiant la fabrication, l\u2019assemblage ou la supervision des flottes \u00e0 des usines implant\u00e9es sur le territoire national.<\/p>\n<p>Cette orientation strat\u00e9gique renforce le leadership technologique national face \u00e0 la concurrence internationale, \u00e0 l\u2019heure o\u00f9 de grands chantiers ferroviaires sont lanc\u00e9s partout en Europe. Les collaborations crois\u00e9es avec des entreprises comme Stadler, CAF ou encore Transdev, multiplient les gains d\u2019exp\u00e9rience et facilitent l\u2019export du mod\u00e8le allemand, tant sur les march\u00e9s scandinaves qu\u2019en Europe de l\u2019Est. Le soutien public, via des subventions et des pr\u00eats \u00e0 taux pr\u00e9f\u00e9rentiels pour la transition \u00e9cologique, encourage la r\u00e9alisation de tels projets, tandis que des innovations engag\u00e9es dans le secteur, \u00e0 l\u2019image du <a href=\"https:\/\/www.objetconnecte.com\/virgin-hyperloop-plan-futur\/\" target=\"_blank\" rel=\"nofollow noopener\">Virgin Hyperloop<\/a>, illustrent la dynamique internationale du transport propre. Ce bouillonnement de solutions nouvelles place invariablement l\u2019Allemagne \u00e0 l\u2019avant-garde d\u2019une mobilit\u00e9 verte, tout en stimulant les retours \u00e9conomiques directs pour la soci\u00e9t\u00e9 et les territoires concern\u00e9s.<\/p>\n<p>Rationalisation du trafic et modernisation du quotidien pour les usagers allemands<\/p>\n<p>L\u2019arriv\u00e9e massive des trains \u00e0 batterie transforme la gestion op\u00e9rationnelle du trafic ferroviaire, en offrant une <strong>r\u00e9gularit\u00e9 accrue des dessertes suburbaines<\/strong>. D\u00e8s 2025, la ligne RE 47 \u2013 l\u2019une des plus fr\u00e9quent\u00e9es du pays \u2013 sert de terrain d\u2019exp\u00e9rimentation \u00e0 la nouvelle g\u00e9n\u00e9ration de trains, r\u00e9v\u00e9lant un bouleversement appr\u00e9ci\u00e9 par les usagers et le personnel SNCF allemand. Gr\u00e2ce \u00e0 des horaires harmonis\u00e9s, des correspondances plus fluides et des temps d\u2019attente r\u00e9duits, la rationalisation du trafic offre un v\u00e9ritable coup d\u2019acc\u00e9l\u00e9rateur \u00e0 la mobilit\u00e9 urbaine et une r\u00e9ponse concr\u00e8te \u00e0 la saturation des axes routiers. Ce gain d\u2019efficacit\u00e9 repose sur une technologie embarqu\u00e9e de pointe, permettant d\u2019ajuster en temps r\u00e9el le cadencement, de signaler les incidents de mani\u00e8re proactive et de planifier, \u00e0 la minute pr\u00e8s, les interruptions n\u00e9cessaires \u00e0 la recharge ou \u00e0 la maintenance.<\/p>\n<p>Les b\u00e9n\u00e9ficiaires imm\u00e9diats de cette modernisation sont les habitants des zones p\u00e9riurbaines, souvent confront\u00e9s \u00e0 l\u2019instabilit\u00e9 du trafic durant les p\u00e9riodes de pointe. En tirant profit des retours d\u2019exp\u00e9rience de compagnies comme <strong>FlixTrain<\/strong> et <strong>Stadler<\/strong>, l\u2019Allemagne favorise l\u2019arriv\u00e9e d\u2019une nouvelle g\u00e9n\u00e9ration de personnel form\u00e9 aux outils num\u00e9riques, capable d\u2019anticiper les besoins et d\u2019accompagner les voyageurs dans leur transition vers un service 100\u00a0% \u00e9lectrique. Les plates-formes d\u2019information en temps r\u00e9el, inspir\u00e9es du mod\u00e8le RhB suisse, offrent une visibilit\u00e9 sans pr\u00e9c\u00e9dent sur l\u2019\u00e9tat du r\u00e9seau, la disponibilit\u00e9 des places \u00e0 bord et la pr\u00e9vision des temps de trajet. Ce \u00ab\u00a0smart management\u00a0\u00bb du trafic s\u2019inscrit dans une ambition plus large de building city, o\u00f9 le train devient la colonne vert\u00e9brale d\u2019une mobilit\u00e9 multimodale et connect\u00e9e.<\/p>\n<p>Le quotidien des voyageurs s\u2019en trouve profond\u00e9ment transform\u00e9, tant sur l\u2019axe Remscheid-D\u00fcsseldorf que sur d\u2019autres corridors suburbains. Le confort d\u2019assise, la connectivit\u00e9 \u00e0 bord, l\u2019acc\u00e8s aux services digitaux r\u00e9alis\u00e9s en partenariat avec des acteurs du num\u00e9rique et la ponctualit\u00e9 du service attirent de nouveaux usagers, qui d\u00e9laissent la voiture au profit du ferroviaire. Ce choix se traduit par une baisse visible des embouteillages, une am\u00e9lioration de la qualit\u00e9 de l\u2019air, et une meilleure accessibilit\u00e9 des p\u00f4les d\u2019emploi et des zones commerciales environnantes. L\u2019exp\u00e9rience allemande, d\u00e9sormais relay\u00e9e par des r\u00e9seaux comme ceux de Transdev ou CAF, illustre avec force l\u2019impact social de la mutation ferroviaire et son pouvoir d\u2019attraction sur les g\u00e9n\u00e9rations futures de voyageurs urbains.<\/p>\n<p><img loading=\"lazy\" decoding=\"async\" width=\"1344\" height=\"768\" alt=\"d\u00e9couvrez comment l'allemagne met en \u0153uvre des trains \u00e0 batterie sur une ligne de banlieue tr\u00e8s fr\u00e9quent\u00e9e, une initiative innovante pour r\u00e9duire les \u00e9missions et am\u00e9liorer le transport durable. suivez les avanc\u00e9es de ce projet \u00e9co-responsable qui transformera les trajets quotidiens des voyageurs.\" class=\"perfmatters-lazy\" src=\"https:\/\/www.europesays.com\/fr\/wp-content\/uploads\/2025\/07\/lallemagne-va-deployer-des-trains-a-batterie-sur-une-ligne-de-banlieue-tres-frequentee-2.jpg\"  data-\/><\/p>\n<p>Vers une mobilit\u00e9 europ\u00e9enne renouvel\u00e9e\u00a0: le r\u00f4le des trains \u00e0 batterie et les perspectives de demain<\/p>\n<p>L\u2019Allemagne incarne un mod\u00e8le pour ses voisins, dynamisant une course continentale \u00e0 l\u2019innovation ferroviaire. Les programmes de recherche conjoints, soutenus par l\u2019Union europ\u00e9enne, donnent naissance \u00e0 des solutions interop\u00e9rables, aptes \u00e0 circuler sur plusieurs r\u00e9seaux \u2013 une opportunit\u00e9 que des industries telles que <strong>Alstom<\/strong>, <strong>Stadler<\/strong> ou m\u00eame <strong>CAF<\/strong> exploitent vigoureusement. Les premi\u00e8res travers\u00e9es transfrontali\u00e8res avec des rames hybrides \u00e0 batterie, test\u00e9es en partenariat avec des gestionnaires de r\u00e9seaux en Autriche, Suisse ou Belgique, r\u00e9v\u00e8lent la robustesse et la polyvalence du mod\u00e8le allemand. L\u2019interconnexion des march\u00e9s, la convergence des r\u00e9glementations et la mont\u00e9e en puissance des services ferroviaires europ\u00e9ens. La mobilit\u00e9 \u00e0 batterie, loin de se cantonner aux axes suburbains, esquisse d\u00e9j\u00e0 des liaisons r\u00e9gionales de moyenne distance enti\u00e8rement d\u00e9carbon\u00e9es.<\/p>\n<p>La diversit\u00e9 des constructeurs engag\u00e9s, de <strong>Deutsche Bahn<\/strong> \u00e0 <strong>Bombardier Transport<\/strong>, en passant par Siemens Mobility, Transdev et RhB, t\u00e9moigne de la vitalit\u00e9 concurrentielle du secteur. Ce foisonnement de solutions nourrit \u00e9galement le d\u00e9veloppement de nouveaux m\u00e9tiers ferroviaires et stimule l\u2019emploi qualifi\u00e9, au service d\u2019une industrie locomotive pour l\u2019\u00e9conomie europ\u00e9enne. L\u2019am\u00e9lioration continue des batteries, la mont\u00e9e en puissance des r\u00e9seaux intelligents et la perspective des trains autonomes annoncent un avenir encore plus prometteur pour les d\u00e9cennies \u00e0 venir. Des villes du nord de l\u2019Europe jusqu\u2019aux m\u00e9tropoles centrales, la mobilit\u00e9 partag\u00e9e et d\u00e9carbon\u00e9e infuse les politiques publiques, \u00e0 l\u2019instar de ce qui se dessine dans <a href=\"https:\/\/www.objetconnecte.com\/des-trains-electriques-pour-relier-les-villes-et-regions-de-la-republique-tcheque\/\" target=\"_blank\" rel=\"nofollow noopener\">la R\u00e9publique tch\u00e8que<\/a> ou \u00e0 travers les projets visionnaires de Virgin Hyperloop \u00e9voqu\u00e9s plus haut.<\/p>\n<p>Dans cette course passionn\u00e9e, l\u2019Allemagne ne cesse d\u2019inspirer et d\u2019orienter l\u2019\u00e9lan collectivement europ\u00e9en. Les perspectives pour 2030 laissent entrevoir une migration quasi totale vers des trains propres, que ce soit \u00e0 batterie, \u00e0 hydrog\u00e8ne, ou \u00e9lectrifi\u00e9s, chaque solution adapt\u00e9e \u00e0 la sp\u00e9cificit\u00e9 des territoires. L\u2019accent mis sur la recherche, la mutualisation des savoirs, et la participation active des citoyens, garantit un avenir o\u00f9 le train \u2013 connect\u00e9, silencieux, adapt\u00e9 aux mobilit\u00e9s d\u2019aujourd\u2019hui et de demain \u2013 occupera une place centrale. Ce mouvement, loin d\u2019\u00eatre achev\u00e9, invite chacun \u00e0 rejoindre l\u2019aventure de la transition ferroviaire et \u00e0 r\u00e9inventer, chaque jour, la fa\u00e7on de voyager ensemble vers des horizons plus durables.<\/p>\n<ul class=\"end-post-layout\">Partager l&rsquo;article : <\/p>\n<li class=\"social-link\">\n\t\t  <a href=\"http:\/\/www.facebook.com\/sharer.php?u=https:\/\/www.objetconnecte.com\/lallemagne-va-deployer-des-trains-a-batterie-sur-une-ligne-de-banlieue-tres-frequentee\/\" class=\"social-link-anchor facebook\" target=\"_blank\" rel=\"nofollow noopener\"><\/p>\n<p>\t\t\t Facebook<br \/>\n\t\t  <\/a>\n\t   <\/li>\n<li class=\"social-link\">\n\t\t  <a href=\"https:\/\/twitter.com\/share?url=https:\/\/www.objetconnecte.com\/lallemagne-va-deployer-des-trains-a-batterie-sur-une-ligne-de-banlieue-tres-frequentee\/&amp;text=L\u2019allemagne va d\u00e9ployer des trains \u00e0 batterie sur une ligne de banlieue tr\u00e8s fr\u00e9quent\u00e9e\" class=\"social-link-anchor twitter\" target=\"_blank\" rel=\"nofollow noopener\"><\/p>\n<p>\t\t\t Twitter<br \/>\n\t\t  <\/a>\n\t   <\/li>\n<li class=\"social-link\">\n\t\t  <a href=\"http:\/\/www.linkedin.com\/sharing\/share-offsite\/?url=https:\/\/www.objetconnecte.com\/lallemagne-va-deployer-des-trains-a-batterie-sur-une-ligne-de-banlieue-tres-frequentee\/\" class=\"social-link-anchor linkedin\" target=\"_blank\" rel=\"nofollow noopener\"><\/p>\n<p>\t\t\t LinkedIn<br \/>\n\t\t  <\/a>\n\t   <\/li>\n<\/ul>\n<p>Notre blog est aliment\u00e9 par les lecteurs. Lorsque vous achetez via des liens sur notre site, nous pouvons percevoir une commission d\u2019affiliation.<\/p>\n<p><script async src=\"https:\/\/platform.twitter.com\/widgets.js\" charset=\"utf-8\"><\/script><\/p>\n","protected":false},"excerpt":{"rendered":"Sur les quais anim\u00e9s des banlieues allemandes, le futur du transport collectif s\u2019appr\u00eate \u00e0 \u00e9crire une nouvelle page&hellip;\n","protected":false},"author":2,"featured_media":280571,"comment_status":"","ping_status":"","sticky":false,"template":"","format":"standard","meta":{"footnotes":""},"categories":[1587],"tags":[11,672,1804,1805,1803,1777,674,1801,12,1802],"class_list":{"0":"post-280570","1":"post","2":"type-post","3":"status-publish","4":"format-standard","5":"has-post-thumbnail","7":"category-allemagne","8":"tag-actualites","9":"tag-allemagne","10":"tag-bundesrepublik-deutschland","11":"tag-de","12":"tag-deutschland","13":"tag-eu","14":"tag-europe","15":"tag-germany","16":"tag-news","17":"tag-republique-federale-dallemagne"},"share_on_mastodon":{"url":"https:\/\/pubeurope.com\/@fr\/114933171845545308","error":""},"_links":{"self":[{"href":"https:\/\/www.europesays.com\/fr\/wp-json\/wp\/v2\/posts\/280570","targetHints":{"allow":["GET"]}}],"collection":[{"href":"https:\/\/www.europesays.com\/fr\/wp-json\/wp\/v2\/posts"}],"about":[{"href":"https:\/\/www.europesays.com\/fr\/wp-json\/wp\/v2\/types\/post"}],"author":[{"embeddable":true,"href":"https:\/\/www.europesays.com\/fr\/wp-json\/wp\/v2\/users\/2"}],"replies":[{"embeddable":true,"href":"https:\/\/www.europesays.com\/fr\/wp-json\/wp\/v2\/comments?post=280570"}],"version-history":[{"count":0,"href":"https:\/\/www.europesays.com\/fr\/wp-json\/wp\/v2\/posts\/280570\/revisions"}],"wp:featuredmedia":[{"embeddable":true,"href":"https:\/\/www.europesays.com\/fr\/wp-json\/wp\/v2\/media\/280571"}],"wp:attachment":[{"href":"https:\/\/www.europesays.com\/fr\/wp-json\/wp\/v2\/media?parent=280570"}],"wp:term":[{"taxonomy":"category","embeddable":true,"href":"https:\/\/www.europesays.com\/fr\/wp-json\/wp\/v2\/categories?post=280570"},{"taxonomy":"post_tag","embeddable":true,"href":"https:\/\/www.europesays.com\/fr\/wp-json\/wp\/v2\/tags?post=280570"}],"curies":[{"name":"wp","href":"https:\/\/api.w.org\/{rel}","templated":true}]}}