{"id":280572,"date":"2025-07-28T22:16:10","date_gmt":"2025-07-28T22:16:10","guid":{"rendered":"https:\/\/www.europesays.com\/fr\/280572\/"},"modified":"2025-07-28T22:16:10","modified_gmt":"2025-07-28T22:16:10","slug":"quels-sont-les-pays-de-lue-qui-reconnaissent-la-palestine","status":"publish","type":"post","link":"https:\/\/www.europesays.com\/fr\/280572\/","title":{"rendered":"Quels sont les pays de l&rsquo;UE qui reconnaissent la Palestine\u00a0?"},"content":{"rendered":"<p>          <img decoding=\"async\" class=\"c-ad__placeholder__logo\" src=\"https:\/\/static.euronews.com\/website\/images\/logos\/logo-euronews-stacked-outlined-72x72-grey-9.svg\" width=\"72\" height=\"72\" alt=\"\" loading=\"lazy\"\/><br \/>\n          PUBLICIT\u00c9<\/p>\n<p>Le 24 juillet dernier, Emmanuel Macron a annonc\u00e9 que Paris reconna\u00eetrait officiellement l&rsquo;\u00c9tat de Palestine en septembre prochain lors de l&rsquo;Assembl\u00e9e g\u00e9n\u00e9rale des Nations Unies.<\/p>\n<p>\u00ab\u00a0Le peuple fran\u00e7ais veut la paix au Moyen-Orient. C&rsquo;est \u00e0 nous, Fran\u00e7ais, avec les Isra\u00e9liens, les Palestiniens et nos partenaires europ\u00e9ens et internationaux, de d\u00e9montrer que c&rsquo;est possible.\u00a0\u00bb  a d\u00e9clar\u00e9 le pr\u00e9sident fran\u00e7ais sur le r\u00e9seau social X. <\/p>\n<p>La France deviendra le premier pays du G7 et le premier membre permanent du Conseil de s\u00e9curit\u00e9 des Nations unies (France, \u00c9tats-Unis, Chine, Royaume-Uni et Russie) \u00e0 reconna\u00eetre la Palestine, rejoignant ainsi les 147 \u00c9tats membres des Nations unies qui l&rsquo;ont d\u00e9j\u00e0 fait.<\/p>\n<p>L&rsquo;acte de reconnaissance consiste \u00e0 reconna\u00eetre la souverainet\u00e9 et l&rsquo;ind\u00e9pendance de la Palestine dans ses fronti\u00e8res d&rsquo;avant la guerre de 1967 au Moyen-Orient. Ces fronti\u00e8res comprennent la Cisjordanie, Gaza et J\u00e9rusalem-Est. Cette d\u00e9cision entra\u00eenera \u00e9galement l&rsquo;\u00e9tablissement de relations diplomatiques compl\u00e8tes entre la France et la Palestine.<\/p>\n<p>Avant la France, 10 des 27 pays de l&rsquo;UE avaient d\u00e9j\u00e0 reconnu le statut d&rsquo;\u00c9tat palestinien.<\/p>\n<p>La Bulgarie, Chypre, la Hongrie, la Pologne et la Roumanie ont reconnu la Palestine en 1988, bien avant de devenir des \u00c9tats membres de l&rsquo;UE.<\/p>\n<p>La Tch\u00e9coslovaquie, aujourd&rsquo;hui disparue, avait \u00e9galement reconnu la Palestine cette m\u00eame ann\u00e9e. Apr\u00e8s la scission du pays en 1992, seule la Slovaquie a maintenu cette reconnaissance, en 1993. La R\u00e9publique tch\u00e8que, elle, ne l\u2019a pas suivie.<\/p>\n<p>En octobre 2014, la Su\u00e8de est devenue le tout premier pays \u00e0 reconna\u00eetre la Palestine en tant qu&rsquo;\u00c9tat membre de l&rsquo;UE.<\/p>\n<p>\u00ab\u00a0L&rsquo;objectif de la reconnaissance de la Su\u00e8de est de contribuer \u00e0 un avenir dans lequel Isra\u00ebl et la Palestine pourront vivre c\u00f4te \u00e0 c\u00f4te dans la paix et la s\u00e9curit\u00e9. Nous voulons contribuer \u00e0 cr\u00e9er plus d&rsquo;espoir et de foi en l&rsquo;avenir chez les jeunes Palestiniens et Isra\u00e9liens qui pourraient autrement courir le risque de croire qu&rsquo;il n&rsquo;y a pas d&rsquo;alternative \u00e0 la situation actuelle\u00a0\u00bb, a avait alors d\u00e9clar\u00e9<a href=\"https:\/\/www.un.org\/unispal\/document\/auto-insert-203405\/\" target=\"_blank\" rel=\"noreferrer noopener\"> <\/a>Margot Wallstr\u00f6m, ministre su\u00e9doise des Affaires \u00e9trang\u00e8res \u00e0 l&rsquo;\u00e9poque. <\/p>\n<p>Stockholm a pris cette mesure dans un contexte d&rsquo;affrontements violents entre Isra\u00e9liens et Palestiniens \u00e0 J\u00e9rusalem-Est.<\/p>\n<p>Plus r\u00e9cemment, le 28 mai 2024, l&rsquo;Espagne et l&rsquo;Irlande ont reconnu la Palestine en tant qu&rsquo;\u00c9tat, affirmant que cette d\u00e9cision visait \u00e0 aider les Isra\u00e9liens et les Palestiniens \u00e0 parvenir \u00e0 la paix.<\/p>\n<p>Le 4 juin 2024, la Slov\u00e9nie a \u00e9galement reconnu l&rsquo;\u00c9tat de Palestine.<\/p>\n<p>L&rsquo;annonce d&rsquo;Emmanuel Macron a suscit\u00e9 la col\u00e8re d&rsquo;Isra\u00ebl et des \u00c9tats-Unis. Le Premier ministre isra\u00e9lien Benjamin Netanyahu a condamn\u00e9 cette d\u00e9cision, la qualifiant de trahison de la part d&rsquo;un proche alli\u00e9 et avertissant qu&rsquo;elle \u00ab\u00a0r\u00e9compenserait la terreur\u00a0\u00bb.<\/p>\n<p>\u00ab\u00a0Cette d\u00e9cision irr\u00e9fl\u00e9chie ne sert que la propagande du Hamas et fait reculer la paix. C&rsquo;est une gifle pour les victimes du 7 octobre\u00a0\u00bb, a \u00e9crit Marco Rubio sur X.<\/p>\n<p>Qu&rsquo;en est-il des autres pays de l&rsquo;UE ?<\/p>\n<p>D&rsquo;autres pays de l&rsquo;UE ont r\u00e9agi \u00e0 la d\u00e9cision de la France en d\u00e9clarant qu&rsquo;ils ne suivraient pas cette d\u00e9marche.<\/p>\n<p>Malgr\u00e9 les r\u00e9cents appels \u00e0 un \u00ab\u00a0cessez-le-feu imm\u00e9diat\u00a0\u00bb et \u00e0 une \u00ab\u00a0aide humanitaire urgente\u00a0\u00bb, l&rsquo;Allemagne a d\u00e9clar\u00e9 qu&rsquo;elle n&rsquo;avait pas l&rsquo;intention de suivre l&rsquo;exemple de la France.<\/p>\n<p>L&rsquo;Allemagne est traditionnellement un alli\u00e9 particuli\u00e8rement fid\u00e8le d&rsquo;Isra\u00ebl en Europe, ses relations \u00e9tant ancr\u00e9es dans l&rsquo;histoire de l&rsquo;Holocauste.<\/p>\n<p>Elle affirme que la reconnaissance d&rsquo;un \u00c9tat palestinien devrait \u00eatre \u00ab\u00a0l&rsquo;une des \u00e9tapes finales\u00a0\u00bb de la n\u00e9gociation d&rsquo;une solution \u00e0 deux \u00c9tats, et qu&rsquo;elle \u00ab\u00a0n&rsquo;envisage pas de reconna\u00eetre un \u00c9tat palestinien \u00e0 court terme\u00a0\u00bb.<\/p>\n<p>L&rsquo;Italie ne pr\u00e9voit pas non plus de reconna\u00eetre l&rsquo;\u00c9tat de Palestine. Le Premier ministre Giorgia Meloni a d\u00e9clar\u00e9 qu&rsquo;une reconnaissance \u00ab\u00a0sans qu&rsquo;il y ait un \u00c9tat de Palestine\u00a0\u00bb serait \u00ab\u00a0contre-productive\u00a0\u00bb.<\/p>\n<p>En attendant, la position belge sera d\u00e9termin\u00e9e par le gouvernement au d\u00e9but du mois de septembre.<\/p>\n<p>\u00ab\u00a0Je ferai une proposition au gouvernement avant l&rsquo;Assembl\u00e9e g\u00e9n\u00e9rale de l&rsquo;ONU en septembre afin qu&rsquo;il puisse se prononcer sur cette question en tenant compte de ces \u00e9l\u00e9ments\u00a0\u00bb, a \u00e9crit le<a href=\"https:\/\/x.com\/prevotmaxime\/status\/1948778954531221735\" target=\"_blank\" rel=\"noreferrer\"> <\/a>ministre des Affaires \u00e9trang\u00e8res Maxime Pr\u00e9vot sur X.<\/p>\n<p>Derri\u00e8re la reconnaissance d&rsquo;un \u00c9tat palestinien figure l&rsquo;id\u00e9e de la solution \u00e0 deux \u00c9tats du conflit isra\u00e9lo-palestinien, qui a servi de base aux n\u00e9gociations de paix entre Isra\u00e9liens et Palestiniens depuis les accords d&rsquo;Oslo en 1993 jusqu&rsquo;en 2014.<\/p>\n<p>Si l&rsquo;Autorit\u00e9 palestinienne plaide toujours en faveur de deux \u00c9tats, Isra\u00ebl ne soutient plus cette solution au conflit, pas plus que son alli\u00e9, les \u00c9tats-Unis.<\/p>\n<p>Les activit\u00e9s isra\u00e9liennes de colonisation en Cisjordanie se sont encore d\u00e9velopp\u00e9es ces derni\u00e8res ann\u00e9es, rendant impossible la cr\u00e9ation d&rsquo;un \u00c9tat palestinien d&rsquo;un seul tenant.<\/p>\n<p>\u00c0 cela s&rsquo;ajoute la reconnaissance par le pr\u00e9sident am\u00e9ricain Donald Trump de J\u00e9rusalem comme capitale d&rsquo;Isra\u00ebl en 2017, ce qui a incit\u00e9 l&rsquo;ambassade am\u00e9ricaine \u00e0 y d\u00e9m\u00e9nager. Dans cette optique, la reconnaissance d&rsquo;un \u00c9tat palestinien est largement symbolique et reste irr\u00e9alisable en l&rsquo;\u00e9tat actuel des choses.<\/p>\n","protected":false},"excerpt":{"rendered":"PUBLICIT\u00c9 Le 24 juillet dernier, Emmanuel Macron a annonc\u00e9 que Paris reconna\u00eetrait officiellement l&rsquo;\u00c9tat de Palestine en septembre&hellip;\n","protected":false},"author":2,"featured_media":280573,"comment_status":"","ping_status":"","sticky":false,"template":"","format":"standard","meta":{"footnotes":""},"categories":[1586],"tags":[11,1777,674,1011,27,5643,12,3518,25,364],"class_list":{"0":"post-280572","1":"post","2":"type-post","3":"status-publish","4":"format-standard","5":"has-post-thumbnail","7":"category-europe","8":"tag-actualites","9":"tag-eu","10":"tag-europe","11":"tag-fr","12":"tag-france","13":"tag-guerre-israel-hamas","14":"tag-news","15":"tag-palestine","16":"tag-republique-francaise","17":"tag-union-europeenne"},"share_on_mastodon":{"url":"https:\/\/pubeurope.com\/@fr\/114933175636579003","error":""},"_links":{"self":[{"href":"https:\/\/www.europesays.com\/fr\/wp-json\/wp\/v2\/posts\/280572","targetHints":{"allow":["GET"]}}],"collection":[{"href":"https:\/\/www.europesays.com\/fr\/wp-json\/wp\/v2\/posts"}],"about":[{"href":"https:\/\/www.europesays.com\/fr\/wp-json\/wp\/v2\/types\/post"}],"author":[{"embeddable":true,"href":"https:\/\/www.europesays.com\/fr\/wp-json\/wp\/v2\/users\/2"}],"replies":[{"embeddable":true,"href":"https:\/\/www.europesays.com\/fr\/wp-json\/wp\/v2\/comments?post=280572"}],"version-history":[{"count":0,"href":"https:\/\/www.europesays.com\/fr\/wp-json\/wp\/v2\/posts\/280572\/revisions"}],"wp:featuredmedia":[{"embeddable":true,"href":"https:\/\/www.europesays.com\/fr\/wp-json\/wp\/v2\/media\/280573"}],"wp:attachment":[{"href":"https:\/\/www.europesays.com\/fr\/wp-json\/wp\/v2\/media?parent=280572"}],"wp:term":[{"taxonomy":"category","embeddable":true,"href":"https:\/\/www.europesays.com\/fr\/wp-json\/wp\/v2\/categories?post=280572"},{"taxonomy":"post_tag","embeddable":true,"href":"https:\/\/www.europesays.com\/fr\/wp-json\/wp\/v2\/tags?post=280572"}],"curies":[{"name":"wp","href":"https:\/\/api.w.org\/{rel}","templated":true}]}}