{"id":280584,"date":"2025-07-28T22:26:15","date_gmt":"2025-07-28T22:26:15","guid":{"rendered":"https:\/\/www.europesays.com\/fr\/280584\/"},"modified":"2025-07-28T22:26:15","modified_gmt":"2025-07-28T22:26:15","slug":"juniorgp-aragon-courses-une-journee-riche-en-emotions","status":"publish","type":"post","link":"https:\/\/www.europesays.com\/fr\/280584\/","title":{"rendered":"JuniorGP Aragon Courses : Une journ\u00e9e riche en \u00e9motions"},"content":{"rendered":"<p data-start=\"165\" data-end=\"728\"><strong>Le Championnat du Monde<br \/>\n<a href=\"https:\/\/www.fimjuniorgp.com\/\" target=\"_blank\" rel=\"noopener nofollow\">JuniorGP<\/a> \u2122 faisait escale \u00e0 MotorLand Aragon pour la<br \/>\nquatri\u00e8me manche de la saison 2025, avec six courses disput\u00e9es ce<br \/>\ndimanche. Mais avant cela, un hommage a \u00e9t\u00e9 rendu \u00e0 l\u2019infortun\u00e9<br \/>\n<a href=\"https:\/\/www.paddock-gp.com\/juniorgp-un-nouveau-drame-frappe-le-championnat-du-monde-junior-avec-la-perte-de-pau-alsina\/\" target=\"_blank\" rel=\"noopener nofollow\">Pau Alsina<\/a>.<\/strong><\/p>\n<p data-start=\"165\" data-end=\"728\">En <strong>JuniorGP<\/strong>\u2122,<br \/>\nlors de la premi\u00e8re course <strong data-start=\"371\" data-end=\"389\">Leonardo Zanni<\/strong> (Finetwork XTI Mir Racing Team) a<br \/>\nremport\u00e9\u00a0son premier podium et sa toute premi\u00e8re victoire<br \/>\napr\u00e8s\u00a0une\u00a0remont\u00e9e exceptionnelle en fin de course. Apr\u00e8s<br \/>\nplusieurs occasions manqu\u00e9es lors des manches pr\u00e9c\u00e9dentes, le<br \/>\npilote italien n\u2019a cette fois pas trembl\u00e9 : le n\u00b057 s\u2019est impos\u00e9<br \/>\nface \u00e0\u00a0<strong data-start=\"1307\" data-end=\"1325\">Casey<br \/>\nO\u2019Gorman<\/strong>\u00a0et\u00a0<strong data-start=\"1329\" data-end=\"1345\">Rico Salmela<\/strong>, les deux pilotes du team Estrella<br \/>\nGalicia 0\u20190, qui compl\u00e8tent le podium.<\/p>\n<p data-start=\"165\" data-end=\"728\"><strong>C\u00f4t\u00e9<br \/>\nfran\u00e7ais,<\/strong>\u00a0<a href=\"https:\/\/www.paddock-gp.com\/?s=bellon\" target=\"_blank\" rel=\"noopener nofollow\"><strong>Enzo Bellon<\/strong><\/a> (CIP Green Power Junior<br \/>\nTeam), membre de l\u2019<strong>\u00c9quipe de France Vitesse -Fili\u00e8re<br \/>\nGP<\/strong>, qualifi\u00e9 14e mais parti 30e \u00e0 cause d\u2019une p\u00e9nalit\u00e9,<br \/>\ntermine 17e.<\/p>\n<p data-start=\"165\" data-end=\"728\"><img loading=\"lazy\" decoding=\"async\" class=\"aligncenter size-full wp-image-1314819\" src=\"https:\/\/www.europesays.com\/fr\/wp-content\/uploads\/2025\/07\/m3c1.jpg\" alt=\"\" width=\"800\" height=\"1112\"  \/><\/p>\n<p data-start=\"165\" data-end=\"728\">Lors de la 2e course, moins<br \/>\nperformant que d\u2019habitude le matin, <strong data-start=\"1500\" data-end=\"1517\">Brian Uriarte<\/strong> (UAX SeventyTwo Artbox),<br \/>\nleader du championnat et poleman, a r\u00e9agi avec autorit\u00e9. Gr\u00e2ce \u00e0<br \/>\nune\u00a0remont\u00e9e spectaculaire, il s\u2019est impos\u00e9 au dernier tour en<br \/>\ndevan\u00e7ant\u00a0<strong data-start=\"1684\" data-end=\"1702\">Casey<br \/>\nO\u2019Gorman<\/strong>\u00a0et le rookie\u00a0<strong data-start=\"1716\" data-end=\"1733\">Marco Morelli<\/strong>\u00a0(Gryd \u2013 MLav Racing).<br \/>\nC\u2019est la\u00a0<strong data-start=\"1765\" data-end=\"1800\">quatri\u00e8me<br \/>\nvictoire de la saison<\/strong>\u00a0pour le n\u00b051, qui porte ainsi<br \/>\nson avance au championnat \u00e0\u00a0<strong data-start=\"1859\" data-end=\"1872\">17 points<\/strong>.<\/p>\n<p data-start=\"165\" data-end=\"728\"><a href=\"https:\/\/www.paddock-gp.com\/?s=bellon\" target=\"_blank\" rel=\"noopener nofollow\"><strong>Enzo Bellon<\/strong><\/a>, parti cette fois 14e,<br \/>\na franchi la ligne d\u2019arriv\u00e9e en 21e position, dans le m\u00eame groupe<br \/>\nque pr\u00e9c\u00e9demment.<\/p>\n<p data-start=\"165\" data-end=\"728\"><img loading=\"lazy\" decoding=\"async\" class=\"aligncenter size-full wp-image-1314822\" src=\"https:\/\/www.europesays.com\/fr\/wp-content\/uploads\/2025\/07\/m3c2.jpg\" alt=\"\" width=\"800\" height=\"924\"  \/><\/p>\n<p data-start=\"165\" data-end=\"728\"><strong>Classement au<br \/>\nchampionnat :\u00a0<\/strong><\/p>\n<p data-start=\"165\" data-end=\"728\"><img loading=\"lazy\" decoding=\"async\" class=\"aligncenter size-full wp-image-1314823\" src=\"https:\/\/www.europesays.com\/fr\/wp-content\/uploads\/2025\/07\/m3ch.jpg\" alt=\"\" width=\"800\" height=\"557\"  \/><\/p>\n<p data-start=\"1914\" data-end=\"2571\">La premi\u00e8re course du<br \/>\n<strong data-start=\"1936\" data-end=\"1967\">Championnat d\u2019Europe<br \/>\nMoto2\u2122<\/strong> a offert son lot de rebondissements et une course<br \/>\nfinalement r\u00e9duite \u00e0 9 tours. Parti de la pole, <strong data-start=\"2023\" data-end=\"2040\">Alberto Surra<\/strong> (Andifer American<br \/>\nRacing) a vu son co\u00e9quipier <strong data-start=\"2087\" data-end=\"2104\">Xabi Zurutuza<\/strong> s\u2019\u00e9chapper en t\u00eate, avant que ce<br \/>\ndernier ne soit contraint \u00e0 l\u2019abandon \u00e0 cause d\u2019un probl\u00e8me de<br \/>\ncar\u00e9nage. <strong data-start=\"2211\" data-end=\"2232\">Alberto<br \/>\nFerrandez<\/strong> (GV Racing Moto2) et <strong data-start=\"2236\" data-end=\"2252\">Unai Orradre<\/strong> (Team Ciatti \u2013 Boscoscuro) se<br \/>\nsont alors disput\u00e9 la victoire jusqu\u2019au dernier tour, et c\u2019est<br \/>\nfinalement <strong data-start=\"2211\" data-end=\"2232\">Alberto<br \/>\nFerrandez<\/strong> qui l\u2019a emport\u00e9, r\u00e9duisant l\u2019\u00e9cart au<br \/>\nchampionnat. <strong data-start=\"2418\" data-end=\"2432\">Dani<br \/>\nMu\u00f1oz<\/strong> (Swiss Superbike Academy Forward Junior), auteur<br \/>\nd\u2019une superbe remont\u00e9e depuis la 10\u1d49 place, d\u00e9croche son<br \/>\n<strong data-start=\"2539\" data-end=\"2570\">premier podium de la<br \/>\nsaison<\/strong>.<\/p>\n<p data-start=\"1914\" data-end=\"2571\"><strong>C\u00f4t\u00e9<br \/>\nfran\u00e7ais<\/strong>, si\u00a0<a href=\"https:\/\/www.paddock-gp.com\/?s=fellon\" target=\"_blank\" rel=\"noopener nofollow\"><strong>Lorenzo<br \/>\nFellon<\/strong><\/a>\u00a0(SF Racing) ne termine pas,<\/p>\n<p><a href=\"https:\/\/www.paddock-gp.com\/?s=gimbert\" target=\"_blank\" rel=\"noopener nofollow\"><strong>Johan Gimbert<\/strong><\/a> (Promoracing)<br \/>\nrentre dans le top 10, en roulant \u00e0 5\/10 du plus<br \/>\nrapide.<\/p>\n<p data-start=\"1914\" data-end=\"2571\"><img loading=\"lazy\" decoding=\"async\" class=\"aligncenter size-full wp-image-1314836\" src=\"https:\/\/www.europesays.com\/fr\/wp-content\/uploads\/2025\/07\/m2c1-1.jpg\" alt=\"\" width=\"800\" height=\"1017\"  \/><\/p>\n<p data-start=\"2614\" data-end=\"3131\">Lors de la seconde course,<br \/>\nelle aussi r\u00e9duite \u00e0 9 tours, <strong data-start=\"2641\" data-end=\"2658\">Milan Pawelec<\/strong> (AGR Team) a frapp\u00e9 fort dans les<br \/>\nderniers tours pour d\u00e9crocher <strong data-start=\"2712\" data-end=\"2736\">sa premi\u00e8re victoire<\/strong> en Moto2\u2122 ECh. Le pilote<br \/>\npolonais a d\u00e9pass\u00e9 <strong data-start=\"2781\" data-end=\"2792\">Orradre<\/strong> dans les ultimes instants pour s\u2019imposer.<br \/>\nLa lutte pour la deuxi\u00e8me place s\u2019est jou\u00e9e dans le dernier virage,<br \/>\no\u00f9 <strong data-start=\"2906\" data-end=\"2927\">Alessandro<br \/>\nMorosi<\/strong> (Eagle-1) a sorti un d\u00e9passement magistral sur<br \/>\nOrradre, contraint de se contenter de la <strong data-start=\"3016\" data-end=\"3035\">troisi\u00e8me place<\/strong>. Avant la manche de<br \/>\nMisano, Orradre conserve tout de m\u00eame <strong data-start=\"3094\" data-end=\"3116\">14 points d\u2019avance<\/strong> au classement.<\/p>\n<p data-start=\"2614\" data-end=\"3131\">Tir group\u00e9 des fran\u00e7ais,<\/p>\n<p><a href=\"https:\/\/www.paddock-gp.com\/?s=gimbert\" target=\"_blank\" rel=\"noopener nofollow\"><strong>Johan Gimbert<\/strong><\/a><br \/>\net\u00a0<a href=\"https:\/\/www.paddock-gp.com\/?s=fellon\" target=\"_blank\" rel=\"noopener nofollow\"><strong>Lorenzo<br \/>\nFellon<\/strong><\/a> terminant 12e et 13e.<\/p>\n<p data-start=\"2614\" data-end=\"3131\"><img loading=\"lazy\" decoding=\"async\" class=\"aligncenter size-full wp-image-1314838\" src=\"https:\/\/www.europesays.com\/fr\/wp-content\/uploads\/2025\/07\/m2c2-1.jpg\" alt=\"\" width=\"800\" height=\"784\"  \/><\/p>\n<p data-start=\"2614\" data-end=\"3131\"><strong>Classement au<br \/>\nchampionnat :\u00a0<\/strong><\/p>\n<p data-start=\"2614\" data-end=\"3131\"><img loading=\"lazy\" decoding=\"async\" class=\"aligncenter size-full wp-image-1314839\" src=\"https:\/\/www.europesays.com\/fr\/wp-content\/uploads\/2025\/07\/m2ch-1.jpg\" alt=\"\" width=\"800\" height=\"534\"  \/><\/p>\n<p data-start=\"730\" data-end=\"947\">En European Talent Cup,<br \/>\n<strong data-start=\"754\" data-end=\"773\">Fernando Bujosa<\/strong><br \/>\n(AC Racing Team) a sign\u00e9 une <strong data-start=\"803\" data-end=\"838\">troisi\u00e8me victoire cette saison<\/strong>, s\u2019imposant dans le<br \/>\ndernier virage face au Champion en titre et poleman<br \/>\n<strong data-start=\"3379\" data-end=\"3394\">Carlos Cano<\/strong> (UAX<br \/>\nSeventyTwo Artbox). Le podium s\u2019est jou\u00e9 dans les derniers m\u00e8tres :<br \/>\n<strong data-start=\"3468\" data-end=\"3490\">Yaroslav<br \/>\nKarpushin<\/strong> (Frando Racing VHC Team), parti<br \/>\n<strong data-start=\"3523\" data-end=\"3530\">23\u1d49<\/strong>, a r\u00e9alis\u00e9<br \/>\nune <strong data-start=\"3546\" data-end=\"3570\">remont\u00e9e<br \/>\nfantastique<\/strong> pour battre <strong data-start=\"3583\" data-end=\"3599\">Alvaro Lucas<\/strong> (CFMoto Aspar Junior Team) et<br \/>\nmonter sur la troisi\u00e8me marche du podium.<\/p>\n<p data-start=\"730\" data-end=\"947\"><strong>C\u00f4t\u00e9 fran\u00e7ais<\/strong>,<br \/>\n<a href=\"https:\/\/www.paddock-gp.com\/?s=nativi\" target=\"_blank\" rel=\"noopener nofollow\"><strong>Antoine Nativi<\/strong><\/a> (JEG Take Off GP) s\u2019\u00e9tait tr\u00e8s bien qualifi\u00e9 en 6e<br \/>\nposition mais a re\u00e7u une p\u00e9nalit\u00e9 le contraignant \u00e0 partir 22e.<br \/>\nIdem pour son co\u00e9quipier\u00a0<strong>Evan<br \/>\nBoxberger<\/strong> (JEG TAKE OFF GP) qui s\u2019est \u00e9lanc\u00e9 24e, alors<br \/>\nque\u00a0<a href=\"https:\/\/www.paddock-gp.com\/?s=sanjuan\" target=\"_blank\" rel=\"noopener nofollow\"><strong>R\u00e9my Sanjuan<\/strong><\/a><br \/>\n(Larresport) a \u00e9cop\u00e9 de de 2 Long Laps.<\/p>\n<p data-start=\"730\" data-end=\"947\">Malgr\u00e9 cela, <strong>Antoine<br \/>\nNativi<\/strong> a franchi la ligne d\u2019arriv\u00e9e 11e, avec le 2e<br \/>\nmeilleur temps en course : Braco \u00e0 lui !<br \/><strong>Evan Boxberger<\/strong> termine 17e, <strong><a href=\"https:\/\/www.paddock-gp.com\/?s=sanjuan\" target=\"_blank\" rel=\"noopener nofollow\">R\u00e9my Sanjuan<\/a><\/strong> 25e, <strong><a href=\"https:\/\/www.paddock-gp.com\/?s=pio\" target=\"_blank\" rel=\"noopener nofollow\">Gabriel Pio<\/a><\/strong> (BRS \u2013 Brechon Racing School)<br \/>\n27e<\/p>\n<p data-start=\"3673\" data-end=\"3833\"><img loading=\"lazy\" decoding=\"async\" class=\"aligncenter size-full wp-image-1314843\" src=\"https:\/\/www.europesays.com\/fr\/wp-content\/uploads\/2025\/07\/etcc.jpg\" alt=\"\" width=\"800\" height=\"1137\"  \/><\/p>\n<p data-start=\"3673\" data-end=\"3833\"><strong>Classement au<br \/>\nchampionnat :\u00a0<\/strong><br \/>Au classement g\u00e9n\u00e9ral, <strong data-start=\"3696\" data-end=\"3706\">Bujosa<\/strong> est en t\u00eate mais <strong data-start=\"3724\" data-end=\"3767\">\u00e0 \u00e9galit\u00e9 de points avec Alex Longarela<\/strong><br \/>\n(Snipers IGAXTeam), \u00e0 l\u2019approche de la prochaine manche \u00e0 Misano,<br \/>\nle 21 septembre.<\/p>\n<p data-start=\"3673\" data-end=\"3833\"><img loading=\"lazy\" decoding=\"async\" class=\"aligncenter size-full wp-image-1314845\" src=\"https:\/\/www.europesays.com\/fr\/wp-content\/uploads\/2025\/07\/etcch-1.jpg\" alt=\"\" width=\"800\" height=\"657\"  \/><\/p>\n<p data-start=\"3673\" data-end=\"3833\">JuniorGP Aragon courses JuniorGP Aragon<br \/>\ncourses<\/p>\n","protected":false},"excerpt":{"rendered":"Le Championnat du Monde JuniorGP \u2122 faisait escale \u00e0 MotorLand Aragon pour la quatri\u00e8me manche de la saison&hellip;\n","protected":false},"author":2,"featured_media":280585,"comment_status":"","ping_status":"","sticky":false,"template":"","format":"standard","meta":{"footnotes":""},"categories":[1413],"tags":[1011,27,1457,1456,60],"class_list":{"0":"post-280584","1":"post","2":"type-post","3":"status-publish","4":"format-standard","5":"has-post-thumbnail","7":"category-moto","8":"tag-fr","9":"tag-france","10":"tag-moto","11":"tag-motocycle","12":"tag-sports"},"share_on_mastodon":{"url":"https:\/\/pubeurope.com\/@fr\/114933215193218563","error":""},"_links":{"self":[{"href":"https:\/\/www.europesays.com\/fr\/wp-json\/wp\/v2\/posts\/280584","targetHints":{"allow":["GET"]}}],"collection":[{"href":"https:\/\/www.europesays.com\/fr\/wp-json\/wp\/v2\/posts"}],"about":[{"href":"https:\/\/www.europesays.com\/fr\/wp-json\/wp\/v2\/types\/post"}],"author":[{"embeddable":true,"href":"https:\/\/www.europesays.com\/fr\/wp-json\/wp\/v2\/users\/2"}],"replies":[{"embeddable":true,"href":"https:\/\/www.europesays.com\/fr\/wp-json\/wp\/v2\/comments?post=280584"}],"version-history":[{"count":0,"href":"https:\/\/www.europesays.com\/fr\/wp-json\/wp\/v2\/posts\/280584\/revisions"}],"wp:featuredmedia":[{"embeddable":true,"href":"https:\/\/www.europesays.com\/fr\/wp-json\/wp\/v2\/media\/280585"}],"wp:attachment":[{"href":"https:\/\/www.europesays.com\/fr\/wp-json\/wp\/v2\/media?parent=280584"}],"wp:term":[{"taxonomy":"category","embeddable":true,"href":"https:\/\/www.europesays.com\/fr\/wp-json\/wp\/v2\/categories?post=280584"},{"taxonomy":"post_tag","embeddable":true,"href":"https:\/\/www.europesays.com\/fr\/wp-json\/wp\/v2\/tags?post=280584"}],"curies":[{"name":"wp","href":"https:\/\/api.w.org\/{rel}","templated":true}]}}