{"id":280590,"date":"2025-07-28T22:29:11","date_gmt":"2025-07-28T22:29:11","guid":{"rendered":"https:\/\/www.europesays.com\/fr\/280590\/"},"modified":"2025-07-28T22:29:11","modified_gmt":"2025-07-28T22:29:11","slug":"ol-39-de-chiffre-daffaires-hors-trading-lol-communique-les-comptes-de-la-saison-2024-25","status":"publish","type":"post","link":"https:\/\/www.europesays.com\/fr\/280590\/","title":{"rendered":"OL. -39% de chiffre d&rsquo;affaires hors trading, l&rsquo;OL communique les comptes de la saison 2024-25"},"content":{"rendered":"<p><img fetchpriority=\"high\" decoding=\"async\" width=\"620\" height=\"413\" src=\"https:\/\/www.europesays.com\/fr\/wp-content\/uploads\/2025\/07\/OL-Olympique-Lyonnais-620x413.jpg\" alt=\"OL. -39% de chiffre d'affaires hors trading, l'OL communique les comptes de la saison 2024-25\" class=\"wp-image-316761\"  \/>L\u2019OL accuse une baisse importante de son chiffre d\u2019affaires et anticipe des pertes pour sa saison 2024-2025.<\/p>\n<p>Dans un contexte sportif et \u00e9conomique particuli\u00e8rement d\u00e9licat et une rel\u00e9gation administrative ordonn\u00e9e par la DNCG avant approbation en appel, l\u2019<a href=\"https:\/\/sportune.20minutes.fr\/olympique-lyonnais-ol\" rel=\"nofollow noopener\" target=\"_blank\">Olympique Lyonnais<\/a> a publi\u00e9 ses r\u00e9sultats financiers pour l\u2019exercice 2024-25.<\/p>\n<p>Les droits TV principales raisons de la baisse de CA<\/p>\n<p>Ils sont marqu\u00e9s par une forte baisse du chiffre d\u2019affaires hors trading de joueurs. Le club rhodanien affiche des revenus en recul de 39% par rapport \u00e0 la saison pr\u00e9c\u00e9dente. La billetterie constitue l\u2019une des rares satisfactions avec 42,8 millions d\u2019euros (+26%), port\u00e9e par la participation europ\u00e9enne et le retour du derby contre l\u2019<a href=\"https:\/\/sportune.20minutes.fr\/as-saint-etienne-asse\" rel=\"nofollow noopener\" target=\"_blank\">AS Saint-Etienne<\/a>.<\/p>\n<p>Les droits TV chutent drastiquement \u00e0 45,7 millions d\u2019euros (-52%), impact\u00e9s par la fin d\u2019un revenu exceptionnel de 50 millions d\u2019euros li\u00e9 \u00e0 l\u2019op\u00e9ration CVC de la saison pr\u00e9c\u00e9dente et la baisse des droits domestiques, g\u00e9n\u00e9ralis\u00e9s \u00e0 toute la <a href=\"https:\/\/sportune.20minutes.fr\/ligue-1-l1\" rel=\"nofollow noopener\" target=\"_blank\">Ligue 1<\/a> (retrait de DAZN apr\u00e8s une seule saison contractuelle).<\/p>\n<p>Les partenariats-publicit\u00e9 reculent \u00e0 30,4 millions d\u2019euros (-18%) tandis que les produits de la marque chutent \u00e0 24,6 millions d\u2019euros (-55%). Cette derni\u00e8re baisse s\u2019explique par l\u2019absence de la redevance de 26,9 millions d\u2019euros vers\u00e9e par l\u2019<a href=\"https:\/\/sportune.20minutes.fr\/olympique-lyonnais-ol\" rel=\"nofollow noopener\" target=\"_blank\">OL<\/a> F\u00e9minin en 2023-24. L\u2019activit\u00e9 \u00e9v\u00e9nementielle baisse \u00e9galement \u00e0 18,7 millions d\u2019euros (-57%).<\/p>\n<p>L\u2019OL anticipe une saison 2024-25 \u00ab\u00a0tr\u00e8s fortement d\u00e9ficitaire\u00a0\u00bb<\/p>\n<p>Pour compenser les pertes, l\u2019<a href=\"https:\/\/sportune.20minutes.fr\/olympique-lyonnais-ol\" rel=\"nofollow noopener\" target=\"_blank\">OL<\/a> peut encore s\u2019appuyer sur les fruits de son centre de formation. Les ventes de joueurs atteignent ainsi 111,6 millions d\u2019euros (+15%), avec notamment les d\u00e9parts de Rayan Cherki \u00e0 <a href=\"https:\/\/sportune.20minutes.fr\/manchester-city\" rel=\"nofollow noopener\" target=\"_blank\">Manchester City<\/a> (31,4 M\u20ac), Jake O\u2019Brien \u00e0 <a href=\"https:\/\/sportune.20minutes.fr\/everton-fc\" rel=\"nofollow noopener\" target=\"_blank\">Everton FC<\/a> (14,2 M\u20ac) et Maxence Caqueret \u00e0 <a href=\"https:\/\/sportune.20minutes.fr\/come-1907\" rel=\"nofollow noopener\" target=\"_blank\">C\u00f4me 1907<\/a> (12,7 M\u20ac).<\/p>\n<p>Cons\u00e9quence r\u00e9cente des difficult\u00e9s \u00e9prouv\u00e9es par le club rhodanien, Michele Kang a \u00e9t\u00e9 nomm\u00e9e pr\u00e9sidente du club et pr\u00e9sidente-directrice g\u00e9n\u00e9rale d\u2019Eagle Football Group, tandis que Michael Gerlinger devient directeur g\u00e9n\u00e9ral. John Textor, jusqu\u2019alors dirigeant du club, a d\u00e9missionn\u00e9 de ses fonctions. Apr\u00e8s l\u2019apport de 87 millions d\u2019euros par les actionnaires et 30 millions de garantie bancaire, la Commission d\u2019Appel de la DNCG a confirm\u00e9 le maintien de l\u2019<a href=\"https:\/\/sportune.20minutes.fr\/olympique-lyonnais-ol\" rel=\"nofollow noopener\" target=\"_blank\">OL<\/a> en <a href=\"https:\/\/sportune.20minutes.fr\/ligue-1-l1\" rel=\"nofollow noopener\" target=\"_blank\">Ligue 1<\/a> le 9 juillet. Le club disputera \u00e9galement l\u2019Europa League 2025-26.<\/p>\n<p>L\u2019<a href=\"https:\/\/sportune.20minutes.fr\/olympique-lyonnais-ol\" rel=\"nofollow noopener\" target=\"_blank\">Olympique Lyonnais<\/a> ne communique pas encore le r\u00e9sultat net de la saison 2024-2025, mais il dit anticiper un r\u00e9sultat \u00ab\u00a0tr\u00e8s fortement d\u00e9ficitaire\u00a0\u00bb. Verdict dans les prochaines semaines.<\/p>\n","protected":false},"excerpt":{"rendered":"L\u2019OL accuse une baisse importante de son chiffre d\u2019affaires et anticipe des pertes pour sa saison 2024-2025. Dans&hellip;\n","protected":false},"author":2,"featured_media":280591,"comment_status":"","ping_status":"","sticky":false,"template":"","format":"standard","meta":{"footnotes":""},"categories":[1410],"tags":[63,1011,27,241,60,969],"class_list":{"0":"post-280590","1":"post","2":"type-post","3":"status-publish","4":"format-standard","5":"has-post-thumbnail","7":"category-football","8":"tag-football","9":"tag-fr","10":"tag-france","11":"tag-ol","12":"tag-sports","13":"tag-transfert"},"share_on_mastodon":{"url":"https:\/\/pubeurope.com\/@fr\/114933226776295819","error":""},"_links":{"self":[{"href":"https:\/\/www.europesays.com\/fr\/wp-json\/wp\/v2\/posts\/280590","targetHints":{"allow":["GET"]}}],"collection":[{"href":"https:\/\/www.europesays.com\/fr\/wp-json\/wp\/v2\/posts"}],"about":[{"href":"https:\/\/www.europesays.com\/fr\/wp-json\/wp\/v2\/types\/post"}],"author":[{"embeddable":true,"href":"https:\/\/www.europesays.com\/fr\/wp-json\/wp\/v2\/users\/2"}],"replies":[{"embeddable":true,"href":"https:\/\/www.europesays.com\/fr\/wp-json\/wp\/v2\/comments?post=280590"}],"version-history":[{"count":0,"href":"https:\/\/www.europesays.com\/fr\/wp-json\/wp\/v2\/posts\/280590\/revisions"}],"wp:featuredmedia":[{"embeddable":true,"href":"https:\/\/www.europesays.com\/fr\/wp-json\/wp\/v2\/media\/280591"}],"wp:attachment":[{"href":"https:\/\/www.europesays.com\/fr\/wp-json\/wp\/v2\/media?parent=280590"}],"wp:term":[{"taxonomy":"category","embeddable":true,"href":"https:\/\/www.europesays.com\/fr\/wp-json\/wp\/v2\/categories?post=280590"},{"taxonomy":"post_tag","embeddable":true,"href":"https:\/\/www.europesays.com\/fr\/wp-json\/wp\/v2\/tags?post=280590"}],"curies":[{"name":"wp","href":"https:\/\/api.w.org\/{rel}","templated":true}]}}