{"id":280594,"date":"2025-07-28T22:31:12","date_gmt":"2025-07-28T22:31:12","guid":{"rendered":"https:\/\/www.europesays.com\/fr\/280594\/"},"modified":"2025-07-28T22:31:12","modified_gmt":"2025-07-28T22:31:12","slug":"nouvel-opus-pour-les-peintres-de-liezey","status":"publish","type":"post","link":"https:\/\/www.europesays.com\/fr\/280594\/","title":{"rendered":"Nouvel opus pour les Peintres de Li\u00e9zey"},"content":{"rendered":"<p>\t\t\t\t\t\t\t\t<a href=\"https:\/\/vosgesinfo.fr\/app\/uploads\/sites\/6\/2025\/07\/expo-peintres-de-liezey-31.jpg\" data-slb-active=\"1\" data-slb-asset=\"279710590\" data-slb-internal=\"0\" data-slb-group=\"slb\" rel=\"nofollow noopener\" target=\"_blank\"><img decoding=\"async\" loading=\"lazy\" class=\"aligncenter size-large wp-image-80949\" src=\"https:\/\/www.europesays.com\/fr\/wp-content\/uploads\/2025\/07\/expo-peintres-de-liezey-31-1024x768.jpg\" alt=\"\" width=\"1024\" height=\"768\"  \/><\/a><\/p>\n<p>\u00a0<\/p>\n<p data-start=\"2731\" data-end=\"3249\"><strong>Ambiance chaleureuse et salle comble ce vendredi soir \u00e0 la salle des f\u00eates de Li\u00e9zey pour le vernissage de la 26e \u00e9dition de l\u2019exposition des \u00ab Peintres de Li\u00e9zey \u00bb. Treize artistes locaux, r\u00e9unis sous la banni\u00e8re d\u2019une association artistique dynamique et bien ancr\u00e9e dans le paysage vosgien, ont d\u00e9voil\u00e9 leurs derni\u00e8res cr\u00e9ations. Cette ann\u00e9e, l\u2019\u00e9v\u00e9nement s\u2019est enrichi de la pr\u00e9sence exceptionnelle de l\u2019artiste peintre professionnel Jean-Jacques Hauser, invit\u00e9 d\u2019honneur de cette \u00e9dition.<\/strong><\/p>\n<p data-start=\"3251\" data-end=\"3774\">Originaire de Nancy, Jean-Jacques Hauser a su conqu\u00e9rir le public par son parcours atypique et sa fid\u00e9lit\u00e9 \u00e0 ses racines lorraines. Issu d\u2019un environnement artistique \u2013 son p\u00e8re d\u00e9corateur \u00e0 l\u2019Op\u00e9ra de Nancy et sa m\u00e8re soprano \u2013 l\u2019artiste \u00e9voque avec \u00e9motion sa vie de boh\u00e8me et ses d\u00e9buts marqu\u00e9s par la vente itin\u00e9rante de ses toiles. Sa premi\u00e8re perc\u00e9e dans le monde de l\u2019art s\u2019est produite en 1981 \u00e0 Nancy, avant de voir ses \u0153uvres expos\u00e9es dans les plus prestigieuses galeries de New York, Amsterdam ou encore Londres.<\/p>\n<p data-start=\"3776\" data-end=\"4162\">D\u00e9sormais, Jean-Jacques Hauser souhaite exposer dans des lieux \u201ccoup de c\u0153ur\u201d, c\u2019est tout \u00e0 son honneur e cela fait le bonheur de Li\u00e9zey. Son \u0153uvre, orient\u00e9e vers le figuratif, le r\u00e9alisme et l\u2019hyperr\u00e9alisme, s\u00e9duit par sa pr\u00e9cision, sa d\u00e9licatesse et sa sensibilit\u00e9. Il expose notamment une toile repr\u00e9sentant son \u00e9pouse, v\u00eatue d\u2019un costume en dentelle de Lun\u00e9ville qu\u2019elle a elle-m\u00eame confectionn\u00e9.<\/p>\n<p data-start=\"4164\" data-end=\"4474\">Pr\u00e9sent lors de ce vernissage, le maire de Cleurie, Patrick Lagarde, a salu\u00e9 le travail de l\u2019association, \u00e9voquant une exposition symbolique, toujours renouvel\u00e9e, avec un rendez-vous annuel qui t\u00e9moigne des progr\u00e8s accomplis par les peintres locaux. L\u2019exposition est ouverte tous les jours de 15h00 \u00e0 18h00 jusqu\u2019au 15 ao\u00fbt. Treize \u0153uvres seront offertes lors d\u2019un tirage au sort, dont la toile exclusive de l\u2019invit\u00e9 d\u2019honneur, pr\u00e9sent lors de la derni\u00e8re journ\u00e9e.<\/p>\n<p data-start=\"4164\" data-end=\"4474\">Entr\u00e9e libre pour tous les amoureux de l\u2019art !<\/p>\n","protected":false},"excerpt":{"rendered":"\u00a0 Ambiance chaleureuse et salle comble ce vendredi soir \u00e0 la salle des f\u00eates de Li\u00e9zey pour le&hellip;\n","protected":false},"author":2,"featured_media":280595,"comment_status":"","ping_status":"","sticky":false,"template":"","format":"standard","meta":{"footnotes":""},"categories":[1358],"tags":[1348,1384,1385,1386,58,59,1011,27,41993,41994],"class_list":{"0":"post-280594","1":"post","2":"type-post","3":"status-publish","4":"format-standard","5":"has-post-thumbnail","7":"category-arts-et-design","8":"tag-arts","9":"tag-arts-and-design","10":"tag-arts-et-design","11":"tag-design","12":"tag-divertissement","13":"tag-entertainment","14":"tag-fr","15":"tag-france","16":"tag-jean-jacques-hauser","17":"tag-peintres-de-liezey"},"share_on_mastodon":{"url":"https:\/\/pubeurope.com\/@fr\/114933234798681973","error":""},"_links":{"self":[{"href":"https:\/\/www.europesays.com\/fr\/wp-json\/wp\/v2\/posts\/280594","targetHints":{"allow":["GET"]}}],"collection":[{"href":"https:\/\/www.europesays.com\/fr\/wp-json\/wp\/v2\/posts"}],"about":[{"href":"https:\/\/www.europesays.com\/fr\/wp-json\/wp\/v2\/types\/post"}],"author":[{"embeddable":true,"href":"https:\/\/www.europesays.com\/fr\/wp-json\/wp\/v2\/users\/2"}],"replies":[{"embeddable":true,"href":"https:\/\/www.europesays.com\/fr\/wp-json\/wp\/v2\/comments?post=280594"}],"version-history":[{"count":0,"href":"https:\/\/www.europesays.com\/fr\/wp-json\/wp\/v2\/posts\/280594\/revisions"}],"wp:featuredmedia":[{"embeddable":true,"href":"https:\/\/www.europesays.com\/fr\/wp-json\/wp\/v2\/media\/280595"}],"wp:attachment":[{"href":"https:\/\/www.europesays.com\/fr\/wp-json\/wp\/v2\/media?parent=280594"}],"wp:term":[{"taxonomy":"category","embeddable":true,"href":"https:\/\/www.europesays.com\/fr\/wp-json\/wp\/v2\/categories?post=280594"},{"taxonomy":"post_tag","embeddable":true,"href":"https:\/\/www.europesays.com\/fr\/wp-json\/wp\/v2\/tags?post=280594"}],"curies":[{"name":"wp","href":"https:\/\/api.w.org\/{rel}","templated":true}]}}