{"id":280619,"date":"2025-07-28T22:44:15","date_gmt":"2025-07-28T22:44:15","guid":{"rendered":"https:\/\/www.europesays.com\/fr\/280619\/"},"modified":"2025-07-28T22:44:15","modified_gmt":"2025-07-28T22:44:15","slug":"a-50-ans-genevrier-menuiserie-envoie-du-bois","status":"publish","type":"post","link":"https:\/\/www.europesays.com\/fr\/280619\/","title":{"rendered":"A 50 ans, Genevrier Menuiserie envoie du bois"},"content":{"rendered":"<p class=\"is-style-chapo\">N\u00e9e il y a 50 ans dans un garage, la menuiserie Genevrier s\u2019est depuis transform\u00e9e en entreprise de pointe, incarnant un savoir-faire local. Pr\u00e9sente \u00e0 Andr\u00e9zieux-Bouth\u00e9on et Annecy, la structure profite de ce demi-si\u00e8cle pour renouveler son identit\u00e9 visuelle, et ne manque pas de projets pour les 50 ann\u00e9es \u00e0 venir\u2026<\/p>\n<p><img loading=\"lazy\" decoding=\"async\" width=\"1024\" height=\"576\" src=\"https:\/\/www.europesays.com\/fr\/wp-content\/uploads\/2025\/07\/IMG_0189-1-1024x576.jpg\" alt=\"\" class=\"wp-image-80183\"  \/>Fond\u00e9e en 1975, l\u2019entreprise familiale n\u2019a cess\u00e9 d\u2019\u00e9voluer depuis, tout en pr\u00e9servant son savoir-faire. \u00a9JT\/ If Saint-Etienne.<\/p>\n<p>\u00ab\u00a0Quand on a annonc\u00e9 \u00e0 notre p\u00e8re notre volont\u00e9 de reprendre son entreprise, il a mis une semaine \u00e0 r\u00e9aliser, et plusieurs mois \u00e0 dig\u00e9rer, mais il \u00e9tait content\u00a0\u00bb, se souvient R\u00e9mi Genevrier. La belle histoire commence en 1975. Le p\u00e8re de famille, Paul Genevrier, cr\u00e9e sa soci\u00e9t\u00e9 apr\u00e8s des d\u00e9buts dans son garage, \u00e0 fabriquer des \u00e9l\u00e9ments de cuisine. Il s\u2019installe dans un premier local de 70 m\u00e8tres carr\u00e9s dans le centre <a href=\"https:\/\/www.if-saint-etienne.fr\/breves\/andrezieux-boutheon-lengie-open-15e\" target=\"_blank\" rel=\"noreferrer noopener\">d\u2019Andr\u00e9zieux-Bouth\u00e9on<\/a> et embauche son premier apprenti au bout d\u2019un an, qui fera la totalit\u00e9 de sa carri\u00e8re dans l\u2019entreprise, avant de prendre sa retraite il y a cinq ans. <\/p>\n<p>En 1981, il fait construire un b\u00e2timent de 200 m\u00e8tres carr\u00e9s derri\u00e8re la maison familiale, que l\u2019entreprise int\u00e8gre en 1982. Cela permet de diversifier l\u2019offre vers la menuiserie int\u00e9rieure en g\u00e9n\u00e9ral. Mais, au d\u00e9but des ann\u00e9es 2000, Paul Genevrier commence \u00e0 se mettre en qu\u00eate d\u2019un repreneur voyant la fin de sa carri\u00e8re approcher, sans penser une seconde que cela peut int\u00e9resser ses fils qui \u00e9voluent chacun dans des secteurs diff\u00e9rents\u2026<\/p>\n<p>Repreneurs inattendus<\/p>\n<p>A l\u2019\u00e9poque, R\u00e9mi est technicien dans l\u2019agro-alimentaire, et Guillaume ing\u00e9nieur en informatique. \u00ab\u00a0J\u2019ai fait une licence pro Recherche et d\u00e9veloppement et cr\u00e9ation d\u2019entreprise, d\u00e9taille R\u00e9mi Genevrier. Je me suis rendu compte \u00e0 ce moment-l\u00e0 que la partie cr\u00e9ation et gestion me plaisait plus que le produit en lui-m\u00eame. J\u2019\u00e9tais dans les produits de salaison, dans l\u2019agro-alimentaire, et j\u2019avais 21 ans. Guillaume \u00e9tait beaucoup plus bricoleur, \u00e0 l\u2019aise sur la partie bois\u2026 alors je lui ai parl\u00e9 de reprendre. Il m\u2019a dit qu\u2019il r\u00eavait de le faire, mais pas seul, parce que la gestion n\u2019\u00e9tait pas son truc et qu\u2019il ne s\u2019en sentait pas capable \u00e0 l\u2019\u00e9poque\u00a0\u00bb. <\/p>\n<p>Nous sommes alors fin 2004 et les deux fr\u00e8res montent leur projet, avant d\u2019en parler \u00e0 leur p\u00e8re au d\u00e9but de l\u2019ann\u00e9e 2005. \u00ab\u00a0\u00c7a a chang\u00e9 toute sa fa\u00e7on de voir sa retraite. Il s\u2019\u00e9tait mis dans la t\u00eate de vendre, d\u2019accompagner quelque temps son repreneur, mais pas trop longtemps pour ne pas l\u2019asphyxier, puis de profiter. La transition a dur\u00e9 un peu plus longtemps\u2026\u00a0\u00bb. Ainsi, R\u00e9mi Genevrier refait un BTS Productique bois, tandis que son fr\u00e8re int\u00e8gre directement l\u2019entreprise.<\/p>\n<p><img loading=\"lazy\" decoding=\"async\" width=\"1024\" height=\"576\" src=\"https:\/\/www.europesays.com\/fr\/wp-content\/uploads\/2025\/07\/IMG_0193-2-1024x576.jpg\" alt=\"\" class=\"wp-image-80185\"  \/><\/p>\n<p>Cap sur la Haute-Savoie<\/p>\n<p>Le p\u00e8re rempile alors pour deux ans, tandis que l\u2019entreprise d\u00e9m\u00e9nage dans ses locaux actuels de l\u2019avenue Beno\u00eet Fourneyron, o\u00f9 elle avait d\u00e9j\u00e0 un d\u00e9p\u00f4t. \u00ab\u00a0On est pass\u00e9 de 200 m\u00e8tres carr\u00e9s \u00e0 400 m\u00e8tres carr\u00e9s en plus du stockage, puis il m\u2019a form\u00e9 une fois mon BTS en poche. Cela a dur\u00e9 trois ans\u00a0\u00bb. Lorsque les deux fr\u00e8res reprennent, <a href=\"https:\/\/genevrier-menuiserie.com\/\" target=\"_blank\" rel=\"noreferrer noopener\">Genevrier Menuiserie<\/a> compte une dizaine de salari\u00e9s pour un chiffre d\u2019affaires qui avoisine le million d\u2019euros. Ils choisissent de s\u2019orienter vers la menuiserie ext\u00e9rieure, principalement les fen\u00eatres bois et aluminium. L\u2019entreprise s\u2019agrandit. En 2015, elle compte une vingtaine de salari\u00e9s avec un chiffre d\u2019affaires situ\u00e9 entre deux et trois millions d\u2019euros. <\/p>\n<p>\u00ab\u00a0On commen\u00e7ait \u00e0 \u00eatre une structure suffisamment importante pour que \u00e7a devienne difficile de suivre les chantiers \u00e0 deux. On a d\u00e9cid\u00e9 de recruter un conducteur de travaux, et pour, \u00e7a on s\u2019est rapproch\u00e9 d\u2019un ancien apprenti, Julien Achin, qui travaillait en Haute-Savoie. En parall\u00e8le, on avait un projet d\u2019agrandissement de b\u00e2timent. Lui nous a dit que sa vie \u00e9tait en Haute-Savoie, qu\u2019il souhaitait se lancer, mais l\u00e0-bas. On a dit banco, associons-nous\u00a0! Entre temps, il est parti un an en Australie, le temps pour nous de finir notre b\u00e2timent, pour passer de 400 \u00e0 1 300 m\u00e8tres carr\u00e9s. Il est revenu, et cinq mois plus tard, nous avons notre premier chantier sur place\u00a0\u00bb. C\u2019est ainsi que Genevrier Menuiserie ouvre un atelier d\u2019appoint \u00e0 Poisy, avec de gros chantiers \u00e0 la cl\u00e9 comme la Cit\u00e9 administrative d\u2019Annecy et ses 1 300 fen\u00eatres.<\/p>\n<p>Et l\u2019avenir\u00a0?<\/p>\n<p>Pour la quasi-totalit\u00e9 de son activit\u00e9, l\u2019entreprise r\u00e9pond \u00e0 des march\u00e9s publics. Aujourd\u2019hui, elle souhaite d\u00e9velopper la vente aux professionnels. Autre objectif vis\u00e9\u00a0: intervenir plus en amont aupr\u00e8s de ses clients, en conseil, avec des produits deviennent de plus en plus techniques. \u00ab\u00a0Le bois a le vent en poupe et on travaille avec des bois locaux, on est labellis\u00e9 pour travailler dans une gestion durable des for\u00eats, c\u2019est-\u00e0-dire on coupe, on replante\u2026 Donc il faut continuer \u00e0 d\u00e9velopper des produits toujours plus techniques, sans pour autant le faire pour \u00eatre pr\u00e9curseurs, on travaille \u00e0 la demande. Par exemple, une station hupp\u00e9e de Haute-Savoie qui installait un h\u00f4tel pr\u00e8s d\u2019un a\u00e9roport avait besoin d\u2019un vitrage sp\u00e9cifique pour que l\u2019on n\u2019entende rien \u00bb. <\/p>\n<p>La menuiserie continue de mettre l\u2019accent sur la formation avec en moyenne un apprenti par an, mais veille aussi \u00e0 un \u00e2ge de d\u00e9part \u00e0 la retraite qui s\u2019allonge, dans des m\u00e9tiers qui sont physiques. \u00ab\u00a0On accompagne les seniors en les faisant \u00e9voluer \u00e0 des postes moins physiques, comme magasinier, ou formateur pour sensibiliser nos salari\u00e9s aux bonnes pratiques. Quand c\u2019est expliqu\u00e9 par un coll\u00e8gue, c\u2019est abord\u00e9 diff\u00e9remment. Donc on utilise la comp\u00e9tence et l\u2019exp\u00e9rience au b\u00e9n\u00e9fice des plus jeunes, mais cela a un coup et j\u2019ai conscience que tout le monde ne peut pas le faire\u00a0\u00bb.<\/p>\n<p>Nouvelle identit\u00e9<\/p>\n<p>Les fr\u00e8res travaillent m\u00eame avec des ergonomes afin de pr\u00e9server la sant\u00e9 de leur personnel et d\u2019\u00e9viter les troubles musculosquelettiques. A l\u2019occasion de ses 50 ans, Genevrier Menuiserie a d\u00e9voil\u00e9 sa nouvelle identit\u00e9 visuelle. Pas question de renier son pass\u00e9, mais un d\u00e9sir d\u2019\u00eatre dans son \u00e9poque. \u00ab\u00a0Nos m\u00e9tiers ont \u00e9volu\u00e9. On travaille sur commande num\u00e9rique, l\u2019atelier est propre, ce n\u2019est pas Zola chez nous, il y a des gens qui s\u2019imaginent encore que tout est fait \u00e0 la main. On change nos fen\u00eatres, nos gammes, il fallait donc que notre identit\u00e9 visuelle corresponde \u00e0 ce que l\u2019on fait aujourd\u2019hui. On est reparti sur un logo bleu, blanc, rouge, parce qu\u2019on fabrique en France, on veut le revendiquer. On a aussi le G et ce M qui nous suivent depuis des ann\u00e9es. On voulait moderniser notre image\u00a0\u00bb. <\/p>\n<p>Aujourd\u2019hui, l\u2019entreprise compte une soixantaine de salari\u00e9s, dont 45 \u00e0 Andr\u00e9zieux-Bouth\u00e9on, pour un chiffre d\u2019affaires total de 9 millions d\u2019euros, pour l\u2019ensemble des sites.<\/p>\n","protected":false},"excerpt":{"rendered":"N\u00e9e il y a 50 ans dans un garage, la menuiserie Genevrier s\u2019est depuis transform\u00e9e en entreprise de&hellip;\n","protected":false},"author":2,"featured_media":280620,"comment_status":"","ping_status":"","sticky":false,"template":"","format":"standard","meta":{"footnotes":""},"categories":[9653],"tags":[1111,11,17136,2430,16350,1777,674,1011,27,42001,12,25,4001,42002],"class_list":{"0":"post-280619","1":"post","2":"type-post","3":"status-publish","4":"format-standard","5":"has-post-thumbnail","7":"category-saint-etienne","8":"tag-actu","9":"tag-actualites","10":"tag-andrezieux-boutheon","11":"tag-auvergne-rhone-alpes","12":"tag-constructif","13":"tag-eu","14":"tag-europe","15":"tag-fr","16":"tag-france","17":"tag-genevrier-menuiserie","18":"tag-news","19":"tag-republique-francaise","20":"tag-saint-etienne","21":"tag-tpm-pme-loire"},"share_on_mastodon":{"url":"https:\/\/pubeurope.com\/@fr\/114933285805300266","error":""},"_links":{"self":[{"href":"https:\/\/www.europesays.com\/fr\/wp-json\/wp\/v2\/posts\/280619","targetHints":{"allow":["GET"]}}],"collection":[{"href":"https:\/\/www.europesays.com\/fr\/wp-json\/wp\/v2\/posts"}],"about":[{"href":"https:\/\/www.europesays.com\/fr\/wp-json\/wp\/v2\/types\/post"}],"author":[{"embeddable":true,"href":"https:\/\/www.europesays.com\/fr\/wp-json\/wp\/v2\/users\/2"}],"replies":[{"embeddable":true,"href":"https:\/\/www.europesays.com\/fr\/wp-json\/wp\/v2\/comments?post=280619"}],"version-history":[{"count":0,"href":"https:\/\/www.europesays.com\/fr\/wp-json\/wp\/v2\/posts\/280619\/revisions"}],"wp:featuredmedia":[{"embeddable":true,"href":"https:\/\/www.europesays.com\/fr\/wp-json\/wp\/v2\/media\/280620"}],"wp:attachment":[{"href":"https:\/\/www.europesays.com\/fr\/wp-json\/wp\/v2\/media?parent=280619"}],"wp:term":[{"taxonomy":"category","embeddable":true,"href":"https:\/\/www.europesays.com\/fr\/wp-json\/wp\/v2\/categories?post=280619"},{"taxonomy":"post_tag","embeddable":true,"href":"https:\/\/www.europesays.com\/fr\/wp-json\/wp\/v2\/tags?post=280619"}],"curies":[{"name":"wp","href":"https:\/\/api.w.org\/{rel}","templated":true}]}}