{"id":280621,"date":"2025-07-28T22:45:26","date_gmt":"2025-07-28T22:45:26","guid":{"rendered":"https:\/\/www.europesays.com\/fr\/280621\/"},"modified":"2025-07-28T22:45:26","modified_gmt":"2025-07-28T22:45:26","slug":"sans-feu-a-contre-sens-il-tente-de-fuir-la-police-de-carnot-a-saint-just-saint-rambert","status":"publish","type":"post","link":"https:\/\/www.europesays.com\/fr\/280621\/","title":{"rendered":"sans feu, \u00e0 contre-sens, il tente de fuir la police de Carnot&#8230; \u00e0 Saint-Just-Saint-Rambert"},"content":{"rendered":"\n<p>Le jeudi 24 juillet dernier, vers 2 heures du matin, la BAC souhaite contr\u00f4ler une Polo dans le quartier Carnot, \u00e0 Saint-\u00c9tienne. Mais \u00e0 l&rsquo;arriv\u00e9e de la police, le conducteur acc\u00e9l\u00e8re pour prendre la fuite. Il coupe les feux de sa voiture, prend plusieurs portions de route \u00e0 contre-sens dans le secteur de la Fouillouse avant d&rsquo;\u00eatre finalement intercept\u00e9&#8230; \u00e0 Saint-Just-Saint-Rambert.<\/p>\n<p>Il se rebelle lors de son interpellation. Les policiers finissent par le maitriser et constatent que l&rsquo;homme a 18 ans et qu&rsquo;il a pris beaucoup de risques, car il n&rsquo;a pas le permis. Le jeune homme sera convoqu\u00e9 prochainement pour d\u00e9faut de permis, refus d&rsquo;obtemp\u00e9rer aggrav\u00e9 et r\u00e9bellion.<\/p>\n","protected":false},"excerpt":{"rendered":"Le jeudi 24 juillet dernier, vers 2 heures du matin, la BAC souhaite contr\u00f4ler une Polo dans le&hellip;\n","protected":false},"author":2,"featured_media":280622,"comment_status":"","ping_status":"","sticky":false,"template":"","format":"standard","meta":{"footnotes":""},"categories":[9653],"tags":[1111,11,2430,42003,1777,674,1011,27,3367,12,9121,1072,33645,25,42004,4001],"class_list":{"0":"post-280621","1":"post","2":"type-post","3":"status-publish","4":"format-standard","5":"has-post-thumbnail","7":"category-saint-etienne","8":"tag-actu","9":"tag-actualites","10":"tag-auvergne-rhone-alpes","11":"tag-carnot","12":"tag-eu","13":"tag-europe","14":"tag-fr","15":"tag-france","16":"tag-loire","17":"tag-news","18":"tag-permis","19":"tag-police","20":"tag-poursuite","21":"tag-republique-francaise","22":"tag-saint_just_saint_rambert","23":"tag-saint-etienne"},"share_on_mastodon":{"url":"https:\/\/pubeurope.com\/@fr\/114933289612652749","error":""},"_links":{"self":[{"href":"https:\/\/www.europesays.com\/fr\/wp-json\/wp\/v2\/posts\/280621","targetHints":{"allow":["GET"]}}],"collection":[{"href":"https:\/\/www.europesays.com\/fr\/wp-json\/wp\/v2\/posts"}],"about":[{"href":"https:\/\/www.europesays.com\/fr\/wp-json\/wp\/v2\/types\/post"}],"author":[{"embeddable":true,"href":"https:\/\/www.europesays.com\/fr\/wp-json\/wp\/v2\/users\/2"}],"replies":[{"embeddable":true,"href":"https:\/\/www.europesays.com\/fr\/wp-json\/wp\/v2\/comments?post=280621"}],"version-history":[{"count":0,"href":"https:\/\/www.europesays.com\/fr\/wp-json\/wp\/v2\/posts\/280621\/revisions"}],"wp:featuredmedia":[{"embeddable":true,"href":"https:\/\/www.europesays.com\/fr\/wp-json\/wp\/v2\/media\/280622"}],"wp:attachment":[{"href":"https:\/\/www.europesays.com\/fr\/wp-json\/wp\/v2\/media?parent=280621"}],"wp:term":[{"taxonomy":"category","embeddable":true,"href":"https:\/\/www.europesays.com\/fr\/wp-json\/wp\/v2\/categories?post=280621"},{"taxonomy":"post_tag","embeddable":true,"href":"https:\/\/www.europesays.com\/fr\/wp-json\/wp\/v2\/tags?post=280621"}],"curies":[{"name":"wp","href":"https:\/\/api.w.org\/{rel}","templated":true}]}}