{"id":280649,"date":"2025-07-28T23:07:14","date_gmt":"2025-07-28T23:07:14","guid":{"rendered":"https:\/\/www.europesays.com\/fr\/280649\/"},"modified":"2025-07-28T23:07:14","modified_gmt":"2025-07-28T23:07:14","slug":"marc-andre-ter-stegen-est-arrive-a-bordeaux-espagne-fc-barcelone","status":"publish","type":"post","link":"https:\/\/www.europesays.com\/fr\/280649\/","title":{"rendered":"Marc-Andr\u00e9 ter Stegen est arriv\u00e9 \u00e0 Bordeaux &#8211; Espagne &#8211; FC Barcelone"},"content":{"rendered":"<p>L\u2019arriv\u00e9e de l\u2019\u00e9t\u00e9 en National 2 ?<\/p>\n<p>Certains ont d\u00fb se frotter les yeux, ce lundi, en voyant <strong>Marc-Andr\u00e9 ter Stegen arriver \u00e0 Bordeaux<\/strong>. Et ils ont sans doute d\u00e9chant\u00e9 aussi vite lorsqu\u2019ils ont compris que le gardien du FC Barcelone n\u2019\u00e9tait en Gironde que pour se rendre \u00e0 la clinique du sport de Bordeaux-M\u00e9rignac afin de <a target=\"_blank\" href=\"https:\/\/www.sofoot.com\/breves\/un-nouveau-coup-dur-pour-marc-andre-ter-stegen-sur-le-depart-du-barca\" rel=\"noopener nofollow\">soigner sa nouvelle blessure aux lombaires<\/a>. Il doit subir une op\u00e9ration du dos, deux ans apr\u00e8s une premi\u00e8re intervention chirurgicale dans le m\u00eame \u00e9tablissement.<\/p>\n<p>De plus en plus proche d\u2019un d\u00e9part du Bar\u00e7a<\/p>\n<p>Le portier allemand n\u2019est plus en odeur de saintet\u00e9 du c\u00f4t\u00e9 du Bar\u00e7a, mais <strong>pas de l\u00e0 \u00e0 envisager un transfert en quatri\u00e8me division fran\u00e7aise<\/strong>. \u00c0 peine remis d\u2019une rupture de la rotule, il s\u2019est donc bless\u00e9 et n\u2019a pu assister qu\u2019impuissant \u00e0 la <a target=\"_blank\" href=\"https:\/\/www.sofoot.com\/breves\/le-gardien-polonais-wojciech-szczesny-prolonge-jusquen-2027-au-fc-barcelone\" rel=\"noopener nofollow\">prolongation de Wojciech Szcz\u0119sny en Catalogne<\/a> et \u00e0 <a target=\"_blank\" href=\"https:\/\/www.sofoot.com\/breves\/mercato-avec-joan-garcia-en-provenance-de-lespanyol-le-barca-tient-son-nouveau-gardien\" rel=\"noopener nofollow\">l\u2019arriv\u00e9e de Joan Garcia, en provenance de l\u2019Espanyol<\/a>.<\/p>\n<p>S\u2019il a tent\u00e9 de d\u00e9mentir les rumeurs de d\u00e9part sur les r\u00e9seaux sociaux, Marc-Andr\u00e9 ter Stegen s\u2019est rendu \u00e0 Bordeaux uniquement avec sa compagne et a <strong>refus\u00e9 la pr\u00e9sence de repr\u00e9sentants barcelonais<\/strong>, selon les informations du m\u00e9dia espagnol <a target=\"_blank\" href=\"https:\/\/as.com\/futbol\/ter-stegen-podria-reventar-el-comunicado-del-club-n\/\" rel=\"noopener nofollow\">AS<\/a>.<\/p>\n<p><a target=\"_blank\" href=\"https:\/\/www.sofoot.com\/breves\/bordeaux-tient-son-nouveau-gardien-numero-1#goog_rewarded\" rel=\"noopener nofollow\">Jan Hoekstra, qui vient d\u2019arriver \u00e0 Bordeaux<\/a>, peut souffler, sa place de titulaire n\u2019est pas remise en question.<\/p>\n<p>\t\t\t\t\t\t\t\t\t\t<a class=\"lien-connexe\" href=\"https:\/\/www.sofoot.com\/breves\/allemagne-michael-olise-elu-joueur-de-la-saison-du-bayern-munich-par-les-supporters\" rel=\"nofollow noopener\" target=\"_blank\">Michael Olise \u00e9lu joueur de la saison du Bayern Munich<\/a>\t\t\t\t\t<\/p>\n","protected":false},"excerpt":{"rendered":"L\u2019arriv\u00e9e de l\u2019\u00e9t\u00e9 en National 2 ? Certains ont d\u00fb se frotter les yeux, ce lundi, en voyant&hellip;\n","protected":false},"author":2,"featured_media":280650,"comment_status":"","ping_status":"","sticky":false,"template":"","format":"standard","meta":{"footnotes":""},"categories":[2817],"tags":[1111,47,11,61,1997,69,65,64,1777,674,63,1011,27,68,66,12,62,2219,70,25,67],"class_list":{"0":"post-280649","1":"post","2":"type-post","3":"status-publish","4":"format-standard","5":"has-post-thumbnail","7":"category-bordeaux","8":"tag-actu","9":"tag-actualite","10":"tag-actualites","11":"tag-actus-football","12":"tag-bordeaux","13":"tag-bundesliga","14":"tag-championnats-europeens","15":"tag-equipe-de-france","16":"tag-eu","17":"tag-europe","18":"tag-football","19":"tag-fr","20":"tag-france","21":"tag-ligua","22":"tag-ligue-1","23":"tag-news","24":"tag-news-foot","25":"tag-nouvelle-aquitaine","26":"tag-premier-league","27":"tag-republique-francaise","28":"tag-serie-a"},"share_on_mastodon":{"url":"https:\/\/pubeurope.com\/@fr\/114933376163624989","error":""},"_links":{"self":[{"href":"https:\/\/www.europesays.com\/fr\/wp-json\/wp\/v2\/posts\/280649","targetHints":{"allow":["GET"]}}],"collection":[{"href":"https:\/\/www.europesays.com\/fr\/wp-json\/wp\/v2\/posts"}],"about":[{"href":"https:\/\/www.europesays.com\/fr\/wp-json\/wp\/v2\/types\/post"}],"author":[{"embeddable":true,"href":"https:\/\/www.europesays.com\/fr\/wp-json\/wp\/v2\/users\/2"}],"replies":[{"embeddable":true,"href":"https:\/\/www.europesays.com\/fr\/wp-json\/wp\/v2\/comments?post=280649"}],"version-history":[{"count":0,"href":"https:\/\/www.europesays.com\/fr\/wp-json\/wp\/v2\/posts\/280649\/revisions"}],"wp:featuredmedia":[{"embeddable":true,"href":"https:\/\/www.europesays.com\/fr\/wp-json\/wp\/v2\/media\/280650"}],"wp:attachment":[{"href":"https:\/\/www.europesays.com\/fr\/wp-json\/wp\/v2\/media?parent=280649"}],"wp:term":[{"taxonomy":"category","embeddable":true,"href":"https:\/\/www.europesays.com\/fr\/wp-json\/wp\/v2\/categories?post=280649"},{"taxonomy":"post_tag","embeddable":true,"href":"https:\/\/www.europesays.com\/fr\/wp-json\/wp\/v2\/tags?post=280649"}],"curies":[{"name":"wp","href":"https:\/\/api.w.org\/{rel}","templated":true}]}}