{"id":280661,"date":"2025-07-28T23:14:09","date_gmt":"2025-07-28T23:14:09","guid":{"rendered":"https:\/\/www.europesays.com\/fr\/280661\/"},"modified":"2025-07-28T23:14:09","modified_gmt":"2025-07-28T23:14:09","slug":"previsions-du-mardi-29-juillet-2025-4","status":"publish","type":"post","link":"https:\/\/www.europesays.com\/fr\/280661\/","title":{"rendered":"pr\u00e9visions du mardi 29 juillet 2025"},"content":{"rendered":"<p>Cette journ\u00e9e rimera avec grand soleil pour Lyon. Le mercure affichera 20\u00b0C en moyenne. Le matin, on anticipe des valeurs avoisinant 19\u00b0C. Une petite brise de nord sera ressentie par les habitants. L&rsquo;air ambiant va se r\u00e9chauffer l&rsquo;apr\u00e8s-midi avec une hausse de plusieurs degr\u00e9s. Les temp\u00e9ratures seront de 24\u00b0C au plus bas et de 25\u00b0C au maximum. Il fera en moyenne 21\u00b0C, le soir. On passera de mardi \u00e0 mercredi par une nuit claire.<\/p>\n<p>Demain, le beau temps va peu \u00e0 peu prendre la place des nuages \u00e0 Lyon. Une m\u00e9t\u00e9o plus chaude est attendue \u00e9tant donn\u00e9 que les temp\u00e9ratures vont enregistrer une augmentation. Les valeurs seront comprises entre 16 et 25\u00b0C. Un vent de nord rafra\u00eechira quelque peu l&rsquo;atmosph\u00e8re. Demain apr\u00e8s-midi, c&rsquo;est une hausse de quelques degr\u00e9s que vont conna\u00eetre les temp\u00e9ratures. Ces valeurs s&rsquo;\u00e9chelonneront entre 23\u00b0C et 25\u00b0C. Il va faire 20\u00b0C en moyenne demain soir.<\/p>\n<p>Le temps restera stable les jours \u00e0 venir. Le temps sera ensoleill\u00e9 avec des temp\u00e9ratures autour de 27\u00b0C.<\/p>\n<p><\/p>\n","protected":false},"excerpt":{"rendered":"Cette journ\u00e9e rimera avec grand soleil pour Lyon. Le mercure affichera 20\u00b0C en moyenne. Le matin, on anticipe&hellip;\n","protected":false},"author":2,"featured_media":280662,"comment_status":"","ping_status":"","sticky":false,"template":"","format":"standard","meta":{"footnotes":""},"categories":[1889],"tags":[1111,11,2430,1777,674,1011,27,2428,12,2119,25,2429,2431],"class_list":{"0":"post-280661","1":"post","2":"type-post","3":"status-publish","4":"format-standard","5":"has-post-thumbnail","7":"category-lyon","8":"tag-actu","9":"tag-actualites","10":"tag-auvergne-rhone-alpes","11":"tag-eu","12":"tag-europe","13":"tag-fr","14":"tag-france","15":"tag-lyon","16":"tag-news","17":"tag-previsions-meteo","18":"tag-republique-francaise","19":"tag-rhone","20":"tag-rhone-alpes"},"share_on_mastodon":{"url":"https:\/\/pubeurope.com\/@fr\/114933403745426528","error":""},"_links":{"self":[{"href":"https:\/\/www.europesays.com\/fr\/wp-json\/wp\/v2\/posts\/280661","targetHints":{"allow":["GET"]}}],"collection":[{"href":"https:\/\/www.europesays.com\/fr\/wp-json\/wp\/v2\/posts"}],"about":[{"href":"https:\/\/www.europesays.com\/fr\/wp-json\/wp\/v2\/types\/post"}],"author":[{"embeddable":true,"href":"https:\/\/www.europesays.com\/fr\/wp-json\/wp\/v2\/users\/2"}],"replies":[{"embeddable":true,"href":"https:\/\/www.europesays.com\/fr\/wp-json\/wp\/v2\/comments?post=280661"}],"version-history":[{"count":0,"href":"https:\/\/www.europesays.com\/fr\/wp-json\/wp\/v2\/posts\/280661\/revisions"}],"wp:featuredmedia":[{"embeddable":true,"href":"https:\/\/www.europesays.com\/fr\/wp-json\/wp\/v2\/media\/280662"}],"wp:attachment":[{"href":"https:\/\/www.europesays.com\/fr\/wp-json\/wp\/v2\/media?parent=280661"}],"wp:term":[{"taxonomy":"category","embeddable":true,"href":"https:\/\/www.europesays.com\/fr\/wp-json\/wp\/v2\/categories?post=280661"},{"taxonomy":"post_tag","embeddable":true,"href":"https:\/\/www.europesays.com\/fr\/wp-json\/wp\/v2\/tags?post=280661"}],"curies":[{"name":"wp","href":"https:\/\/api.w.org\/{rel}","templated":true}]}}