{"id":280681,"date":"2025-07-28T23:26:12","date_gmt":"2025-07-28T23:26:12","guid":{"rendered":"https:\/\/www.europesays.com\/fr\/280681\/"},"modified":"2025-07-28T23:26:12","modified_gmt":"2025-07-28T23:26:12","slug":"psg-chevalier-dans-sa-bulle-en-allemagne-transferts","status":"publish","type":"post","link":"https:\/\/www.europesays.com\/fr\/280681\/","title":{"rendered":"PSG : Chevalier dans sa bulle en Allemagne &#8211; Transferts"},"content":{"rendered":"<p>Alors que son avenir agite les coulisses du mercato, <strong>Lucas Chevalier<\/strong> reste, lui, concentr\u00e9. Courtis\u00e9 avec insistance par le PSG \u2014 qui a exprim\u00e9 sa volont\u00e9 de le recruter, valid\u00e9e par Luis Enrique et fruit d\u2019un suivi de longue date par QSI \u2014 le gardien lillois a pris la direction de l\u2019Allemagne pour un stage de pr\u00e9-saison avec le LOSC.<\/p>\n<p>Ce rassemblement, lanc\u00e9 ce lundi, se poursuit jusqu\u2019au 2 ao\u00fbt, avec en ligne de mire une rencontre amicale contre le Borussia Dortmund, pr\u00e9vue samedi \u00e0 17h. Pendant ce temps, en coulisses, Nasser Al-Khela\u00effi a d\u00e9gain\u00e9 une premi\u00e8re offre inf\u00e9rieure \u00e0 40 M\u20ac pour tenter d\u2019ouvrir les n\u00e9gociations. Une offensive concr\u00e8te pour celui qui est aujourd\u2019hui num\u00e9ro 2 dans la hi\u00e9rarchie des gardiens de l\u2019\u00e9quipe de France.<\/p>\n<p>Tout pourrait s\u2019acc\u00e9l\u00e9rer dans les jours \u00e0 venir. Paris veut avancer rapidement sur ce dossier, avec l\u2019objectif d\u2019accueillir Chevalier avant la reprise officielle. Une chose est s\u00fbre : le feuilleton ne fait que commencer\u2026 et la semaine s\u2019annonce anim\u00e9e dans la capitale.<\/p>\n<p>\u00a0<\/p>\n","protected":false},"excerpt":{"rendered":"Alors que son avenir agite les coulisses du mercato, Lucas Chevalier reste, lui, concentr\u00e9. Courtis\u00e9 avec insistance par&hellip;\n","protected":false},"author":2,"featured_media":280682,"comment_status":"","ping_status":"","sticky":false,"template":"","format":"standard","meta":{"footnotes":""},"categories":[1587],"tags":[11,672,9237,3396,42010,1804,38756,9734,32181,1446,1805,1803,1777,674,1801,2267,1537,12,22346,626,5242,6202,471,29390,42012,1802,3138,42011],"class_list":{"0":"post-280681","1":"post","2":"type-post","3":"status-publish","4":"format-standard","5":"has-post-thumbnail","7":"category-allemagne","8":"tag-actualites","9":"tag-allemagne","10":"tag-arrivee","11":"tag-avec","12":"tag-bulle","13":"tag-bundesrepublik-deutschland","14":"tag-chevalier","15":"tag-concentre","16":"tag-conclure","17":"tag-dans","18":"tag-de","19":"tag-deutschland","20":"tag-eu","21":"tag-europe","22":"tag-germany","23":"tag-losc","24":"tag-lucas","25":"tag-news","26":"tag-offensive","27":"tag-paris","28":"tag-passe","29":"tag-pendant","30":"tag-pour","31":"tag-preparation","32":"tag-rapidement","33":"tag-republique-federale-dallemagne","34":"tag-reste","35":"tag-tenter"},"share_on_mastodon":{"url":"https:\/\/pubeurope.com\/@fr\/114933450879353288","error":""},"_links":{"self":[{"href":"https:\/\/www.europesays.com\/fr\/wp-json\/wp\/v2\/posts\/280681","targetHints":{"allow":["GET"]}}],"collection":[{"href":"https:\/\/www.europesays.com\/fr\/wp-json\/wp\/v2\/posts"}],"about":[{"href":"https:\/\/www.europesays.com\/fr\/wp-json\/wp\/v2\/types\/post"}],"author":[{"embeddable":true,"href":"https:\/\/www.europesays.com\/fr\/wp-json\/wp\/v2\/users\/2"}],"replies":[{"embeddable":true,"href":"https:\/\/www.europesays.com\/fr\/wp-json\/wp\/v2\/comments?post=280681"}],"version-history":[{"count":0,"href":"https:\/\/www.europesays.com\/fr\/wp-json\/wp\/v2\/posts\/280681\/revisions"}],"wp:featuredmedia":[{"embeddable":true,"href":"https:\/\/www.europesays.com\/fr\/wp-json\/wp\/v2\/media\/280682"}],"wp:attachment":[{"href":"https:\/\/www.europesays.com\/fr\/wp-json\/wp\/v2\/media?parent=280681"}],"wp:term":[{"taxonomy":"category","embeddable":true,"href":"https:\/\/www.europesays.com\/fr\/wp-json\/wp\/v2\/categories?post=280681"},{"taxonomy":"post_tag","embeddable":true,"href":"https:\/\/www.europesays.com\/fr\/wp-json\/wp\/v2\/tags?post=280681"}],"curies":[{"name":"wp","href":"https:\/\/api.w.org\/{rel}","templated":true}]}}