{"id":280689,"date":"2025-07-28T23:30:15","date_gmt":"2025-07-28T23:30:15","guid":{"rendered":"https:\/\/www.europesays.com\/fr\/280689\/"},"modified":"2025-07-28T23:30:15","modified_gmt":"2025-07-28T23:30:15","slug":"municipales-a-paris-la-commission-dinvestiture-de-lr-estime-que-rachida-dati-est-la-mieux-placee-pour-incarner-lalternance","status":"publish","type":"post","link":"https:\/\/www.europesays.com\/fr\/280689\/","title":{"rendered":"Municipales \u00e0 Paris\u00a0: la commission d\u2019investiture de LR estime que Rachida Dati est \u00ab\u00a0la mieux plac\u00e9e pour incarner l\u2019alternance\u00a0\u00bb"},"content":{"rendered":"<p class=\"paragraph text_align_left lp-f-body-02\">La commission d\u2019investiture de LR a tranch\u00e9. Selon elle, la ministre de la Culture et maire du VIIe arrondissement <a href=\"https:\/\/www.leparisien.fr\/elections\/legislatives\/legislative-partielle-a-paris-je-serai-quoi-quil-arrive-candidate-dati-prete-a-entrer-en-dissidence-28-07-2025-AAIOMYB2HFB4JBKOHBUZBPTERI.php\" target=\"_blank\" rel=\"noreferrer nofollow noopener\">Rachida Dati<\/a> est \u00ab la mieux plac\u00e9e pour incarner l\u2019alternance \u00bb pour les \u00e9lections municipales \u00e0 Paris de l\u2019an prochain, d\u00e9clare-t-elle dans un communiqu\u00e9. Elle ne s\u2019\u00e9tait pas encore prononc\u00e9e sur sa candidature dans la capitale.<\/p>\n<p class=\"paragraph text_align_left lp-f-body-02\">La CNI rappelle que \u00ab l\u2019objectif premier est de battre la gauche qui a ab\u00eem\u00e9 la capitale \u00bb et \u00ab consid\u00e8re que Rachida Dati est la mieux plac\u00e9e pour incarner l\u2019alternance \u00bb.<\/p>\n<p>\u00ab Privil\u00e9gier le dialogue et l\u2019unit\u00e9 \u00bb<\/p>\n<p class=\"paragraph text_align_left lp-f-body-02\">La Commission d\u2019investiture \u00ab r\u00e9affirme sa volont\u00e9 de privil\u00e9gier le dialogue et l\u2019unit\u00e9 \u00bb, apr\u00e8s l\u2019annonce par la ministre de la Culture de sa candidature \u00e0 une l\u00e9gislative partielle dans la capitale, o\u00f9 l\u2019ancien Premier ministre Michel Barnier a \u00e9t\u00e9 d\u00e9sign\u00e9 par LR candidat.<\/p>\n<p class=\"paragraph text_align_left lp-f-body-02\">L\u2019hypoth\u00e8se d\u2019un retrait de <a href=\"https:\/\/www.leparisien.fr\/politique\/rachida-dati\/\" rel=\"nofollow noopener\" target=\"_blank\">Rachida Dati<\/a> de la bataille pour briguer la 2e circonscription de Paris circulait dans les \u00e9tats-majors de LR. Un retrait strat\u00e9gique, pour laisser la place \u00e0 <a href=\"https:\/\/www.leparisien.fr\/politique\/michel-barnier\/\" rel=\"nofollow noopener\" target=\"_blank\">Michel Barnier<\/a>, lui aussi sur les rangs, et la garantie pour elle de pouvoir d\u00e9fendre sa propre candidature aux <a href=\"https:\/\/www.leparisien.fr\/elections\/municipales\/\" rel=\"nofollow noopener\" target=\"_blank\">municipales<\/a> de 2026 dans la capitale ? Il n\u2019en est rien\u2026<\/p>\n<p class=\"paragraph text_align_left lp-f-body-02\">La ministre de la Culture a confi\u00e9 au Parisien &#8211; Aujourd\u2019hui en France que, co\u00fbte que co\u00fbte, elle d\u00e9fendra ses chances dans la l\u00e9gislative partielle programm\u00e9e, au plus tard, d\u00e9but octobre, apr\u00e8s <a href=\"https:\/\/www.leparisien.fr\/paris-75\/paris-le-conseil-constitutionnel-invalide-lelection-du-depute-jean-laussucq-en-raison-de-depenses-irregulieres-11-07-2025-2PYEQ4BUGRBJ5OCPDEYOEJJHLM.php\" rel=\"nofollow noopener\" target=\"_blank\">l\u2019invalidation des comptes de campagne du d\u00e9put\u00e9 sortant, Jean Laussucq<\/a> (Renaissance).<\/p>\n","protected":false},"excerpt":{"rendered":"La commission d\u2019investiture de LR a tranch\u00e9. Selon elle, la ministre de la Culture et maire du VIIe&hellip;\n","protected":false},"author":2,"featured_media":280690,"comment_status":"","ping_status":"","sticky":false,"template":"","format":"standard","meta":{"footnotes":""},"categories":[2],"tags":[11,5949,1011,27,3554,12,316,25],"class_list":{"0":"post-280689","1":"post","2":"type-post","3":"status-publish","4":"format-standard","5":"has-post-thumbnail","7":"category-actualites","8":"tag-actualites","9":"tag-elections","10":"tag-fr","11":"tag-france","12":"tag-municipales","13":"tag-news","14":"tag-politique","15":"tag-republique-francaise"},"share_on_mastodon":{"url":"https:\/\/pubeurope.com\/@fr\/114933466663755956","error":""},"_links":{"self":[{"href":"https:\/\/www.europesays.com\/fr\/wp-json\/wp\/v2\/posts\/280689","targetHints":{"allow":["GET"]}}],"collection":[{"href":"https:\/\/www.europesays.com\/fr\/wp-json\/wp\/v2\/posts"}],"about":[{"href":"https:\/\/www.europesays.com\/fr\/wp-json\/wp\/v2\/types\/post"}],"author":[{"embeddable":true,"href":"https:\/\/www.europesays.com\/fr\/wp-json\/wp\/v2\/users\/2"}],"replies":[{"embeddable":true,"href":"https:\/\/www.europesays.com\/fr\/wp-json\/wp\/v2\/comments?post=280689"}],"version-history":[{"count":0,"href":"https:\/\/www.europesays.com\/fr\/wp-json\/wp\/v2\/posts\/280689\/revisions"}],"wp:featuredmedia":[{"embeddable":true,"href":"https:\/\/www.europesays.com\/fr\/wp-json\/wp\/v2\/media\/280690"}],"wp:attachment":[{"href":"https:\/\/www.europesays.com\/fr\/wp-json\/wp\/v2\/media?parent=280689"}],"wp:term":[{"taxonomy":"category","embeddable":true,"href":"https:\/\/www.europesays.com\/fr\/wp-json\/wp\/v2\/categories?post=280689"},{"taxonomy":"post_tag","embeddable":true,"href":"https:\/\/www.europesays.com\/fr\/wp-json\/wp\/v2\/tags?post=280689"}],"curies":[{"name":"wp","href":"https:\/\/api.w.org\/{rel}","templated":true}]}}