{"id":280703,"date":"2025-07-28T23:41:10","date_gmt":"2025-07-28T23:41:10","guid":{"rendered":"https:\/\/www.europesays.com\/fr\/280703\/"},"modified":"2025-07-28T23:41:10","modified_gmt":"2025-07-28T23:41:10","slug":"il-men-veut-encore-aujourdhui","status":"publish","type":"post","link":"https:\/\/www.europesays.com\/fr\/280703\/","title":{"rendered":"Il m\u2019en veut encore aujourd\u2019hui"},"content":{"rendered":"<p>Micha\u00ebl Youn a marqu\u00e9 la t\u00e9l\u00e9vision fran\u00e7aise. Particuli\u00e8rement<br \/>\ntalentueux, il est parvenu \u00e0 se faire une place dans le monde du<br \/>\ncin\u00e9ma. Une carri\u00e8re riche avec des succ\u00e8s dans les films comme<br \/>\nLa Beuze, Les Onze Commandements ou encore<br \/>\nIncontr\u00f4lable. Mais avant de se d\u00e9marquer au cin\u00e9ma, c\u2019est<br \/>\n\u00e0 la t\u00e9l\u00e9vision qu\u2019il s\u2019est fait conna\u00eetre par le public, notamment<br \/>\navec son \u00e9mission Morning Live. Un programme diffus\u00e9 dans<br \/>\nles ann\u00e9es 2000 qu\u2019il animait aux c\u00f4t\u00e9s de Benjamin Morgaine et<br \/>\nVincent Desagnat a fait le bonheur des t\u00e9l\u00e9spectateurs de M6. Gr\u00e2ce<br \/>\n\u00e0 ce syst\u00e8me de cam\u00e9ras cach\u00e9es, ils ont marqu\u00e9 les esprits. Mais<br \/>\nsi tout se passait g\u00e9n\u00e9ralement bien, il arrivait parfois que la<br \/>\nsituation prenne une tournure inattendue.<\/p>\n<p>L\u2019humoriste menac\u00e9 avec une arme \u00e0 feu<\/p>\n<p>Invit\u00e9 dans le podcast Legend pr\u00e9sent\u00e9 par Guillaume Pley,<br \/>\nMicha\u00ebl Youn est revenu sur la c\u00e9l\u00e8bre \u00e9mission Morning Live.<br \/>\nL\u2019occasion pour l\u2019humoriste de se confier sur un happening chez une<br \/>\nvieille dame qui ne s\u2019\u00e9tait pas du tout pass\u00e9e comme pr\u00e9vu. \u201cOn<br \/>\nrentre dans l\u2019immeuble, on sonne \u00e0 la porte et la pauvre, une nana<br \/>\nde 80 piges, <strong>je rentre dans son appartement, je hurle avec<br \/>\nun m\u00e9gaphone<\/strong>. Elle, elle hurle, elle ne sait pas si c\u2019est<br \/>\nun cambriolage, un viol, une manifestation\u2026 Ce n\u2019est pas bien ce<br \/>\nqu\u2019on fait, ce n\u2019est pas respectueux. Et <strong>elle hurle<br \/>\ntellement fort que \u00e7a fait sortir le gardien de sa<br \/>\nloge<\/strong>\u201d, a-t-il racont\u00e9.<\/p>\n<p>Avant d\u2019ajouter : \u201cOn se barre en courant, on arrive \u00e0 la<br \/>\nporte et la porte du hall de l\u2019immeuble est ferm\u00e9e, tu ne peux pas<br \/>\nl\u2019ouvrir. Et <strong>le gars [le gardien, ndlr], je le vois<br \/>\narriver\u2026 Il a son p\u00e9tard [il mime une arme \u00e0 feu, ndlr], il me le<br \/>\nmet sur la tempe<\/strong>, il me dit \u2018Maintenant, tu vas fermer ta<br \/>\ngueule sinon je te colle une balle\u2019. Moi mon r\u00e9flexe, c\u2019est de<br \/>\nregarder mon cam\u00e9raman et je lui fais \u2018Filme, filme !\u2019\u201d<br \/>\nHeureusement tout s\u2019est bien termin\u00e9. Toutefois, ce n\u2019\u00e9tait pas la<br \/>\nseule fois que les choses tournaient mal pour <a href=\"https:\/\/www.melty.fr\/people\/michael-youn-sans-filtre-sur-son-passe-aujourdhui-entre-quatre-planches-2227250.html\" rel=\"nofollow noopener\" target=\"_blank\"><br \/>\nl\u00a0\u00bbacteur qui s&rsquo;est confi\u00e9 sur son pass\u00e9<\/a>.<\/p>\n<p>Michael Youn sans filtre sur cette star qui a toujours une dent<br \/>\ncontre lui<\/p>\n<p>Avec une telle \u00e9mission, soit \u00e7a donne, soit \u00e7a flop. Et si<br \/>\ng\u00e9n\u00e9ralement Micha\u00ebl Youn r\u00e9ussissait, il y a des fois o\u00f9 ce<br \/>\nn\u2019\u00e9tait pas le cas. Une situation que <a href=\"https:\/\/www.melty.fr\/people\/michael-youn-vous-memmerdez-avec-ca-lhumoriste-remonte-face-a-ce-celebre-animateur-2207031.html\" rel=\"nofollow noopener\" target=\"_blank\"><br \/>\nle compagnon d\u2019Isabelle Funaro<\/a> a expliqu\u00e9e lors de son passage<br \/>\nchez McFly et Carlito. \u201c<strong>Une fois on a envoy\u00e9 quelqu\u2019un<br \/>\n\u00e0 l\u2019h\u00f4pital.<\/strong> M6 avait eu la tr\u00e8s bonne id\u00e9e de nous<br \/>\nconfier la conf\u00e9rence de rentr\u00e9e. On a surpris Bruno Solo et Yvan<br \/>\nLe Bolloc\u2019h pendant qu\u2019ils \u00e9taient en train de tourner \u2018Cam\u00e9ra<br \/>\nCaf\u00e9\u2019\u201d, avait-il confi\u00e9.<\/p>\n<p>Face au succ\u00e8s de cette approche, le com\u00e9dien et ses acolytes<br \/>\nont d\u00e9cid\u00e9 de retenter avec les autres animateurs. \u201cEt on<br \/>\ns\u2019\u00e9tait dit qu\u2019on allait d\u00e9cliner ce truc-l\u00e0 avec chaque<br \/>\nanimateur\u201d, avait-il r\u00e9v\u00e9l\u00e9. Cependant, ce dernier \u00e9tait loin<br \/>\nde se douter que la situation allait prendre une autre tournure<br \/>\navec sa prochaine cible qui n\u2019\u00e9tait autre que <strong>Dominique<br \/>\nChapatte<\/strong>.<\/p>\n<p>\u201cJe ne m\u2019\u00e9tais pas d\u00e9plac\u00e9 \u00e0<br \/>\nl\u2019h\u00f4pital\u201d<\/p>\n<p>Lors de son entretien, Micha\u00ebl Youn a racont\u00e9 : \u201c<strong>On<br \/>\n\u00e9tait d\u00e9guis\u00e9s en flics \u00e0 moto et on l\u2019arr\u00eate \u00e0 la sortie de<br \/>\nM6<\/strong>. Pendant qu\u2019il va donner son identit\u00e9 \u00e0 un autre flic,<br \/>\nje rentre dans sa voiture et je lui vole. Malheureusement, la vitre<br \/>\n\u00e9tait ouverte et il s\u2019est accroch\u00e9 \u00e0 la vitre.\u201d Mais la<br \/>\nsituation a d\u00e9g\u00e9n\u00e9r\u00e9. Et le trublion de M6 a caus\u00e9 <strong>une<br \/>\nfracture de l\u2019\u00e9paule et une hospitalisation \u00e0 son<br \/>\nhomologue<\/strong>. M\u00eame si cela remonte \u00e0 plusieurs ann\u00e9es,<br \/>\nDominique Chapatte se rappelle encore.<\/p>\n<p>Et il faut dire qu\u2019il n\u2019est pas pr\u00e8s de pardonner \u00e0 l\u2019humoriste<br \/>\npour son s\u00e9jour \u00e0 l&rsquo;h\u00f4pital. \u201cIl m\u2019en veut encore, \u00e0 raison.<br \/>\n<strong>Mais il a dit qu\u2019il ne m\u2019en voulait pas pour la cam\u00e9ra<br \/>\ncach\u00e9e, mais parce que je ne m\u2019\u00e9tais pas d\u00e9plac\u00e9<\/strong> \u00e0<br \/>\nl\u2019h\u00f4pital pour le voir\u201d, avait-il confi\u00e9. Avant de pr\u00e9senter<br \/>\nses excuses : \u201cAlors Dominique, je voulais te dire que je suis<br \/>\nd\u00e9sol\u00e9. M\u00eame si tu m\u2019en veux encore.\u201d<\/p>\n","protected":false},"excerpt":{"rendered":"Micha\u00ebl Youn a marqu\u00e9 la t\u00e9l\u00e9vision fran\u00e7aise. Particuli\u00e8rement talentueux, il est parvenu \u00e0 se faire une place dans&hellip;\n","protected":false},"author":2,"featured_media":280704,"comment_status":"","ping_status":"","sticky":false,"template":"","format":"standard","meta":{"footnotes":""},"categories":[1359],"tags":[905,58,59,1011,27,1313,973],"class_list":{"0":"post-280703","1":"post","2":"type-post","3":"status-publish","4":"format-standard","5":"has-post-thumbnail","7":"category-people","8":"tag-a-la-une-melty","9":"tag-divertissement","10":"tag-entertainment","11":"tag-fr","12":"tag-france","13":"tag-michael-youn","14":"tag-people"},"share_on_mastodon":{"url":"https:\/\/pubeurope.com\/@fr\/114933509848299464","error":""},"_links":{"self":[{"href":"https:\/\/www.europesays.com\/fr\/wp-json\/wp\/v2\/posts\/280703","targetHints":{"allow":["GET"]}}],"collection":[{"href":"https:\/\/www.europesays.com\/fr\/wp-json\/wp\/v2\/posts"}],"about":[{"href":"https:\/\/www.europesays.com\/fr\/wp-json\/wp\/v2\/types\/post"}],"author":[{"embeddable":true,"href":"https:\/\/www.europesays.com\/fr\/wp-json\/wp\/v2\/users\/2"}],"replies":[{"embeddable":true,"href":"https:\/\/www.europesays.com\/fr\/wp-json\/wp\/v2\/comments?post=280703"}],"version-history":[{"count":0,"href":"https:\/\/www.europesays.com\/fr\/wp-json\/wp\/v2\/posts\/280703\/revisions"}],"wp:featuredmedia":[{"embeddable":true,"href":"https:\/\/www.europesays.com\/fr\/wp-json\/wp\/v2\/media\/280704"}],"wp:attachment":[{"href":"https:\/\/www.europesays.com\/fr\/wp-json\/wp\/v2\/media?parent=280703"}],"wp:term":[{"taxonomy":"category","embeddable":true,"href":"https:\/\/www.europesays.com\/fr\/wp-json\/wp\/v2\/categories?post=280703"},{"taxonomy":"post_tag","embeddable":true,"href":"https:\/\/www.europesays.com\/fr\/wp-json\/wp\/v2\/tags?post=280703"}],"curies":[{"name":"wp","href":"https:\/\/api.w.org\/{rel}","templated":true}]}}