{"id":280715,"date":"2025-07-28T23:47:10","date_gmt":"2025-07-28T23:47:10","guid":{"rendered":"https:\/\/www.europesays.com\/fr\/280715\/"},"modified":"2025-07-28T23:47:10","modified_gmt":"2025-07-28T23:47:10","slug":"sun-tattoo-burn-lines-face-aux-tendances-de-bronzage-le-ministre-de-la-sante-exhorte-les-francais-a-se-proteger-du-soleil-actualites","status":"publish","type":"post","link":"https:\/\/www.europesays.com\/fr\/280715\/","title":{"rendered":"\u00ab\u00a0Sun-tattoo\u00a0\u00bb, \u00ab\u00a0burn-lines\u00a0\u00bb \u2026 face aux tendances de bronzage, le ministre de la Sant\u00e9 exhorte les Fran\u00e7ais \u00e0 se prot\u00e9ger du soleil : Actualit\u00e9s"},"content":{"rendered":"<p class=\"lead \"><strong>Le ministre de la Sant\u00e9 et de l\u2019Acc\u00e8s aux soins, Yannick Neuder, a appel\u00e9 les Fran\u00e7ais \u00e0 ne pas succomber aux nouvelles tendances de bronzage qui circulent sur les r\u00e9seaux sociaux. Il rappelle que l\u2019exposition au soleil sans protection est dangereuse pour la sant\u00e9.<\/strong><\/p>\n<p class=\"lead \"> Depuis quelque temps, les vid\u00e9os montrant des techniques de bronzage permettant d\u2019obtenir \u00ab\u00a0sun-tattoo\u00a0\u00bb, \u00ab\u00a0burn-lines\u00a0\u00bb et autres d\u00e9limitations sur la peau pullulent sur les r\u00e9seaux sociaux. Face \u00e0 ces nouvelles tendances, le ministre de la Sant\u00e9 et de l\u2019Acc\u00e8s aux soins, Yannick Neuder, a lui-m\u00eame publi\u00e9 une vid\u00e9o sur les plateformes, lundi 28 juillet, afin d\u2019alerter sur les dangers d\u2019une telle pratique, indique l\u2019AFP, relay\u00e9e par <a href=\"https:\/\/www.leparisien.fr\/societe\/sante\/ne-sacrifiez-pas-votre-peau-le-ministre-de-la-sante-alerte-sur-la-tendance-traces-de-bronzage-28-07-2025-HFTQJPORANH2HNBV4VPHVW7CWA.php\" target=\"_blank\" rel=\"nofollow noopener\">Le Parisien.<\/a><\/p>\n<p class=\"lead \"> \u00ab\u00a0Votre peau, c\u2019est votre vie, vous n\u2019en avez qu\u2019une, ne la sacrifiez pas pour 30 secondes de buzz\u00a0\u00bb, implore Yannick Neuder. \u00ab\u00a0S\u2019exposer au soleil sans cr\u00e8me, ni aucune protection, parfois m\u00eame avec des huiles ou du mono\u00ef, se faire un tatouage \u00e9ph\u00e9m\u00e8re sur la peau en prenant un coup de soleil : il faut arr\u00eater tout \u00e7a, c\u2019est tr\u00e8s dangereux\u00a0\u00bb, poursuit le ministre, alarmiste.<\/p>\n<p>                                                                                                Un danger pour la sant\u00e9<\/p>\n<p class=\"lead \"> \u00ab\u00a0Ces expositions sont nocives et irr\u00e9versibles\u00a0\u00bb, pr\u00e9vient le ministre de la Sant\u00e9, qui appelle \u00e0 ne pas s\u2019exposer au soleil, \u00e0 \u00ab\u00a0rechercher l\u2019ombre\u00a0\u00bb, \u00e0 sortir \u00ab\u00a0couvert avec un chapeau\u00a0\u00bb et \u00e0 mettre de \u00ab\u00a0la cr\u00e8me solaire \u00e0 fort indice\u00a0\u00bb.<\/p>\n<p class=\"lead \"> Chaque ann\u00e9e, entre 141 000 et 243 000 cancers de la peau sont diagnostiqu\u00e9s en France, la plupart caus\u00e9s par les effets nocifs du soleil, indique Le Parisien.<\/p>\n<p class=\"small font-weight-bold text-gray3 \"> publi\u00e9 le 28 juillet \u00e0 15h06, Emilie Pelloux, 6Medias<\/p>\n<p>                             Partager<\/p>\n","protected":false},"excerpt":{"rendered":"Le ministre de la Sant\u00e9 et de l\u2019Acc\u00e8s aux soins, Yannick Neuder, a appel\u00e9 les Fran\u00e7ais \u00e0 ne&hellip;\n","protected":false},"author":2,"featured_media":280716,"comment_status":"","ping_status":"","sticky":false,"template":"","format":"standard","meta":{"footnotes":""},"categories":[10],"tags":[1011,27,72,71],"class_list":{"0":"post-280715","1":"post","2":"type-post","3":"status-publish","4":"format-standard","5":"has-post-thumbnail","7":"category-sante","8":"tag-fr","9":"tag-france","10":"tag-health","11":"tag-sante"},"share_on_mastodon":{"url":"https:\/\/pubeurope.com\/@fr\/114933533454409451","error":""},"_links":{"self":[{"href":"https:\/\/www.europesays.com\/fr\/wp-json\/wp\/v2\/posts\/280715","targetHints":{"allow":["GET"]}}],"collection":[{"href":"https:\/\/www.europesays.com\/fr\/wp-json\/wp\/v2\/posts"}],"about":[{"href":"https:\/\/www.europesays.com\/fr\/wp-json\/wp\/v2\/types\/post"}],"author":[{"embeddable":true,"href":"https:\/\/www.europesays.com\/fr\/wp-json\/wp\/v2\/users\/2"}],"replies":[{"embeddable":true,"href":"https:\/\/www.europesays.com\/fr\/wp-json\/wp\/v2\/comments?post=280715"}],"version-history":[{"count":0,"href":"https:\/\/www.europesays.com\/fr\/wp-json\/wp\/v2\/posts\/280715\/revisions"}],"wp:featuredmedia":[{"embeddable":true,"href":"https:\/\/www.europesays.com\/fr\/wp-json\/wp\/v2\/media\/280716"}],"wp:attachment":[{"href":"https:\/\/www.europesays.com\/fr\/wp-json\/wp\/v2\/media?parent=280715"}],"wp:term":[{"taxonomy":"category","embeddable":true,"href":"https:\/\/www.europesays.com\/fr\/wp-json\/wp\/v2\/categories?post=280715"},{"taxonomy":"post_tag","embeddable":true,"href":"https:\/\/www.europesays.com\/fr\/wp-json\/wp\/v2\/tags?post=280715"}],"curies":[{"name":"wp","href":"https:\/\/api.w.org\/{rel}","templated":true}]}}