{"id":280719,"date":"2025-07-28T23:49:12","date_gmt":"2025-07-28T23:49:12","guid":{"rendered":"https:\/\/www.europesays.com\/fr\/280719\/"},"modified":"2025-07-28T23:49:12","modified_gmt":"2025-07-28T23:49:12","slug":"harry-et-meghan-ont-fini-declipser-la-famille-royale-les-sussex-font-all-in-pour-se-reconcilier","status":"publish","type":"post","link":"https:\/\/www.europesays.com\/fr\/280719\/","title":{"rendered":"Harry et Meghan ont fini d\u2019\u00e9clipser la famille royale : les Sussex font all in pour se r\u00e9concilier"},"content":{"rendered":"<p class=\"p1\">Le prince Harry et le roi Charles III vont-ils<br \/>\n<strong>se r\u00e9concilier<\/strong> ? Cinq ans apr\u00e8s son d\u00e9part de la<br \/>\nfamille royale, le <a href=\"https:\/\/www.closermag.fr\/royautes\/le-prince-harry-un-chauve-de-50-ans-fauche-lavenir-du-mari-de-meghan-markle-fait-peine-a-voir-3567203\" rel=\"nofollow noopener\" target=\"_blank\"><br \/>\nmari de Meghan Markle<\/a> semble enfin pr\u00eat \u00e0 enterrer la hache de<br \/>\nguerre. Au d\u00e9but du mois de juillet, <strong>ses<br \/>\nassistants<\/strong> se sont ainsi r\u00e9unis avec le <strong>secr\u00e9taire<br \/>\nde la communication<\/strong> du monarque \u00e0 Londres.<\/p>\n<p class=\"p1\">M\u00eame si cette rencontre \u00e9tait un <strong>simple<br \/>\n\u00e9change professionnel<\/strong> entre les deux partis, elle pourrait<br \/>\nmarquer une <a href=\"https:\/\/www.closermag.fr\/royautes\/charles-iii-et-le-prince-harry-enfin-sur-le-chemin-de-la-reconciliation-ce-sommet-de-la-paix-top-secret-3563499\" rel=\"nofollow noopener\" target=\"_blank\"><br \/>\nr\u00e9ouverture des relations<\/a> entre le p\u00e8re et son fils. \u201cLe<br \/>\nton est d\u00e9sormais \u00e0 la recherche d\u2019une solution aux conflits avec<br \/>\nsa famille\u201d, a r\u00e9v\u00e9l\u00e9 une source proche au Daily<br \/>\nMail.<\/p>\n<p><img decoding=\"async\" aria-describedby=\"caption-attachment-3567608\" itemprop=\"thumbnailUrl\" class=\"wp-image-3567608 img-responsive size-full\" src=\"https:\/\/www.europesays.com\/fr\/wp-content\/uploads\/2025\/07\/le-prince-harry-et-charles-iii.jpg\" alt=\"&lt;p class=\" p1=\"\"\/>Le prince Harry et le roi Charles III \u00e0 la procession c\u00e9r\u00e9monielle du cercueil de la reine Elizabeth II.\u00a0\u00bb width=\u00a0\u00bb1200&Prime; height=\u00a0\u00bb1651&Prime;&gt; \u00a9 Backgrid UK \/ Bestimage<\/p>\n<p id=\"caption-attachment-3567608\" class=\"wp-caption-text\">Le<br \/>\nprince Harry et le roi Charles III \u00e0 la procession c\u00e9r\u00e9monielle du<br \/>\ncercueil de la reine Elizabeth II.<\/p>\n<p>Le prince Harry est pr\u00eat \u00e0 partager son calendrier<br \/>\nofficiel<\/p>\n<p class=\"p1\">Dimanche 27 juillet, le <a href=\"https:\/\/www.dailymail.co.uk\/news\/royals\/article-14943409\/The-major-peace-offering-Prince-Harry-Royal-family-Insiders-tell-CHARLOTTE-GRIFFITHS-secret-talks-Team-Sussex-Palace-really-about.html\" target=\"_blank\" rel=\"nofollow noopener\">Mail on Sunday<\/a><br \/>\na fait de nouvelles r\u00e9v\u00e9lations sur l\u2019avanc\u00e9e des relations entre<br \/>\nle prince Harry et le roi Charles III. Le tablo\u00efd a ainsi rapport\u00e9<br \/>\nque le mari de Meghan a propos\u00e9 de partager <strong>son calendrier<br \/>\nofficiel<\/strong> d\u2019engagements et de sorties avec la famille<br \/>\nroyale.<\/p>\n<p class=\"p1\">Cette d\u00e9cision fait suite au r\u00e9cent d\u00e9placement du<br \/>\np\u00e8re d\u2019Archie et Lilibet en Angola. Lors de son voyage, <a href=\"https:\/\/www.closermag.fr\/royautes\/prince-harry-ce-parallele-emouvant-avec-lady-diana-lors-de-son-voyage-en-angola-3565351\" rel=\"nofollow noopener\" target=\"_blank\"><br \/>\nle prince Harry<\/a> a notamment march\u00e9 dans les pas de Lady Diana.<br \/>\nLa presse britannique a alors relay\u00e9 l\u2019information, \u00e9clipsant par<br \/>\nla m\u00eame occasion <strong>l\u2019anniversaire de la reine<br \/>\nCamilla<\/strong>. En partageant son calendrier, le duc de Sussex<br \/>\n\u00e9viterait ainsi toute accusation de vouloir <strong>\u00e9clipser la<br \/>\nfamille royale<\/strong>.<\/p>\n<p>Le roi Charles III pourrait se<br \/>\nr\u00e9unir avec son fils<\/p>\n<p class=\"p1\">La r\u00e9union de paix du prince Harry avec le roi<br \/>\nCharles III n\u2019a pas inclus <a href=\"https:\/\/www.closermag.fr\/royautes\/charles-iii-et-le-prince-harry-enfin-sur-le-chemin-de-la-reconciliation-ce-role-determinant-joue-william-3563549\" rel=\"nofollow noopener\" target=\"_blank\"><br \/>\nle prince William<\/a>. Selon le Mail on Sunday, la<br \/>\nd\u00e9cision du duc de Sussex de \u201cd\u00e9conflictualiser\u201d son<br \/>\nagenda <strong>s\u2019\u00e9tendrait aussi \u00e0 son fr\u00e8re<\/strong>. Une mani\u00e8re<br \/>\ndiscr\u00e8te de lui tendre la main.<\/p>\n<p class=\"p1\">En plus d\u2019\u00e9viter tout conflit, cette mesure pourrait<br \/>\naider le p\u00e8re et son fils \u00e0 <strong>trouver une date<\/strong> dans<br \/>\nleurs emplois du temps charg\u00e9s pour se rencontrer. Pour rappel, le<br \/>\nprince Harry voyagera en Angleterre \u00e0 la fin du mois de septembre<br \/>\npour promouvoir l\u2019association caritative WellChild. Si son p\u00e8re<br \/>\nsera \u00e0 <a href=\"https:\/\/www.closermag.fr\/royautes\/charles-et-camilla-a-quoi-ressemble-leur-chateau-de-balmoral-ou-elizabeth-ii-est-decedee-3551363\" rel=\"nofollow noopener\" target=\"_blank\"><br \/>\nBalmoral<\/a> jusqu\u2019au mois d\u2019octobre, il devrait revenir chaque<br \/>\nsemaine \u00e0 Londres pour son traitement contre le cancer. Une<br \/>\n<strong>rencontre<\/strong> n\u2019est donc pas \u00e0 exclure.<\/p>\n","protected":false},"excerpt":{"rendered":"Le prince Harry et le roi Charles III vont-ils se r\u00e9concilier ? Cinq ans apr\u00e8s son d\u00e9part de&hellip;\n","protected":false},"author":2,"featured_media":280720,"comment_status":"","ping_status":"","sticky":false,"template":"","format":"standard","meta":{"footnotes":""},"categories":[8],"tags":[548,581,58,59,1011,27,908,267],"class_list":{"0":"post-280719","1":"post","2":"type-post","3":"status-publish","4":"format-standard","5":"has-post-thumbnail","7":"category-divertissement","8":"tag-article-simple","9":"tag-charles-iii","10":"tag-divertissement","11":"tag-entertainment","12":"tag-fr","13":"tag-france","14":"tag-meghan-markle","15":"tag-prince-harry"},"share_on_mastodon":{"url":"https:\/\/pubeurope.com\/@fr\/114933541341128818","error":""},"_links":{"self":[{"href":"https:\/\/www.europesays.com\/fr\/wp-json\/wp\/v2\/posts\/280719","targetHints":{"allow":["GET"]}}],"collection":[{"href":"https:\/\/www.europesays.com\/fr\/wp-json\/wp\/v2\/posts"}],"about":[{"href":"https:\/\/www.europesays.com\/fr\/wp-json\/wp\/v2\/types\/post"}],"author":[{"embeddable":true,"href":"https:\/\/www.europesays.com\/fr\/wp-json\/wp\/v2\/users\/2"}],"replies":[{"embeddable":true,"href":"https:\/\/www.europesays.com\/fr\/wp-json\/wp\/v2\/comments?post=280719"}],"version-history":[{"count":0,"href":"https:\/\/www.europesays.com\/fr\/wp-json\/wp\/v2\/posts\/280719\/revisions"}],"wp:featuredmedia":[{"embeddable":true,"href":"https:\/\/www.europesays.com\/fr\/wp-json\/wp\/v2\/media\/280720"}],"wp:attachment":[{"href":"https:\/\/www.europesays.com\/fr\/wp-json\/wp\/v2\/media?parent=280719"}],"wp:term":[{"taxonomy":"category","embeddable":true,"href":"https:\/\/www.europesays.com\/fr\/wp-json\/wp\/v2\/categories?post=280719"},{"taxonomy":"post_tag","embeddable":true,"href":"https:\/\/www.europesays.com\/fr\/wp-json\/wp\/v2\/tags?post=280719"}],"curies":[{"name":"wp","href":"https:\/\/api.w.org\/{rel}","templated":true}]}}