{"id":280742,"date":"2025-07-29T00:10:12","date_gmt":"2025-07-29T00:10:12","guid":{"rendered":"https:\/\/www.europesays.com\/fr\/280742\/"},"modified":"2025-07-29T00:10:12","modified_gmt":"2025-07-29T00:10:12","slug":"previsions-du-mardi-29-juillet-2025-6","status":"publish","type":"post","link":"https:\/\/www.europesays.com\/fr\/280742\/","title":{"rendered":"pr\u00e9visions du mardi 29 juillet 2025"},"content":{"rendered":"<p>Un ciel voil\u00e9 pour Rennes avec un d\u00e9veloppement de nuages est annonc\u00e9 dans la journ\u00e9e. Les valeurs s&rsquo;\u00e9chelonneront entre 13 et 24\u00b0C. Un vent de nord-ouest soufflera l\u00e9g\u00e8rement. En revanche, le ciel va quelque peu se d\u00e9gager dans la matin\u00e9e avec des \u00e9claircies. L&rsquo;apr\u00e8s-midi, l&rsquo;apparition du soleil sera retard\u00e9e par quelques nuages. Les maximales pourront atteindre 24\u00b0C alors que les minimales seront de 20\u00b0C. Le soir, encore des nuages dans le ciel qui emp\u00eachent le soleil de faire son apparition. Du mauvais temps est \u00e0 pr\u00e9voir. Des pluies \u00e9parses vont tomber. Les temp\u00e9ratures avoisineront les 19\u00b0C. Le passage de mardi \u00e0 mercredi se fera sous un ciel brumeux.<\/p>\n<p>Demain, c&rsquo;est une hausse de quelques degr\u00e9s que vont conna\u00eetre les temp\u00e9ratures dans la ville de Rennes. Le thermom\u00e8tre affichera 20\u00b0C en moyenne. Un vent de nord-ouest rafra\u00eechira un peu l&rsquo;atmosph\u00e8re. Il va y avoir des nuages avant que le soleil ne puisse faire son apparition durant la matin\u00e9e. Des pluies \u00e9parses tomberont. Un bel ensoleillement est attendu demain apr\u00e8s-midi. Un temps plus chaud est \u00e0 pr\u00e9voir puisque le mercure va enregistrer une l\u00e9g\u00e8re augmentation. Les temp\u00e9ratures afficheront entre 22 et 25\u00b0C.<\/p>\n<p>Une d\u00e9gradation est pr\u00e9vue les jours suivants. Il fera 24\u00b0C en moyenne pour des journ\u00e9es avec une m\u00e9t\u00e9o pluvieuse.<\/p>\n<p><\/p>\n","protected":false},"excerpt":{"rendered":"Un ciel voil\u00e9 pour Rennes avec un d\u00e9veloppement de nuages est annonc\u00e9 dans la journ\u00e9e. Les valeurs s&rsquo;\u00e9chelonneront&hellip;\n","protected":false},"author":2,"featured_media":280743,"comment_status":"","ping_status":"","sticky":false,"template":"","format":"standard","meta":{"footnotes":""},"categories":[2821],"tags":[1111,11,829,1777,674,1011,27,848,12,2119,584,25],"class_list":{"0":"post-280742","1":"post","2":"type-post","3":"status-publish","4":"format-standard","5":"has-post-thumbnail","7":"category-rennes","8":"tag-actu","9":"tag-actualites","10":"tag-bretagne","11":"tag-eu","12":"tag-europe","13":"tag-fr","14":"tag-france","15":"tag-ille-et-vilaine","16":"tag-news","17":"tag-previsions-meteo","18":"tag-rennes","19":"tag-republique-francaise"},"share_on_mastodon":{"url":"https:\/\/pubeurope.com\/@fr\/114933623877694978","error":""},"_links":{"self":[{"href":"https:\/\/www.europesays.com\/fr\/wp-json\/wp\/v2\/posts\/280742","targetHints":{"allow":["GET"]}}],"collection":[{"href":"https:\/\/www.europesays.com\/fr\/wp-json\/wp\/v2\/posts"}],"about":[{"href":"https:\/\/www.europesays.com\/fr\/wp-json\/wp\/v2\/types\/post"}],"author":[{"embeddable":true,"href":"https:\/\/www.europesays.com\/fr\/wp-json\/wp\/v2\/users\/2"}],"replies":[{"embeddable":true,"href":"https:\/\/www.europesays.com\/fr\/wp-json\/wp\/v2\/comments?post=280742"}],"version-history":[{"count":0,"href":"https:\/\/www.europesays.com\/fr\/wp-json\/wp\/v2\/posts\/280742\/revisions"}],"wp:featuredmedia":[{"embeddable":true,"href":"https:\/\/www.europesays.com\/fr\/wp-json\/wp\/v2\/media\/280743"}],"wp:attachment":[{"href":"https:\/\/www.europesays.com\/fr\/wp-json\/wp\/v2\/media?parent=280742"}],"wp:term":[{"taxonomy":"category","embeddable":true,"href":"https:\/\/www.europesays.com\/fr\/wp-json\/wp\/v2\/categories?post=280742"},{"taxonomy":"post_tag","embeddable":true,"href":"https:\/\/www.europesays.com\/fr\/wp-json\/wp\/v2\/tags?post=280742"}],"curies":[{"name":"wp","href":"https:\/\/api.w.org\/{rel}","templated":true}]}}