{"id":280745,"date":"2025-07-29T00:14:39","date_gmt":"2025-07-29T00:14:39","guid":{"rendered":"https:\/\/www.europesays.com\/fr\/280745\/"},"modified":"2025-07-29T00:14:39","modified_gmt":"2025-07-29T00:14:39","slug":"a-strasbourg-une-asso-tend-la-main-aux-personnes-souffrant-de-troubles-alimentaires","status":"publish","type":"post","link":"https:\/\/www.europesays.com\/fr\/280745\/","title":{"rendered":"\u00c0 Strasbourg, une asso tend la main aux personnes souffrant de troubles alimentaires"},"content":{"rendered":"<p><strong>Depuis juillet 2023, TCAk\u00e9zo aide les personnes souffrant de troubles alimentaires et leurs proches. Bas\u00e9e sur le principe de la pair-aidance, l\u2019association propose de nombreux ateliers \u00e0 Strasbourg et Haguenau, pour nourrir le chemin vers la gu\u00e9rison.<\/strong><\/p>\n<p>Anorexie, boulimie, hyperphagie\u2026 <strong>Ces maux touchent pr\u00e8s d\u2019un million de personnes en France<\/strong>, selon la Haute Autorit\u00e9 de Sant\u00e9, et surtout des jeunes femmes. Pourtant, trouver un espace pour en parler est parfois compliqu\u00e9.<\/p>\n<p>\u00ab J\u2019ai \u00e9t\u00e9 touch\u00e9e d\u2019anorexie mentale pendant mon adolescence \u00bb, confie \u00c9lodie Mathis, \u00e9tudiante en m\u00e9decine. \u00ab J\u2019ai ensuite eu envie d\u2019en parler avec des personnes qui vivaient la m\u00eame chose. \u00bb Elle se heurte alors \u00e0 l\u2019<strong>absence de structure associative d\u00e9di\u00e9e aux personnes souffrant de troubles alimentaires \u00e0 Strasbourg<\/strong>. La jeune femme d\u00e9cide alors de la cr\u00e9er.<\/p>\n<p>    <img width=\"800\" height=\"600\" src=\"https:\/\/www.europesays.com\/fr\/wp-content\/uploads\/2025\/07\/img-9422-800x600.jpg\" class=\"attachment-image-size-L size-image-size-L\" alt=\"cath\u00e9drale quai des Bateliers\" decoding=\"async\" loading=\"lazy\"  \/>         \u00a9 Anthony Jilli \/ Pokaa <\/p>\n<p>L\u2019\u00e9closion de l\u2019association<\/p>\n<p>Fond\u00e9e le 18 juillet 2023, TCAk\u00e9zo a f\u00eat\u00e9 il y a quelques jours ses deux ans. Contraction de <strong>TCA<\/strong> (troubles de la conduite alimentaire) et <strong>Ac\u00e9so <\/strong>(d\u00e9esse grecque du processus de gu\u00e9rison), l\u2019association pr\u00e9sid\u00e9e par \u00c9lodie est <strong>une safe place pour celles et ceux qui souffrent de ces maladies<\/strong>.<\/p>\n<p>    <img width=\"800\" height=\"296\" src=\"https:\/\/www.europesays.com\/fr\/wp-content\/uploads\/2025\/07\/502739158-571871935979877-4240992721942659357-n-800x296.jpg\" class=\"attachment-image-size-L size-image-size-L\" alt=\"logo-tcakezo\" decoding=\"async\" loading=\"lazy\"  \/>         \u00a9 TCAk\u00e9zo \/ Capture d&rsquo;\u00e9cran <\/p>\n<p>Le logo incarne l\u2019ambition du projet : un papillon, symbole de m\u00e9tamorphose. Il rappelle que chaque battement d\u2019aile peut changer le cours des choses. C\u2019est l\u2019effet papillon. Deux visages s\u2019y devinent, tourn\u00e9s vers <strong>un corps, miroir des obsessions et luttes int\u00e9rieures qui caract\u00e9risent les TCA ; <\/strong>et en vis-\u00e0-vis, \u00ab car <strong>l\u2019asso entend cr\u00e9er du lien<\/strong> \u00bb, explique L\u00e9ane Wendling, tr\u00e9sori\u00e8re et membre de TCAk\u00e9zo depuis ses d\u00e9buts.<\/p>\n<p>Bas\u00e9e sur le principe de<strong> pair-aidance (de l\u2019entraide entre personnes concern\u00e9es)<\/strong>, l\u2019association est compos\u00e9es d\u2019une dizaine de b\u00e9n\u00e9voles, des jeunes femmes dans leur vingtaine, qui ont toutes une histoire avec les troubles alimentaires : touch\u00e9es ou proches de personnes qui souffrent. \u00ab <strong>On peut se revendiquer patient-expert<\/strong> : on a toutes beaucoup lu et appris sur ces maladies \u00bb, assure \u00c9lodie. \u00ab Cette asso, c\u2019est ce dont on avait besoin en tant que malade \u00bb, ajoute L\u00e9ane.<\/p>\n<p>    <img width=\"800\" height=\"508\" src=\"https:\/\/www.europesays.com\/fr\/wp-content\/uploads\/2025\/07\/img-20250714-105813-1-800x508.jpg\" class=\"attachment-image-size-L size-image-size-L\" alt=\"leane-elodie-tcakezo-melanie-berbach\" decoding=\"async\" loading=\"lazy\"  \/>         \u00a9 M\u00e9lanie Berbach \/ Pokaa <\/p>\n<p>Des ateliers pour se m\u00e9tamorphoser<\/p>\n<p>Parce que \u00ab les restrictions alimentaires peuvent s\u2019accompagner de restrictions sociales \u00bb, nous apprend la future m\u00e9decin, l\u2019association met un point d\u2019honneur \u00e0 <strong>contrer l\u2019isolement des patient(e)s<\/strong>.<\/p>\n<p>Pour favoriser leur envol, <strong>TCAk\u00e9zo organise chaque mois un atelier, anim\u00e9 par un(e) professionnel(le)<\/strong> : art ou musicoth\u00e9rapie, activit\u00e9 physique adapt\u00e9e et \u00e9ducation th\u00e9rapeutique culinaire.<\/p>\n<p>                <img width=\"375\" height=\"500\" src=\"https:\/\/www.europesays.com\/fr\/wp-content\/uploads\/2025\/07\/img-3329-375x500.jpg\" class=\"attachment-gallery size-gallery\" alt=\"atelier-sport-adapt\u00e9-tcakezo\" data-full-url=\"https:\/\/pokaa.fr\/wp-content\/uploads\/2025\/07\/20\/img-3329.jpg\" decoding=\"async\" loading=\"lazy\"  \/>            <\/p>\n<p>                <img width=\"375\" height=\"500\" src=\"https:\/\/www.europesays.com\/fr\/wp-content\/uploads\/2025\/07\/img-3475-375x500.jpg\" class=\"attachment-gallery size-gallery\" alt=\"gouter-tcakezo\" data-full-url=\"https:\/\/pokaa.fr\/wp-content\/uploads\/2025\/07\/20\/img-3475.jpg\" decoding=\"async\" loading=\"lazy\"  \/>            <\/p>\n<p>                    \u00a9 TCAk\u00e9zo \/ Documents remis<\/p>\n<p>Ces ateliers int\u00e8grent des temps de parole, permettant \u00e0 chacun(e) de <strong>partager son v\u00e9cu et de lib\u00e9rer ses \u00e9motions<\/strong>. TCAk\u00e9zo apporte ainsi \u00ab une compl\u00e9mentarit\u00e9 au travail hospitalier \u00bb, promet L\u00e9ane. Parfois exp\u00e9ditifs, \u00ab les services de psychiatrie sont d\u00e9bord\u00e9s \u00bb, explique \u00c9lodie. \u00ab Ici, on prend le temps. \u00bb <strong>Il est possible d\u2019y participer en tant que proche aidant\u00a0<\/strong>: \u00ab Des m\u00e8res ou copains de patientes viennent parfois, \u00e7a leur permet de mieux comprendre la maladie. \u00bb<\/p>\n<p>Il y a deux ans, participer \u00e0 un atelier co\u00fbtait 15\u20ac. L\u2019ann\u00e9e suivante, entre 5 et 7\u20ac. Et pour l\u2019ann\u00e9e scolaire \u00e0 venir, les prix seront de 3 \u00e0 5\u20ac, annonce la pr\u00e9sidente de TCAk\u00e9zo. Une baisse voulue par les b\u00e9n\u00e9voles, <strong>soucieuses de rendre leurs \u00e9v\u00e9nements accessibles \u00e0 toutes et tous<\/strong>.<\/p>\n<p>    <img width=\"337\" height=\"600\" src=\"https:\/\/www.europesays.com\/fr\/wp-content\/uploads\/2025\/07\/img-2684-337x600.jpg\" class=\"attachment-image-size-M size-image-size-M\" alt=\"benevole-tcakezo\" decoding=\"async\" loading=\"lazy\"  \/>         \u00a9 TCAk\u00e9zo \/ Document remis <\/p>\n<p>Ensemble dans la gu\u00e9rison<\/p>\n<p>La r\u00e9duction affich\u00e9e est notamment permise par les adh\u00e9sions. Pour 5\u20ac par semestre, les adh\u00e9rent(e)s (une vingtaine) b\u00e9n\u00e9ficient d\u2019un prix r\u00e9duit pour les ateliers. En plus, <strong>l\u2019association leur envoie une newsletter mensuelle, \u00ab pens\u00e9e comme un journal de gu\u00e9rison \u00bb, <\/strong>pr\u00e9cise L\u00e9ane.<\/p>\n<p>On y trouve <strong>une rubrique \u00ab parole de pro \u00bb avec la Dre. Criquy-Lehoux, sp\u00e9cialiste des TCA, <\/strong>mais aussi des t\u00e9moignages, les temps forts de l\u2019asso, des r\u00e9f\u00e9rences culturelles (podcasts, livres, musiques\u2026), des articles th\u00e9matiques pour se changer les id\u00e9es, etc.<\/p>\n<p>    <img width=\"400\" height=\"600\" src=\"https:\/\/www.europesays.com\/fr\/wp-content\/uploads\/2025\/07\/img-1973-400x600.jpg\" class=\"attachment-image-size-M size-image-size-M\" alt=\"benevoles-tcakezo-2\" decoding=\"async\" loading=\"lazy\"  \/>         \u00a9 TCAk\u00e9zo \/ Document remis <\/p>\n<p><strong>L\u2019adh\u00e9sion donne aussi acc\u00e8s \u00e0 un groupe WhatsApp<\/strong>, cercle de parole 2.0. \u00ab C\u2019est plus adapt\u00e9 \u00e0 un public jeune, moins intimidant qu\u2019un groupe de parole comme on en voit dans les films \u00bb, pense \u00c9lodie. La conversation virtuelle offre un espace de soutien au quotidien.<\/p>\n<p>Sensibilisation in motion<\/p>\n<p>\u00c9tudiante en audiovisuel, L\u00e9ane a r\u00e9alis\u00e9 un court-m\u00e9trage pour l\u2019association. Intitul\u00e9 <strong>Une journ\u00e9e dans la t\u00eate d\u2019une anorexique<\/strong>, ce film amateur est un outil de parole. Traitant d\u2019un sujet sensible, \u00ab il est toujours accompagn\u00e9 d\u2019explications et ne sera jamais disponible en visionnage solo \u00bb, insiste \u00c9lodie.<\/p>\n<p>TCAk\u00e9zo le projette chaque ann\u00e9e lors de la semaine mondiale de sensibilisation aux TCA, d\u00e9but juin. <strong>Le film est aussi diffus\u00e9 dans les h\u00f4pitaux ou les facult\u00e9s.<\/strong><\/p>\n<p>    <img width=\"400\" height=\"600\" src=\"https:\/\/www.europesays.com\/fr\/wp-content\/uploads\/2025\/07\/511841440-586437044523366-1188309218794862601-n-400x600.jpg\" class=\"attachment-image-size-M size-image-size-M\" alt=\"CINE-debat-tcakezo\" decoding=\"async\" loading=\"lazy\"  \/>         \u00a9 TCAk\u00e9zo \/ Capture d&rsquo;\u00e9cran <\/p>\n<p>Un personnage masculin y est notamment repr\u00e9sent\u00e9, \u00ab car les hommes aussi sont concern\u00e9s \u00bb, rappelle L\u00e9ane. \u00ab Mais <strong>la maladie reste tr\u00e8s genr\u00e9e<\/strong> \u00bb, avertit \u00c9lodie qui s\u2019interroge : \u00ab Est-ce en raison du tabou de la sant\u00e9 mentale chez les hommes ? Ou du poids des normes sociales chez les femmes ? \u00bb Quoi qu\u2019il en soit, le film, comme l\u2019association, ouvrent un <strong>espace de compr\u00e9hension et de discussion<\/strong>.<\/p>\n<p>Au c\u0153ur de ses missions, l\u2019association sensibilise. \u00ab L\u2019aidant veut souvent que la gu\u00e9rison aille plus vite et ne comprend pas pourquoi le patient ne mange pas \u00bb, d\u00e9plore \u00c9lodie. \u00ab On parle de <strong>bienveillance toxique \u00bb<\/strong><strong>\u00a0quand les proches font preuve de violence, sans le vouloir<\/strong>. Pour continuer d\u2019\u00e9duquer \u00e0 ce sujet, <strong>TCAk\u00e9zo participera au village de pr\u00e9vention du campus de l\u2019Esplanade, \u00e0 la rentr\u00e9e.<\/strong><\/p>\n<p>    <img width=\"800\" height=\"533\" src=\"https:\/\/www.europesays.com\/fr\/wp-content\/uploads\/2025\/07\/campus-esplanade-6-800x533.jpg\" class=\"attachment-image-size-L size-image-size-L\" alt=\"Campus Esplanade 6\" decoding=\"async\" loading=\"lazy\"  \/>         \u00a9 David Lev\u00eaque \/ Pokaa <\/p>\n<p>Pour aider<\/p>\n<p>Si l\u2019association b\u00e9n\u00e9ficie de subventions de l\u2019Eurom\u00e9tropole et du Crous, sa tr\u00e9sori\u00e8re souhaite se rapprocher d\u2019autres organismes. Les financements permettent de mieux accueillir les personnes accompagn\u00e9es.<strong> Les dons sont \u00e9galement possibles, via <a href=\"https:\/\/www.helloasso.com\/associations\/tcakeso\" target=\"_blank\" rel=\"noopener\">HelloAsso<\/a>.<\/strong><\/p>\n<p>    <img width=\"800\" height=\"600\" src=\"https:\/\/www.europesays.com\/fr\/wp-content\/uploads\/2025\/07\/330435627-556845999726383-6240259257625656292-n-800x600.jpeg\" class=\"attachment-image-size-L size-image-size-L\" alt=\"crous \u00e9tudiant\" decoding=\"async\" loading=\"lazy\"  \/>         \u00a9 Coraline Lafon \/ Pokaa <\/p>\n<p>Compos\u00e9e \u00e0 majorit\u00e9 d\u2019\u00e9tudiantes qui manquent parfois de temps, <strong>l\u2019association est toujours en qu\u00eate de b\u00e9n\u00e9voles<\/strong>. TCAk\u00e9zo cherche aussi des partenaires. En juin dernier par exemple, La Brunchoise (Haguenau) a consacr\u00e9 50% des b\u00e9n\u00e9fices issus de la vente de ses boissons \u00ab ube latte \u00bb au soutien de l\u2019association.<\/p>\n<p><strong>Enfin, la visibilit\u00e9 est un enjeu.<\/strong> \u00ab On doit pouvoir nous trouver, nous conna\u00eetre \u00bb, conclut \u00c9lodie. En parler, c\u2019est donc<strong> aider \u00e0 identifier TCAk\u00e9zo<\/strong> : un cocon o\u00f9 puiser la force de prendre son envol.<\/p>\n<p style=\"text-align: center;\"><strong>Association TCAk\u00e9zo<\/strong><\/p>\n<p style=\"text-align: center;\"><a href=\"https:\/\/tcakeso.fr\/\" target=\"_blank\" rel=\"noopener\">Site web<\/a>, <a href=\"https:\/\/www.facebook.com\/TCAkeso\/\" target=\"_blank\" rel=\"noopener\">Facebook<\/a> &amp; <a href=\"https:\/\/www.instagram.com\/tcakeso\/\" target=\"_blank\" rel=\"noopener\">Instagram<\/a><\/p>\n<p style=\"text-align: center;\"><a href=\"https:\/\/tcakeso.fr\/contact\/\" target=\"_blank\" rel=\"noopener\">Pour se faire aider<\/a><\/p>\n<p><script async src=\"\/\/www.instagram.com\/embed.js\"><\/script><\/p>\n","protected":false},"excerpt":{"rendered":"Depuis juillet 2023, TCAk\u00e9zo aide les personnes souffrant de troubles alimentaires et leurs proches. Bas\u00e9e sur le principe&hellip;\n","protected":false},"author":2,"featured_media":280746,"comment_status":"","ping_status":"","sticky":false,"template":"","format":"standard","meta":{"footnotes":""},"categories":[2820],"tags":[1111,11,258,4077,1777,674,1011,27,775,12,25,2072,640],"class_list":{"0":"post-280745","1":"post","2":"type-post","3":"status-publish","4":"format-standard","5":"has-post-thumbnail","7":"category-strasbourg","8":"tag-actu","9":"tag-actualites","10":"tag-alimentation","11":"tag-association","12":"tag-eu","13":"tag-europe","14":"tag-fr","15":"tag-france","16":"tag-grand-est","17":"tag-news","18":"tag-republique-francaise","19":"tag-sante-mentale","20":"tag-strasbourg"},"share_on_mastodon":{"url":"https:\/\/pubeurope.com\/@fr\/114933640385065095","error":""},"_links":{"self":[{"href":"https:\/\/www.europesays.com\/fr\/wp-json\/wp\/v2\/posts\/280745","targetHints":{"allow":["GET"]}}],"collection":[{"href":"https:\/\/www.europesays.com\/fr\/wp-json\/wp\/v2\/posts"}],"about":[{"href":"https:\/\/www.europesays.com\/fr\/wp-json\/wp\/v2\/types\/post"}],"author":[{"embeddable":true,"href":"https:\/\/www.europesays.com\/fr\/wp-json\/wp\/v2\/users\/2"}],"replies":[{"embeddable":true,"href":"https:\/\/www.europesays.com\/fr\/wp-json\/wp\/v2\/comments?post=280745"}],"version-history":[{"count":0,"href":"https:\/\/www.europesays.com\/fr\/wp-json\/wp\/v2\/posts\/280745\/revisions"}],"wp:featuredmedia":[{"embeddable":true,"href":"https:\/\/www.europesays.com\/fr\/wp-json\/wp\/v2\/media\/280746"}],"wp:attachment":[{"href":"https:\/\/www.europesays.com\/fr\/wp-json\/wp\/v2\/media?parent=280745"}],"wp:term":[{"taxonomy":"category","embeddable":true,"href":"https:\/\/www.europesays.com\/fr\/wp-json\/wp\/v2\/categories?post=280745"},{"taxonomy":"post_tag","embeddable":true,"href":"https:\/\/www.europesays.com\/fr\/wp-json\/wp\/v2\/tags?post=280745"}],"curies":[{"name":"wp","href":"https:\/\/api.w.org\/{rel}","templated":true}]}}