{"id":280753,"date":"2025-07-29T00:18:19","date_gmt":"2025-07-29T00:18:19","guid":{"rendered":"https:\/\/www.europesays.com\/fr\/280753\/"},"modified":"2025-07-29T00:18:19","modified_gmt":"2025-07-29T00:18:19","slug":"austere-et-resistant-cet-if-lie-la-caserne-mellinet-et-les-recents-habitants-du-quartier-a","status":"publish","type":"post","link":"https:\/\/www.europesays.com\/fr\/280753\/","title":{"rendered":"Aust\u00e8re et r\u00e9sistant, cet if lie la caserne Mellinet et les r\u00e9cents habitants du quartier \u00e0"},"content":{"rendered":"<p>Jardiniers, botanistes, \u00e9lagueurs\u2026 Ils et elles travaillent au service des espaces verts de la ville de Nantes (Loire-Atlantique). Nous leur avons demand\u00e9 de parler de leurs arbres coups de c\u0153ur. Aujourd\u2019hui, <a href=\"https:\/\/nantes.maville.com\/actu\/actudet_-saint-sebastien-sur-loire.-une-formation-pour-entretenir-les-arbres-sur-les-iles-_8-5550172_actu.Htm\" target=\"_blank\" rel=\"noopener\">Karl Hervouet<\/a>, responsable de l\u2019\u00e9quipe des arboristes-grimpeurs.<\/p>\n<p><strong>Lire aussi\u00a0: <\/strong> <a href=\"https:\/\/nantes.maville.com\/actu\/actudet_-cet-arbre-fait-son-miel-dans-le-parc-de-la-beaujoire-_52716-6916279_actu.Htm\" target=\"_blank\" rel=\"noopener\">Cet arbre fait son miel dans le parc de la Beaujoire<\/a><\/p>\n<p>\t<img decoding=\"async\" src=\"https:\/\/www.europesays.com\/fr\/wp-content\/uploads\/2025\/07\/P35378986D6916547G_px_640_.jpg\" alt=\"photo le tronc tr\u00e8s atypique du plus gros if, quartier mellinet.  \u00a9  ouest-france\" width=\"640\" title=\" Le tronc tr\u00e8s atypique du plus gros if, quartier Mellinet.   Ouest-France \"\/><\/p>\n<p class=\"elmt-legende\"> Le tronc tr\u00e8s atypique du plus gros if, quartier Mellinet.   Ouest-France <\/p>\n<p>C\u2019est quoi cet arbre\u00a0?<\/p>\n<p>Un if commun, ou Taxus baccata, qu\u2019on voit souvent taill\u00e9 en topiaire dans les jardins \u00e0 la fran\u00e7aise. Un conif\u00e8re originaire d\u2019Europe, qui ne produit pas de r\u00e9sine mais des baies rouges, dont les graines sont toxiques. Avec sa silhouette aust\u00e8re, on le voit souvent plant\u00e9 dans les cimeti\u00e8res. Tr\u00e8s r\u00e9sistant, il pousse lentement, aime bien la fra\u00eecheur et vit tr\u00e8s longtemps\u00a0: certains sp\u00e9cimens ont plus de mille ans\u00a0! Ce n\u2019est pas le cas de celui que nous pr\u00e9sente notre guide, au c\u0153ur de l\u2019ancienne caserne militaire Mellinet. O\u00f9 il c\u00f4toie des tilleuls et des platanes, <strong>\u00ab\u00a0trois essences souvent repr\u00e9sent\u00e9es dans les casernes\u00a0\u00bb,<\/strong> souligne Karl Hervouet.<\/p>\n<p>\t<img decoding=\"async\" src=\"https:\/\/www.europesays.com\/fr\/wp-content\/uploads\/2025\/07\/P35378987D6916547G_px_640_.jpg\" alt=\"photo karl hervouet, responsable de l\u2019\u00e9quipe d\u2019arboristes-grimpeurs de la ville de nantes.  \u00a9  ouest-france\" width=\"640\" title=\" Karl Hervouet, responsable de l\u2019\u00e9quipe d\u2019arboristes-grimpeurs de la Ville de Nantes.   Ouest-France \"\/><\/p>\n<p class=\"elmt-legende\"> Karl Hervouet, responsable de l\u2019\u00e9quipe d\u2019arboristes-grimpeurs de la Ville de Nantes.   Ouest-France <\/p>\n<p>Pourquoi il l\u2019aime\u00a0?<\/p>\n<p>Pour sa silhouette atypique. Au sein de ce nouveau quartier de logements et de bureaux, il s\u2019est d\u00e9ploy\u00e9 jusqu\u2019\u00e0 prendre un volume tr\u00e8s important. Et, aussi, pour son tronc noueux et cannel\u00e9 que l\u2019on dirait constitu\u00e9 de plusieurs branches \u00e9mergeant du sol. <strong>\u00ab\u00a0J\u2019aime me dire que cet arbre, autrefois li\u00e9 a la mort, est aujourd\u2019hui associ\u00e9 \u00e0 la jeunesse, aux nouvelles familles qui arrivent dans le quartier.\u00a0\u00bb<\/strong><\/p>\n<p>\u00a0<\/p>\n","protected":false},"excerpt":{"rendered":"Jardiniers, botanistes, \u00e9lagueurs\u2026 Ils et elles travaillent au service des espaces verts de la ville de Nantes (Loire-Atlantique).&hellip;\n","protected":false},"author":2,"featured_media":280754,"comment_status":"","ping_status":"","sticky":false,"template":"","format":"standard","meta":{"footnotes":""},"categories":[2818],"tags":[1111,11,42017,20446,1777,674,1011,27,4021,42018,16566,22532,766,12,2636,5775,42019,25,18465],"class_list":{"0":"post-280753","1":"post","2":"type-post","3":"status-publish","4":"format-standard","5":"has-post-thumbnail","7":"category-nantes","8":"tag-actu","9":"tag-actualites","10":"tag-austere","11":"tag-caserne","12":"tag-eu","13":"tag-europe","14":"tag-fr","15":"tag-france","16":"tag-habitants","17":"tag-if","18":"tag-lie","19":"tag-mellinet","20":"tag-nantes","21":"tag-news","22":"tag-pays-de-la-loire","23":"tag-quartier","24":"tag-recents","25":"tag-republique-francaise","26":"tag-resistant"},"share_on_mastodon":{"url":"https:\/\/pubeurope.com\/@fr\/114933655366334181","error":""},"_links":{"self":[{"href":"https:\/\/www.europesays.com\/fr\/wp-json\/wp\/v2\/posts\/280753","targetHints":{"allow":["GET"]}}],"collection":[{"href":"https:\/\/www.europesays.com\/fr\/wp-json\/wp\/v2\/posts"}],"about":[{"href":"https:\/\/www.europesays.com\/fr\/wp-json\/wp\/v2\/types\/post"}],"author":[{"embeddable":true,"href":"https:\/\/www.europesays.com\/fr\/wp-json\/wp\/v2\/users\/2"}],"replies":[{"embeddable":true,"href":"https:\/\/www.europesays.com\/fr\/wp-json\/wp\/v2\/comments?post=280753"}],"version-history":[{"count":0,"href":"https:\/\/www.europesays.com\/fr\/wp-json\/wp\/v2\/posts\/280753\/revisions"}],"wp:featuredmedia":[{"embeddable":true,"href":"https:\/\/www.europesays.com\/fr\/wp-json\/wp\/v2\/media\/280754"}],"wp:attachment":[{"href":"https:\/\/www.europesays.com\/fr\/wp-json\/wp\/v2\/media?parent=280753"}],"wp:term":[{"taxonomy":"category","embeddable":true,"href":"https:\/\/www.europesays.com\/fr\/wp-json\/wp\/v2\/categories?post=280753"},{"taxonomy":"post_tag","embeddable":true,"href":"https:\/\/www.europesays.com\/fr\/wp-json\/wp\/v2\/tags?post=280753"}],"curies":[{"name":"wp","href":"https:\/\/api.w.org\/{rel}","templated":true}]}}