{"id":280776,"date":"2025-07-29T00:36:11","date_gmt":"2025-07-29T00:36:11","guid":{"rendered":"https:\/\/www.europesays.com\/fr\/280776\/"},"modified":"2025-07-29T00:36:11","modified_gmt":"2025-07-29T00:36:11","slug":"previsions-du-mardi-29-juillet-2025-8","status":"publish","type":"post","link":"https:\/\/www.europesays.com\/fr\/280776\/","title":{"rendered":"pr\u00e9visions du mardi 29 juillet 2025"},"content":{"rendered":"<p>\u00c0 Paris les temp\u00e9ratures iront de 16 \u00e0 25\u00b0C sur l&rsquo;ensemble de la journ\u00e9e. C&rsquo;est un soleil radieux qui va se montrer le matin. Un modeste vent d&rsquo;ouest sera ressenti par les habitants. Le ciel sera relativement lumineux, avec quelques \u00e9claircies l&rsquo;apr\u00e8s-midi. Les maximales iront jusqu&rsquo;\u00e0 25\u00b0C alors que les minimales seront de 19\u00b0C. Durant la nuit de mardi \u00e0 mercredi, le ciel sera d\u00e9pourvu de nuages.<\/p>\n<p>Une chute des temp\u00e9ratures est pr\u00e9vue \u00e0 Paris, demain. Le mercure affichera 20\u00b0C en moyenne. Un vent de nord-ouest rafra\u00eechira l\u00e9g\u00e8rement l&rsquo;atmosph\u00e8re. Petits et grands pourront appr\u00e9cier leur matin\u00e9e sous un ciel un peu nuageux. On pr\u00e9voit des valeurs avoisinant 19\u00b0C. Le soleil brillerait plus t\u00f4t dans l&rsquo;apr\u00e8s-midi si des nuages ne g\u00eanaient pas son apparition. Des pluies \u00e9parses vont tomber sur la ville. En revanche, les temp\u00e9ratures vont grimper de plusieurs degr\u00e9s. Les valeurs s&rsquo;\u00e9chelonneront entre 23 et 25\u00b0C. Des \u00e9claircies appara\u00eetront dans la soir\u00e9e.<\/p>\n<p>Les conditions m\u00e9t\u00e9orologiques vont se d\u00e9grader dans les jours suivants. On s&rsquo;attend \u00e0 des journ\u00e9es pluvieuses, avec des temp\u00e9ratures dans les 23\u00b0C en moyenne.<\/p>\n<p><\/p>\n","protected":false},"excerpt":{"rendered":"\u00c0 Paris les temp\u00e9ratures iront de 16 \u00e0 25\u00b0C sur l&rsquo;ensemble de la journ\u00e9e. C&rsquo;est un soleil radieux&hellip;\n","protected":false},"author":2,"featured_media":280777,"comment_status":"","ping_status":"","sticky":false,"template":"","format":"standard","meta":{"footnotes":""},"categories":[1888],"tags":[11,1777,674,1011,27,662,12,626,2119,25],"class_list":{"0":"post-280776","1":"post","2":"type-post","3":"status-publish","4":"format-standard","5":"has-post-thumbnail","7":"category-paris","8":"tag-actualites","9":"tag-eu","10":"tag-europe","11":"tag-fr","12":"tag-france","13":"tag-ile-de-france","14":"tag-news","15":"tag-paris","16":"tag-previsions-meteo","17":"tag-republique-francaise"},"share_on_mastodon":{"url":"https:\/\/pubeurope.com\/@fr\/114933726177769589","error":""},"_links":{"self":[{"href":"https:\/\/www.europesays.com\/fr\/wp-json\/wp\/v2\/posts\/280776","targetHints":{"allow":["GET"]}}],"collection":[{"href":"https:\/\/www.europesays.com\/fr\/wp-json\/wp\/v2\/posts"}],"about":[{"href":"https:\/\/www.europesays.com\/fr\/wp-json\/wp\/v2\/types\/post"}],"author":[{"embeddable":true,"href":"https:\/\/www.europesays.com\/fr\/wp-json\/wp\/v2\/users\/2"}],"replies":[{"embeddable":true,"href":"https:\/\/www.europesays.com\/fr\/wp-json\/wp\/v2\/comments?post=280776"}],"version-history":[{"count":0,"href":"https:\/\/www.europesays.com\/fr\/wp-json\/wp\/v2\/posts\/280776\/revisions"}],"wp:featuredmedia":[{"embeddable":true,"href":"https:\/\/www.europesays.com\/fr\/wp-json\/wp\/v2\/media\/280777"}],"wp:attachment":[{"href":"https:\/\/www.europesays.com\/fr\/wp-json\/wp\/v2\/media?parent=280776"}],"wp:term":[{"taxonomy":"category","embeddable":true,"href":"https:\/\/www.europesays.com\/fr\/wp-json\/wp\/v2\/categories?post=280776"},{"taxonomy":"post_tag","embeddable":true,"href":"https:\/\/www.europesays.com\/fr\/wp-json\/wp\/v2\/tags?post=280776"}],"curies":[{"name":"wp","href":"https:\/\/api.w.org\/{rel}","templated":true}]}}