{"id":280785,"date":"2025-07-29T00:40:12","date_gmt":"2025-07-29T00:40:12","guid":{"rendered":"https:\/\/www.europesays.com\/fr\/280785\/"},"modified":"2025-07-29T00:40:12","modified_gmt":"2025-07-29T00:40:12","slug":"lunion-europeenne-se-resout-a-la-soumission-face-aux-etats-unis-denonce-francois-bayrou","status":"publish","type":"post","link":"https:\/\/www.europesays.com\/fr\/280785\/","title":{"rendered":"l\u2019Union europ\u00e9enne \u00abse r\u00e9sout \u00e0 la soumission\u00bb face aux \u00c9tats-Unis, d\u00e9nonce Fran\u00e7ois Bayrou"},"content":{"rendered":"<p>\u00abC\u2019est un jour sombre que celui o\u00f9 une alliance de peuples libres, rassembl\u00e9s pour affirmer leurs valeurs et d\u00e9fendre leurs int\u00e9r\u00eats, se r\u00e9sout \u00e0 la soumission\u00bb, a \u00e9crit Fran\u00e7ois Bayrou sur X, ce lundi matin.<\/p>\n<p class=\"fig-paragraph\">L\u2019accord commercial obtenu au dernier moment\u00a0<a href=\"http:\/\/www.lefigaro.fr\/conjoncture\/donald-trump-annonce-un-accord-avec-l-ue-sur-des-droits-de-douane-de-15-20250727\" data-fig-type=\"NewsFlash\" data-gtm-custom-categorie=\"navigation\" data-gtm-custom-action=\"crossclick\" data-gtm-custom-label=\"Contextuel\" data-gtm-event=\"customEventSPE\" data-fig-domain=\"LEFIGARO\" target=\"_blank\" rel=\"noopener\">par la Commission europ\u00e9enne<\/a>\u00a0ne convainc d\u00e9cid\u00e9ment pas Paris. Ce lundi, le premier ministre a r\u00e9agi par un message au ton sinistre post\u00e9 sur le r\u00e9seau social X \u00e0 l\u2019annonce faite ce dimanche par Ursula von der Leyen et Donald Trump. \u00abC\u2019est un jour sombre que celui o\u00f9 une alliance de peuples libres, rassembl\u00e9s pour affirmer leurs valeurs et d\u00e9fendre leurs int\u00e9r\u00eats, se r\u00e9sout \u00e0 la soumission\u00bb, a ainsi \u00e9crit Fran\u00e7ois Bayrou.<\/p>\n<p class=\"fig-paragraph\">Le premier ministre n\u2019est pas le seul \u00e0 avoir accueilli froidement l\u2019accord\u00a0: du c\u00f4t\u00e9 de Paris, le satisfecit n\u2019est pas de mise. \u00abC\u2019est un accord qui permet d\u2019apporter de la stabilit\u00e9, mais qui reste d\u00e9s\u00e9quilibr\u00e9\u00bb, a d\u00e9plor\u00e9 ce lundi matin sur RTL Marc Ferracci, ministre charg\u00e9 de l\u2019Industrie et de l\u2019\u00c9nergie. \u00abLes \u00c9tats-Unis ont d\u00e9cid\u00e9 d\u2019imposer par la force une nouvelle loi de la jungle\u00bb, a ajout\u00e9 son coll\u00e8gue d\u00e9l\u00e9gu\u00e9 au Commerce ext\u00e9rieur, Laurent Saint-Martin. \u00abSi les Europ\u00e9ens ne se r\u00e9veillent pas, les difficult\u00e9s des autres para\u00eetront toutes relatives face \u00e0 notre d\u00e9crochage\u00bb, a averti, quant \u00e0 lui, le ministre d\u00e9l\u00e9gu\u00e9 \u00e0 l\u2019Europe, Benjamin Haddad.<\/p>\n<p>                                    <a class=\"fig-a11y-skip a11y-hidden\" href=\"#fig-a11y-skip-main-inarticle\"><br \/>\n        Passer la publicit\u00e9<br \/>\n    <\/a><\/p>\n<p class=\"fig-paragraph\">Du c\u00f4t\u00e9 des entreprises, Patrick Martin, le pr\u00e9sident du Medef, premi\u00e8re organisation patronale fran\u00e7aise, a estim\u00e9 que \u00absi les choses sont bien ce qui nous a \u00e9t\u00e9 annonc\u00e9, ce n\u2019est pas admissible\u00bb. \u00abIl faut continuer \u00e0 n\u00e9gocier\u00bb, selon lui. La CPME, deuxi\u00e8me organisation patronale, a dit anticiper \u00abdes r\u00e9percussions d\u00e9sastreuses\u00bb pour les petites et moyennes entreprises. Et le mouvement des ETI (Meti) a \u00e9voqu\u00e9 \u00abdes cons\u00e9quences particuli\u00e8rement pr\u00e9occupantes pour les entreprises de taille interm\u00e9diaire\u00bb.<\/p>\n<p class=\"fig-paragraph\">Selon les secteurs, les sentiments sont ambivalents.<\/p>\n<p class=\"fig-paragraph\">\u00abIl y a du soulagement parce que cet accord donne de la visibilit\u00e9\u00bb, a d\u00e9clar\u00e9 \u00e0 l\u2019AFP Emmanuel Guichard, d\u00e9l\u00e9gu\u00e9 g\u00e9n\u00e9ral de la F\u00e9d\u00e9ration des entreprises de la beaut\u00e9 (FEBEA). Mais \u00abce n\u2019est pas un bon accord pour nous, tout simplement parce qu\u2019on avait 0% de droits de douane en janvier vers les Etats-Unis et maintenant on va \u00eatre \u00e0 15%.\u00bb<\/p>\n<p class=\"fig-paragraph\">\u00abLa catastrophe est \u00e9vit\u00e9e\u00bb, en r\u00e9f\u00e9rence aux 30% de droits de douane \u00e9voqu\u00e9 par Donald Trump, \u00abmais les prochains jours seront d\u00e9terminants pour le secteur fran\u00e7ais des vins et spiritueux\u00bb, d\u00e9clare dans un communiqu\u00e9 la F\u00e9d\u00e9ration des Exportateurs de Vins et Spiritueux (FEVS), \u00e0 laquelle se joint l\u2019ensemble des interprofessions fran\u00e7aises (CNIV) et de la fili\u00e8re.<\/p>\n<p class=\"fig-paragraph\">Dans l\u2019agroalimentaire, l\u2019organisation patronale du secteur, l\u2019Ania, a d\u00e9nonc\u00e9 un \u00abaccord clairement in\u00e9quitable (&#8230;) qui fragilise notre position\u00bb.<\/p>\n","protected":false},"excerpt":{"rendered":"\u00abC\u2019est un jour sombre que celui o\u00f9 une alliance de peuples libres, rassembl\u00e9s pour affirmer leurs valeurs et&hellip;\n","protected":false},"author":2,"featured_media":280786,"comment_status":"","ping_status":"","sticky":false,"template":"","format":"standard","meta":{"footnotes":""},"categories":[1589],"tags":[11,73,1866,431,1074,12,1864,1865,1863,308],"class_list":{"0":"post-280785","1":"post","2":"type-post","3":"status-publish","4":"format-standard","5":"has-post-thumbnail","7":"category-etats-unis","8":"tag-actualites","9":"tag-etats-unis","10":"tag-etats-unis-damerique","11":"tag-francois-bayrou","12":"tag-guerre-commerciale","13":"tag-news","14":"tag-united-states","15":"tag-united-states-of-america","16":"tag-us","17":"tag-usa"},"share_on_mastodon":{"url":"https:\/\/pubeurope.com\/@fr\/114933741980301475","error":""},"_links":{"self":[{"href":"https:\/\/www.europesays.com\/fr\/wp-json\/wp\/v2\/posts\/280785","targetHints":{"allow":["GET"]}}],"collection":[{"href":"https:\/\/www.europesays.com\/fr\/wp-json\/wp\/v2\/posts"}],"about":[{"href":"https:\/\/www.europesays.com\/fr\/wp-json\/wp\/v2\/types\/post"}],"author":[{"embeddable":true,"href":"https:\/\/www.europesays.com\/fr\/wp-json\/wp\/v2\/users\/2"}],"replies":[{"embeddable":true,"href":"https:\/\/www.europesays.com\/fr\/wp-json\/wp\/v2\/comments?post=280785"}],"version-history":[{"count":0,"href":"https:\/\/www.europesays.com\/fr\/wp-json\/wp\/v2\/posts\/280785\/revisions"}],"wp:featuredmedia":[{"embeddable":true,"href":"https:\/\/www.europesays.com\/fr\/wp-json\/wp\/v2\/media\/280786"}],"wp:attachment":[{"href":"https:\/\/www.europesays.com\/fr\/wp-json\/wp\/v2\/media?parent=280785"}],"wp:term":[{"taxonomy":"category","embeddable":true,"href":"https:\/\/www.europesays.com\/fr\/wp-json\/wp\/v2\/categories?post=280785"},{"taxonomy":"post_tag","embeddable":true,"href":"https:\/\/www.europesays.com\/fr\/wp-json\/wp\/v2\/tags?post=280785"}],"curies":[{"name":"wp","href":"https:\/\/api.w.org\/{rel}","templated":true}]}}