{"id":280789,"date":"2025-07-29T00:42:11","date_gmt":"2025-07-29T00:42:11","guid":{"rendered":"https:\/\/www.europesays.com\/fr\/280789\/"},"modified":"2025-07-29T00:42:11","modified_gmt":"2025-07-29T00:42:11","slug":"renforcement-de-la-defense-la-france-et-lallemagne-parviendront-elles-a-travailler-ensemble","status":"publish","type":"post","link":"https:\/\/www.europesays.com\/fr\/280789\/","title":{"rendered":"Renforcement de la d\u00e9fense : la France et l&rsquo;Allemagne parviendront-elles \u00e0 travailler ensemble\u00a0?"},"content":{"rendered":"<p>          <img decoding=\"async\" class=\"c-ad__placeholder__logo\" src=\"https:\/\/static.euronews.com\/website\/images\/logos\/logo-euronews-stacked-outlined-72x72-grey-9.svg\" width=\"72\" height=\"72\" alt=\"\" loading=\"lazy\"\/><br \/>\n          PUBLICIT\u00c9<\/p>\n<p>La France et l&rsquo;Allemagne ambitionnent toutes deux de renforcer leur d\u00e9fense, mais les grandes diff\u00e9rences dans l&rsquo;\u00e9tat de leurs finances publiques et de leur pens\u00e9e strat\u00e9gique pourraient peser sur les ambitions communes du \u00ab\u00a0moteur franco-allemand\u00a0\u00bb.<\/p>\n<p>\u00ab\u00a0D&rsquo;un point de vue historique, le degr\u00e9 de convergence entre les deux pays est sans doute plus \u00e9lev\u00e9 qu&rsquo;il ne l&rsquo;a \u00e9t\u00e9 depuis, je dirais, des d\u00e9cennies\u00a0\u00bb, a d\u00e9clar\u00e9 \u00e0 Euronews Jacob F. Kirkegaard, membre du groupe de r\u00e9flexion Bruegel bas\u00e9 \u00e0 Bruxelles.<\/p>\n<p>Les deux premi\u00e8res \u00e9conomies europ\u00e9ennes consid\u00e8rent la Russie comme leur plus grande menace \u00e0 long terme et se sont toutes deux engag\u00e9es \u00e0 injecter des centaines de milliards d&rsquo;euros dans leur base industrielle militaire et de d\u00e9fense. \u00c0 Berlin, on a parl\u00e9 de \u00ab\u00a0Zeitenwende\u00a0\u00bb (ou tournant historique), tandis que Paris a qualifi\u00e9 sa derni\u00e8re loi de programmation militaire d'\u00a0\u00bbl&rsquo;ultime mouvement strat\u00e9gique\u00a0\u00bb.<\/p>\n<p>Cette convergence a \u00e9t\u00e9 motiv\u00e9e par l&rsquo;invasion de l&rsquo;Ukraine par la Russie, qui a ramen\u00e9 la guerre sur le sol europ\u00e9en, le retour de Donald Trump \u00e0 la Maison Blanche, qui a mis en doute la poursuite de l&rsquo;engagement \u00e0 long terme des \u00c9tats-Unis en faveur de la s\u00e9curit\u00e9 de l&rsquo;Europe, et un changement de leadership en Allemagne.<\/p>\n<p>Le nouveau chancelier, Friedrich Merz, \u00ab\u00a0a fondamentalement adopt\u00e9 ce que je ne peux que d\u00e9crire comme une position gaulliste\u00a0\u00bb, d\u00e9clare Jacob Kirkegaard, qui estime que \u00ab\u00a0l&rsquo;Europe doit se pr\u00e9parer \u00e0 un avenir sans garantie de s\u00e9curit\u00e9 de la part des \u00c9tats-Unis\u00a0\u00bb.<\/p>\n<p><strong>La<\/strong> France se rapproche de l&rsquo;Allemagne<\/p>\n<p>La semaine derni\u00e8re, <a href=\"https:\/\/fr.euronews.com\/2025\/07\/24\/emmanuel-macron-se-rend-a-berlin-pour-defendre-le-reflexe-franco-allemand\" rel=\"nofollow noopener\" target=\"_blank\"><strong>Emmanuel Macron et Friedrich Merz<\/strong><\/a> ont tent\u00e9 de d\u00e9samorcer les tensions autour d&rsquo;un projet commun de 100 milliards d&rsquo;euros visant \u00e0 d\u00e9velopper un avion de chasse de sixi\u00e8me g\u00e9n\u00e9ration.<\/p>\n<p>Au c\u0153ur du diff\u00e9rend se trouve la demande de la France d&rsquo;obtenir 80 % du partage des t\u00e2ches pour le nouveau FCAS (Future Combat Air System), ce qui va \u00e0 l&rsquo;encontre des accords pr\u00e9c\u00e9dents qui pr\u00e9voyaient une r\u00e9partition \u00e9gale entre les deux pays et l&rsquo;Espagne, qui fait \u00e9galement partie du projet.<\/p>\n<p>Cette nouvelle demande fran\u00e7aise n&rsquo;est pas surprenante, selon Rafael Loss, charg\u00e9 de mission au Conseil europ\u00e9en des relations \u00e9trang\u00e8res (ECFR), au vu des diff\u00e9rences entre les arm\u00e9es des deux pays.<\/p>\n<p>En France, les forces arm\u00e9es font partie de la politique \u00e9trang\u00e8re nationale &#8211; comme l&rsquo;attestent les r\u00e9cents d\u00e9ploiements au Sahel &#8211; et les territoires d&rsquo;outre-mer du pays ainsi que sa possession de l&rsquo;arme nucl\u00e9aire ajoutent \u00e0 sa perspective globale.<\/p>\n<p>\u00ab\u00a0C&rsquo;est pourquoi l&rsquo;arm\u00e9e fran\u00e7aise est beaucoup plus \u00e0 l&rsquo;aise que l&rsquo;Allemagne pour agir unilat\u00e9ralement ou en dehors des contextes de l&rsquo;UE et de l&rsquo;OTAN, et cela s&rsquo;\u00e9tend ensuite aux types de capacit\u00e9s que les forces arm\u00e9es fran\u00e7aises pr\u00e9f\u00e8rent acqu\u00e9rir\u00a0\u00bb, explique l&rsquo;expert.<\/p>\n<p>\u00ab\u00a0Tout ce qui a trait \u00e0 la dissuasion nucl\u00e9aire fran\u00e7aise doit fonctionner lorsque la France est seule. Dans le cas du FCAS &#8211; qui est cens\u00e9 remplacer les chasseurs-bombardiers Rafale pour transporter les armes nucl\u00e9aires fran\u00e7aises &#8211; les dirigeants militaires et politiques fran\u00e7ais n&rsquo;accepteront pas une situation o\u00f9 ils sont d\u00e9pendants pour produire cette capacit\u00e9, car la dissuasion nucl\u00e9aire en d\u00e9pend\u00a0\u00bb.<\/p>\n<p>Rafael Loss explique que \u00ab\u00a0l&rsquo;industrie fran\u00e7aise devra \u00eatre en mesure de produire elle-m\u00eame cet avion en cas de besoin\u00a0\u00bb. <\/p>\n<p>\u00ab\u00a0Elle est pr\u00eate \u00e0 coop\u00e9rer lorsque les orientations strat\u00e9giques s&rsquo;alignent, mais en fin de compte, elle doit tout produire ind\u00e9pendamment des autres. Et encore une fois, c&rsquo;est quelque chose que beaucoup en Allemagne et dans toute l&rsquo;Europe n&rsquo;ont pas encore compris\u00a0\u00bb, ajoute-t-il.<\/p>\n<p>\u00ab\u00a0Mais pour le bien de la s\u00e9curit\u00e9 europ\u00e9enne, elle doit montrer qu&rsquo;elle investit dans ses partenariats et ses relations avec les Europ\u00e9ens, en particulier ceux qui se trouvent sur le flanc est\u00a0\u00bb, conclut-il.<\/p>\n<p>Une grande opportunit\u00e9 g\u00e2ch\u00e9e<\/p>\n<p>Mais l&rsquo;autre obstacle majeur auquel se heurtent les deux pays pour faire avancer un programme de d\u00e9fense europ\u00e9en commun est la diff\u00e9rence entre leurs marges de man\u0153uvre budg\u00e9taires respectives.<\/p>\n<p>Le ratio dette\/Produit int\u00e9rieur brut (PIB) de l&rsquo;Allemagne s&rsquo;\u00e9levait \u00e0 62,3 % au premier trimestre de l&rsquo;ann\u00e9e. Celui de la France s&rsquo;\u00e9levait \u00e0 114,1 %, soit bien plus que ce que pr\u00e9voient les r\u00e8gles de l&rsquo;Union (60 %).<\/p>\n<p>Cette divergence structurelle signifie qu&rsquo;\u00e0 l&rsquo;heure o\u00f9 les pays europ\u00e9ens s&rsquo;efforcent d&rsquo;augmenter consid\u00e9rablement leurs d\u00e9penses de d\u00e9fense et leurs capacit\u00e9s militaires afin de pr\u00e9venir une \u00e9ventuelle attaque russe dans les ann\u00e9es \u00e0 venir, l&rsquo;Allemagne peut se permettre d&rsquo;<a href=\"https:\/\/fr.euronews.com\/my-europe\/2025\/05\/15\/allemagne-friedrich-merz-promet-larmee-la-plus-puissante-deurope\" rel=\"nofollow noopener\" target=\"_blank\"><strong>investir massivement dans la d\u00e9fense<\/strong><\/a>, ce qui n&rsquo;est pas le cas de la France.<\/p>\n<p>Par exemple, l&rsquo;Allemagne a demand\u00e9 \u00e0 b\u00e9n\u00e9ficier d&rsquo;une proposition de Bruxelles visant \u00e0 assouplir les r\u00e8gles fiscales relatives aux d\u00e9penses de d\u00e9fense, ce que la France, qui est vis\u00e9e par une proc\u00e9dure de d\u00e9ficit excessif, ne peut pas faire.<\/p>\n<p>Bien que Paris ait constamment investi dans la d\u00e9fense au cours des derni\u00e8res d\u00e9cennies, les sommes avanc\u00e9es par le nouveau gouvernement allemand &#8211; notamment un fonds de 500 milliards d&rsquo;euros pour renforcer l&rsquo;arm\u00e9e et les infrastructures du pays &#8211; devraient lui permettre de rattraper rapidement son retard.<\/p>\n<p>Toutefois, leurs finances publiques les placent \u00ab\u00a0fondamentalement \u00e0 l&rsquo;oppos\u00e9 des tables de n\u00e9gociation\u00a0\u00bb au niveau de l&rsquo;UE, estime Jacob Kirkegaard.<\/p>\n<p>La Commission europ\u00e9enne a pr\u00e9sent\u00e9 <a href=\"https:\/\/fr.euronews.com\/my-europe\/2025\/03\/21\/rome-et-madrid-mecontents-bruxelles-rebaptise-le-plan-rearm-europe\" rel=\"nofollow noopener\" target=\"_blank\"><strong>un plan de r\u00e9armement de l&rsquo;Europe<\/strong><\/a> qui, esp\u00e8re-t-elle, incitera les \u00c9tats membres \u00e0 investir jusqu&rsquo;\u00e0 800 milliards d&rsquo;euros d&rsquo;ici 2030. Mais la majeure partie de cet argent devrait provenir des caisses des \u00c9tats membres, qui, dans le cas de la France, sont presque \u00e9puis\u00e9es.<\/p>\n<p>Face \u00e0 l&rsquo;ampleur de la t\u00e2che, la Commission a \u00e9t\u00e9 invit\u00e9e \u00e0 proposer des options de financement \u00ab\u00a0innovantes\u00a0\u00bb pour la d\u00e9fense. Emmanuel Macron a demand\u00e9 que l&rsquo;une de ces options soit un emprunt commun de l&rsquo;UE, ce que l&rsquo;Allemagne a cat\u00e9goriquement rejet\u00e9.<\/p>\n<p>Pour Jacob Kirkegaard, cela signifie que la crise provoqu\u00e9e par l&rsquo;invasion russe de l&rsquo;Ukraine est \u00ab\u00a0une grande opportunit\u00e9 g\u00e2ch\u00e9e\u00a0\u00bb pour l&rsquo;Union.<\/p>\n<p>\u00ab\u00a0Cette crise, la guerre en Ukraine, ne conduira pas \u00e0 une plus grande int\u00e9gration institutionnelle ou fiscale de l&rsquo;UE. Elle conduira \u00e0 une expansion de l&rsquo;UE avec l&rsquo;Ukraine et peut-\u00eatre d&rsquo;autres pays, mais il s&rsquo;agit d&rsquo;un autre type de changement pour l&rsquo;UE et c&rsquo;est \u00e9galement tr\u00e8s diff\u00e9rent des derni\u00e8res grandes crises que nous avons connues\u00a0\u00bb, conclut-il.<\/p>\n","protected":false},"excerpt":{"rendered":"PUBLICIT\u00c9 La France et l&rsquo;Allemagne ambitionnent toutes deux de renforcer leur d\u00e9fense, mais les grandes diff\u00e9rences dans l&rsquo;\u00e9tat&hellip;\n","protected":false},"author":2,"featured_media":280790,"comment_status":"","ping_status":"","sticky":false,"template":"","format":"standard","meta":{"footnotes":""},"categories":[1587],"tags":[11,672,1804,1805,554,1803,1073,1777,674,27,4710,1801,12,1802],"class_list":{"0":"post-280789","1":"post","2":"type-post","3":"status-publish","4":"format-standard","5":"has-post-thumbnail","7":"category-allemagne","8":"tag-actualites","9":"tag-allemagne","10":"tag-bundesrepublik-deutschland","11":"tag-de","12":"tag-defense","13":"tag-deutschland","14":"tag-emmanuel-macron","15":"tag-eu","16":"tag-europe","17":"tag-france","18":"tag-friedrich-merz","19":"tag-germany","20":"tag-news","21":"tag-republique-federale-dallemagne"},"share_on_mastodon":{"url":"https:\/\/pubeurope.com\/@fr\/114933749824757104","error":""},"_links":{"self":[{"href":"https:\/\/www.europesays.com\/fr\/wp-json\/wp\/v2\/posts\/280789","targetHints":{"allow":["GET"]}}],"collection":[{"href":"https:\/\/www.europesays.com\/fr\/wp-json\/wp\/v2\/posts"}],"about":[{"href":"https:\/\/www.europesays.com\/fr\/wp-json\/wp\/v2\/types\/post"}],"author":[{"embeddable":true,"href":"https:\/\/www.europesays.com\/fr\/wp-json\/wp\/v2\/users\/2"}],"replies":[{"embeddable":true,"href":"https:\/\/www.europesays.com\/fr\/wp-json\/wp\/v2\/comments?post=280789"}],"version-history":[{"count":0,"href":"https:\/\/www.europesays.com\/fr\/wp-json\/wp\/v2\/posts\/280789\/revisions"}],"wp:featuredmedia":[{"embeddable":true,"href":"https:\/\/www.europesays.com\/fr\/wp-json\/wp\/v2\/media\/280790"}],"wp:attachment":[{"href":"https:\/\/www.europesays.com\/fr\/wp-json\/wp\/v2\/media?parent=280789"}],"wp:term":[{"taxonomy":"category","embeddable":true,"href":"https:\/\/www.europesays.com\/fr\/wp-json\/wp\/v2\/categories?post=280789"},{"taxonomy":"post_tag","embeddable":true,"href":"https:\/\/www.europesays.com\/fr\/wp-json\/wp\/v2\/tags?post=280789"}],"curies":[{"name":"wp","href":"https:\/\/api.w.org\/{rel}","templated":true}]}}