{"id":280814,"date":"2025-07-29T00:58:24","date_gmt":"2025-07-29T00:58:24","guid":{"rendered":"https:\/\/www.europesays.com\/fr\/280814\/"},"modified":"2025-07-29T00:58:24","modified_gmt":"2025-07-29T00:58:24","slug":"visite-guidee-du-jas-de-bouffan-maison-familiale-et-laboratoire-artistique-de-paul-cezanne-2","status":"publish","type":"post","link":"https:\/\/www.europesays.com\/fr\/280814\/","title":{"rendered":"Visite guid\u00e9e du Jas de Bouffan, maison familiale et laboratoire artistique de Paul Cezanne"},"content":{"rendered":"<p>      VID\u00c9O \u2014 Quarante ans durant, la propri\u00e9t\u00e9 familiale du Jas de Bouffan, \u00e0 Aix-en-Provence, fut le refuge du cr\u00e9ateur. Il peignit inlassablement le domaine, son parc, son bassin. Restaur\u00e9, cet \u00e9crin ouvre enfin au public.                                 <\/p>\n<p class=\"author author--simple\">Par  <a class=\"author author--link\" href=\"https:\/\/www.telerama.fr\/recherche\/articles?q=Pierrick+Allain\" rel=\"nofollow noopener\" target=\"_blank\"> Pierrick Allain <\/a>    <\/p>\n<p class=\"publication__date\">Publi\u00e9 le 25 juillet 2025 \u00e0 14h48<\/p>\n<p>   Partager   <\/p>\n<ul class=\"sharing-popin--results\">\n<li class=\"sharing-popin--item sharing-popin--item-container\"> Partage  <\/li>\n<li data-share=\"linkedin\" class=\"sharing-popin--item\">  LinkedIn <\/li>\n<li data-share=\"facebook\" class=\"sharing-popin--item\">  Facebook <\/li>\n<li data-share=\"mail\" data-social=\"mail\" class=\"sharing-popin--item\">  Envoyer par email <\/li>\n<li data-share=\"copy\" class=\"sharing-popin--item\">  Copier le lien <\/li>\n<\/ul>\n<p>        Favoris       <\/p>\n<p>                <a class=\"openapp__link\" data-event=\"click-open-app\" data-deep-link=\"tlrm:\/\/element?id=\/arts-expositions\/visite-guidee-du-jas-de-bouffan-maison-familiale-et-laboratoire-artistique-de-paul-cezanne-4856-7026595.php&amp;source=deeplink_site\">  Lire dans l&rsquo;application<br \/>\n  <\/a>                               <\/p>\n<p class=\"paragraph\">La Provence, Paul Cezanne ne l\u2019a jamais vraiment quitt\u00e9e, m\u00eame lorsqu\u2019il s\u00e9journa \u00e0 Paris. Dans cette vid\u00e9o, vous d\u00e9couvrirez le lien qu\u2019entretenait Cezanne avec cette maison familiale et comment elle a nourri sa peinture. Car la r\u00e9ouverture <a target=\"_blank\" href=\"https:\/\/www.telerama.fr\/arts-expositions\/cezanne-a-aix-en-provence-une-chapelle-sixtine-cezannienne-decouverte-au-jas-de-bouffan-7026113.php\" rel=\"nofollow noopener\">du Jas de Bouffan<\/a> s\u2019accompagne aussi <a target=\"_blank\" href=\"https:\/\/www.telerama.fr\/arts-expositions\/que-nous-reserve-cezanne-2025-a-aix-en-provence-7023176.php\" rel=\"nofollow noopener\">d\u2019une exposition<\/a> \u2014 Cezanne au Jas de Bouffan \u2014 au mus\u00e9e Granet d\u2019Aix-en-Provence, o\u00f9 cent trente\u00a0\u0153uvres venues du monde entier sont visibles jusqu\u2019au 12\u00a0octobre 2025.<\/p>\n<p class=\"paragraph\">Dans cette grande bastide du XVIII\u1d49 si\u00e8cle, le jeune peintre peignit ses premi\u00e8res \u0153uvres directement sur les murs du salon \u00e0 la peinture \u00e0 l\u2019huile. Il y fit \u00e9galement ses premiers portraits\u00a0: des membres de sa famille, des amis ou des ouvriers agricoles de la ferme voisine. L\u2019immense jardin devint aussi son terrain de jeu\u00a0: il repr\u00e9senta notamment l\u2019all\u00e9e de marronniers, un bassin sculpt\u00e9, de grands arbres, une ferme\u2026 Ici, lumi\u00e8res, formes et couleurs sont propices \u00e0 la r\u00e9alisation de nombreux tableaux. Ce jardin fut une source d\u2019inspiration in\u00e9puisable. C\u2019\u00e9tait son laboratoire, un peu comme le jardin de Giverny de Claude Monet.<\/p>\n<p class=\"edito__prefixe\">   D\u00e9couvrir la note et la critique   <\/p>\n<p class=\"edito__text-container\">       <a alt=\"Lire aussi\" href=\"https:\/\/www.telerama.fr\/television\/paul-cezanne-pionnier-de-l-art-moderne-sur-les-traces-d-un-genie-avant-gardiste-5300_cri-7039660.php\" class=\"article__title--edito\" rel=\"nofollow noopener\" target=\"_blank\">\u201cPaul Cezanne\u00a0: pionnier de l\u2019art moderne\u201d, sur les traces d\u2019un g\u00e9nie avant-gardiste<\/a>  <\/p>\n<p class=\"paragraph\">Puis lors de travaux de r\u00e9novation de la bastide, son p\u00e8re (enfin) convaincu du talent de son fils, lui am\u00e9nagea un petit atelier, sous les toits, dot\u00e9 d\u2019une belle verri\u00e8re orient\u00e9e plein nord. C\u2019est ici que le peintre se retira pour r\u00e9aliser des natures mortes r\u00e9volutionnaires. Il faudra attendre sa mort, en\u00a01906, pour que chacun prenne conscience de l\u2019authentique rupture qu\u2019a apport\u00e9e <a target=\"_blank\" href=\"https:\/\/www.telerama.fr\/arts-expositions\/les-paysages-peints-par-cezanne-un-patrimoine-a-proteger-7025879.php\" rel=\"nofollow noopener\">son \u0153uvre<\/a> dans l\u2019art occidental et de son influence primordiale sur tous les mouvements picturaux du XX\u1d49\u00a0si\u00e8cle.<\/p>\n<p class=\"paragraph\">Suivez dans cette vid\u00e9o la d\u00e9marche du peintre, enfant d\u2019Aix-en-Provence, infatigable dans sa recherche picturale. \u00ab\u00a0L\u2019art est un sacerdoce\u00a0\u00bb, ne cessait-il de clamer.<\/p>\n<p class=\"edito__prefixe\">   \u00c0 lire aussi :   <\/p>\n<p class=\"edito__text-container\">     <a alt=\"Lire aussi\" href=\"https:\/\/www.telerama.fr\/arts-expositions\/pourquoi-cezanne-et-zola-amis-d-enfance-se-sont-brouilles-7026302.php\" class=\"article__title--edito\" rel=\"nofollow noopener\" target=\"_blank\">Pourquoi Cezanne et Zola, amis d\u2019enfance, se sont brouill\u00e9s<\/a>  <\/p>\n","protected":false},"excerpt":{"rendered":"VID\u00c9O \u2014 Quarante ans durant, la propri\u00e9t\u00e9 familiale du Jas de Bouffan, \u00e0 Aix-en-Provence, fut le refuge du&hellip;\n","protected":false},"author":2,"featured_media":248422,"comment_status":"","ping_status":"","sticky":false,"template":"","format":"standard","meta":{"footnotes":""},"categories":[1358],"tags":[1348,1384,1385,1386,58,59,1011,27],"class_list":{"0":"post-280814","1":"post","2":"type-post","3":"status-publish","4":"format-standard","5":"has-post-thumbnail","7":"category-arts-et-design","8":"tag-arts","9":"tag-arts-and-design","10":"tag-arts-et-design","11":"tag-design","12":"tag-divertissement","13":"tag-entertainment","14":"tag-fr","15":"tag-france"},"share_on_mastodon":{"url":"https:\/\/pubeurope.com\/@fr\/114933812657787417","error":""},"_links":{"self":[{"href":"https:\/\/www.europesays.com\/fr\/wp-json\/wp\/v2\/posts\/280814","targetHints":{"allow":["GET"]}}],"collection":[{"href":"https:\/\/www.europesays.com\/fr\/wp-json\/wp\/v2\/posts"}],"about":[{"href":"https:\/\/www.europesays.com\/fr\/wp-json\/wp\/v2\/types\/post"}],"author":[{"embeddable":true,"href":"https:\/\/www.europesays.com\/fr\/wp-json\/wp\/v2\/users\/2"}],"replies":[{"embeddable":true,"href":"https:\/\/www.europesays.com\/fr\/wp-json\/wp\/v2\/comments?post=280814"}],"version-history":[{"count":0,"href":"https:\/\/www.europesays.com\/fr\/wp-json\/wp\/v2\/posts\/280814\/revisions"}],"wp:featuredmedia":[{"embeddable":true,"href":"https:\/\/www.europesays.com\/fr\/wp-json\/wp\/v2\/media\/248422"}],"wp:attachment":[{"href":"https:\/\/www.europesays.com\/fr\/wp-json\/wp\/v2\/media?parent=280814"}],"wp:term":[{"taxonomy":"category","embeddable":true,"href":"https:\/\/www.europesays.com\/fr\/wp-json\/wp\/v2\/categories?post=280814"},{"taxonomy":"post_tag","embeddable":true,"href":"https:\/\/www.europesays.com\/fr\/wp-json\/wp\/v2\/tags?post=280814"}],"curies":[{"name":"wp","href":"https:\/\/api.w.org\/{rel}","templated":true}]}}