{"id":280815,"date":"2025-07-29T00:59:11","date_gmt":"2025-07-29T00:59:11","guid":{"rendered":"https:\/\/www.europesays.com\/fr\/280815\/"},"modified":"2025-07-29T00:59:11","modified_gmt":"2025-07-29T00:59:11","slug":"le-chemin-des-aidants-familiaux-de-tony-moggio-livre","status":"publish","type":"post","link":"https:\/\/www.europesays.com\/fr\/280815\/","title":{"rendered":"le chemin des aidants familiaux de Tony Moggio (livre)"},"content":{"rendered":"<p>\n\t\t\t\t\t Tony Moggio, n\u00e9 \u00e0 Toulouse en 1985, est un ancien joueur de rugby \u00e0 XV dont la vie va basculer un jour de 2010 lorsqu\u2019une blessure va le rendre t\u00e9trapl\u00e9gique. Il va alors transformer cette \u00e9preuve en force et partage son parcours \u00e0 travers plusieurs ouvrages dont voici le dernier en date et qui traite de l\u2019engagement des aidants familiaux. <br \/>\u00a0 <br \/>L\u2019importance de la reconnaissance et de l\u2019appr\u00e9ciation se manifeste de mani\u00e8re cruciale lorsqu\u2019on plonge dans le monde des aidants familiaux. Ces individus (on les estime \u00e0 11 millions en France) jouent un r\u00f4le d\u2019une importance capitale en prenant en charge leurs proches malades, \u00e2g\u00e9s ou en situation de handicap. <br \/>\u00a0 <br \/>Leur d\u00e9vouement quotidien (c\u2019est souvent un \u00ab\u00a0second\u00a0\u00bb travail), c\u2019est un peu comme une symphonie silencieuse de sacrifices personnels, \u00e9motionnels et financiers, une partition que beaucoup ne soup\u00e7onnent m\u00eame pas. <br \/>\u00a0 <br \/>Imaginez-vous dans la vie de l\u2019un de ces aidants. Ils se trouvent souvent plong\u00e9s dans une t\u00e2che gratifiante, mais aussi incroyablement exigeante. <br \/>\u00a0 <br \/>Les exigences \u00e9motionnelles et physiques du r\u00f4le peuvent \u00eatre compar\u00e9es \u00e0 des vagues d\u00e9cha\u00een\u00e9es, engendrant un stress chronique, une fatigue qui vous \u00e9treint jusqu\u2019\u00e0 l\u2019\u00e2me et parfois m\u00eame un sentiment d\u2019isolement. Certains en tombent m\u00eame malade ou sombrent dans la d\u00e9pression\u2026 <br \/>\u00a0 <br \/>Pour eux, la reconnaissance de la soci\u00e9t\u00e9 et de l\u2019entourage est comme un phare \u00e9clairant ces eaux agit\u00e9es, un rep\u00e8re pouvant sauver des vies, m\u00e9taphoriquement parlant. <br \/>\u00a0 <br \/>Lorsque ces h\u00e9ros anonymes se sentent reconnus et valoris\u00e9s, c\u2019est comme si une lumi\u00e8re per\u00e7ait les nuages sombres de leur existence. Ils retrouvent leur estime de soi, leur sentiment d\u2019accomplissement. Ils r\u00e9alisent alors que leur contribution ne se limite pas \u00e0 leurs proches, elle s\u2019\u00e9tend \u00e0 la soci\u00e9t\u00e9 tout enti\u00e8re. <br \/>\u00a0 <br \/>Quand ils per\u00e7oivent que leur travail est observ\u00e9 et respect\u00e9, ils trouvent la force de continuer malgr\u00e9 les d\u00e9fis constants. Les encouragements r\u00e9guliers et les remerciements sinc\u00e8res sont comme des carburants, des carburants qui alimentent leur engagement \u00e0 long terme, qui les pr\u00e9servent de l\u2019\u00e9puisement professionnel et qui font \u00e9clore un jardin de bien-\u00eatre g\u00e9n\u00e9ral.\n\t\t\t\t <\/p>\n","protected":false},"excerpt":{"rendered":"Tony Moggio, n\u00e9 \u00e0 Toulouse en 1985, est un ancien joueur de rugby \u00e0 XV dont la vie&hellip;\n","protected":false},"author":2,"featured_media":280816,"comment_status":"","ping_status":"","sticky":false,"template":"","format":"standard","meta":{"footnotes":""},"categories":[1357],"tags":[317,20720,1379,13748,58,59,30051,1011,27,1380,137,9910,12361,3552,30049,16667,30050,572,10586],"class_list":{"0":"post-280815","1":"post","2":"type-post","3":"status-publish","4":"format-standard","5":"has-post-thumbnail","7":"category-livres","8":"tag-age","9":"tag-agees","10":"tag-books","11":"tag-dependance","12":"tag-divertissement","13":"tag-entertainment","14":"tag-epahd","15":"tag-fr","16":"tag-france","17":"tag-livres","18":"tag-retraite","19":"tag-retraites","20":"tag-senior","21":"tag-seniors","22":"tag-silver","23":"tag-succession","24":"tag-vieilles","25":"tag-vieillesse","26":"tag-vieux"},"share_on_mastodon":{"url":"https:\/\/pubeurope.com\/@fr\/114933816720777938","error":""},"_links":{"self":[{"href":"https:\/\/www.europesays.com\/fr\/wp-json\/wp\/v2\/posts\/280815","targetHints":{"allow":["GET"]}}],"collection":[{"href":"https:\/\/www.europesays.com\/fr\/wp-json\/wp\/v2\/posts"}],"about":[{"href":"https:\/\/www.europesays.com\/fr\/wp-json\/wp\/v2\/types\/post"}],"author":[{"embeddable":true,"href":"https:\/\/www.europesays.com\/fr\/wp-json\/wp\/v2\/users\/2"}],"replies":[{"embeddable":true,"href":"https:\/\/www.europesays.com\/fr\/wp-json\/wp\/v2\/comments?post=280815"}],"version-history":[{"count":0,"href":"https:\/\/www.europesays.com\/fr\/wp-json\/wp\/v2\/posts\/280815\/revisions"}],"wp:featuredmedia":[{"embeddable":true,"href":"https:\/\/www.europesays.com\/fr\/wp-json\/wp\/v2\/media\/280816"}],"wp:attachment":[{"href":"https:\/\/www.europesays.com\/fr\/wp-json\/wp\/v2\/media?parent=280815"}],"wp:term":[{"taxonomy":"category","embeddable":true,"href":"https:\/\/www.europesays.com\/fr\/wp-json\/wp\/v2\/categories?post=280815"},{"taxonomy":"post_tag","embeddable":true,"href":"https:\/\/www.europesays.com\/fr\/wp-json\/wp\/v2\/tags?post=280815"}],"curies":[{"name":"wp","href":"https:\/\/api.w.org\/{rel}","templated":true}]}}