{"id":280817,"date":"2025-07-29T01:00:23","date_gmt":"2025-07-29T01:00:23","guid":{"rendered":"https:\/\/www.europesays.com\/fr\/280817\/"},"modified":"2025-07-29T01:00:23","modified_gmt":"2025-07-29T01:00:23","slug":"la-fin-de-la-serie-netflix-expliquee","status":"publish","type":"post","link":"https:\/\/www.europesays.com\/fr\/280817\/","title":{"rendered":"La fin de la s\u00e9rie Netflix expliqu\u00e9e"},"content":{"rendered":"<p>Actuellement num\u00e9ro 2 du top Netflix, la s\u00e9rie turque Les Lettres du pass\u00e9 suit la qu\u00eate d&rsquo;Elif pour d\u00e9couvrir et comprendre ses origines. Qui est r\u00e9ellement sa m\u00e8re et que s&rsquo;est-il vraiment pass\u00e9 pour le groupe de lyc\u00e9es qui ont \u00e9crit les lettres vingt ans plus t\u00f4t ?<\/p>\n<p>Si, sur Netflix, on a facilement tendance \u00e0 penser que ce sont les s\u00e9ries am\u00e9ricaines qui font la loi, d&rsquo;autres nationalit\u00e9s ont les armes pour faire concurrence. Alors que les productions venues de Cor\u00e9e du Sud rencontrent un franc succ\u00e8s, comme <a href=\"https:\/\/www.programme-tv.net\/news\/series-tv\/383981-squid-game-toutes-les-questions-auxquelles-la-serie-ne-repond-pas-a-la-fin-de-la-saison-3\/\" data-api-deeplink=\"teleloisirs:\/\/news\/383981\" target=\"_blank\" rel=\"noopener\">Squid Game <\/a>ou <a href=\"https:\/\/www.programme-tv.net\/news\/series-tv\/384123-elle-est-deconseillee-aux-mineurs-mais-cette-serie-netflix-est-lun-des-succes-du-moment\/\" data-api-deeplink=\"teleloisirs:\/\/news\/384123\" target=\"_blank\" rel=\"noopener\">Sur la g\u00e2chette<\/a>, r\u00e9cemment la fiction colombienne Delirio a aussi conquis les abonn\u00e9s de la plateforme de streaming qui ont voulu <a href=\"https:\/\/www.programme-tv.net\/news\/series-tv\/383877-delirio-qu-est-il-arrive-a-agustina-la-fin-de-la-serie-netflix-expliquee\/\" data-api-deeplink=\"teleloisirs:\/\/news\/383877\" target=\"_blank\" rel=\"noopener\">savoir ce qu&rsquo;il arrivait r\u00e9ellement \u00e0 Agustina.<\/a> Mais la Turquie est souvent en t\u00eate du top \u00e9galement. Alors que la <a href=\"https:\/\/www.programme-tv.net\/news\/series-tv\/379018-merci-et-au-suivant-saison-3-netflix-a-deja-decide-du-futur-de-cette-serie\/\" data-api-deeplink=\"teleloisirs:\/\/news\/379018\" target=\"_blank\" rel=\"noopener\">s\u00e9rie Merci et au suivant ! <\/a>cartonnait en mai dernier, c&rsquo;est au tour de la fiction Les Lettres du pass\u00e9 de caracoler en haut top. Actuellement num\u00e9ro 2, voici la fin expliqu\u00e9e de cette nouveaut\u00e9.<\/p>\n<p>Les Lettres du pass\u00e9 : qui est vraiment la m\u00e8re d&rsquo;Elif ? L&rsquo;\u00e9pisode final de la s\u00e9rie Netflix r\u00e9v\u00e8le tout<\/p>\n<p>Alors que Zuhal, en qu\u00eate d&rsquo;un cocon familial, a fait croire \u00e0 Elif qu&rsquo;elle \u00e9tait sa m\u00e8re, cette derni\u00e8re d\u00e9couvre la v\u00e9rit\u00e9. Banu est la vraie m\u00e8re d&rsquo;Elif et l&rsquo;a abandonn\u00e9 \u00e0 leur professeure de litt\u00e9rature. Elle l&rsquo;aurait eu adolescente apr\u00e8s son incartade avec Murat lors de la soir\u00e9e. Alors qu&rsquo;Elif s&rsquo;appr\u00eate \u00e0 partir vivre chez Zuhal, croyant encore que c&rsquo;est sa m\u00e8re, c&rsquo;est Rahat qui lui r\u00e9v\u00e8le que Banu est sa vraie m\u00e8re : elle lui a tout avou\u00e9 apr\u00e8s les fun\u00e9railles. Elif part quand m\u00eame chez Zuhal.<\/p>\n<p>Banu et Murat finissent par discuter d&rsquo;Elif. Banu explique qu&rsquo;elle ne savait pas quoi faire, que quand elle a d\u00e9couvert sa grossesse, il \u00e9tait trop tard pour avorter. Fatma a propos\u00e9 d&rsquo;\u00e9lever le b\u00e9b\u00e9 pour qu&rsquo;il ne parte pas chez des inconnus. Banu affirme qu&rsquo;elle a essay\u00e9 de suivre leur trace mais n&rsquo;a pas r\u00e9ussi.<\/p>\n<p>Les Lettres du pass\u00e9 : comment se termine la s\u00e9rie Netflix pour Elif, Zuhal et Banu ?<\/p>\n<p>Elif convoque Zuhal et Banu au restaurant pour son anniversaire. Elle leur explique qu&rsquo;aujourd&rsquo;hui, elle sait que sa vraie m\u00e8re est Fatma, m\u00eame si elle n&rsquo;est pas sa g\u00e9nitrice. Elle ne cherche donc pas \u00e0 confronter Banu et vivra sa vie en consid\u00e9rant Fatma comme sa m\u00e8re.<\/p>\n<p>De leur c\u00f4t\u00e9, Mert et Murat d\u00eenent ensemble et parlent de la maternit\u00e9 de Banu. Mais Mert ignore que Murat est le p\u00e8re d&rsquo;Elif. Murat d\u00e9cide de se concentrer sur son fils.<\/p>\n<p>            Les Lettres du pass\u00e9 : Banu et Mert finissent-ils ensemble ?<\/p>\n<p>Dans la panique de voir son secret r\u00e9v\u00e9l\u00e9, Banu va se confier \u00e0 Mert, qui promet de la prot\u00e9ger et d&rsquo;\u00eatre aupr\u00e8s d&rsquo;elle quelle que soit sa d\u00e9cision. C&rsquo;est ce qu&rsquo;il fait et \u00e0 la fin de la s\u00e9rie, on voit Banu faire ses valises et rejoindre Mert, probablement pour partir vivre en Allemagne avec lui.<\/p>\n","protected":false},"excerpt":{"rendered":"Actuellement num\u00e9ro 2 du top Netflix, la s\u00e9rie turque Les Lettres du pass\u00e9 suit la qu\u00eate d&rsquo;Elif pour&hellip;\n","protected":false},"author":2,"featured_media":280818,"comment_status":"","ping_status":"","sticky":false,"template":"","format":"standard","meta":{"footnotes":""},"categories":[1356],"tags":[244,58,59,1011,27,41534,41533,127,1722,1721,129,252,1364],"class_list":{"0":"post-280817","1":"post","2":"type-post","3":"status-publish","4":"format-standard","5":"has-post-thumbnail","7":"category-television","8":"tag-commentaire","9":"tag-divertissement","10":"tag-entertainment","11":"tag-fr","12":"tag-france","13":"tag-les-lettres-du-passu00e9","14":"tag-les-lettres-du-passu00e9-su00e9rie-52190639","15":"tag-netflix","16":"tag-pub-streaming-netflix","17":"tag-su00e9rie-netflix","18":"tag-svod","19":"tag-television","20":"tag-tv"},"share_on_mastodon":{"url":"https:\/\/pubeurope.com\/@fr\/114933820551636647","error":""},"_links":{"self":[{"href":"https:\/\/www.europesays.com\/fr\/wp-json\/wp\/v2\/posts\/280817","targetHints":{"allow":["GET"]}}],"collection":[{"href":"https:\/\/www.europesays.com\/fr\/wp-json\/wp\/v2\/posts"}],"about":[{"href":"https:\/\/www.europesays.com\/fr\/wp-json\/wp\/v2\/types\/post"}],"author":[{"embeddable":true,"href":"https:\/\/www.europesays.com\/fr\/wp-json\/wp\/v2\/users\/2"}],"replies":[{"embeddable":true,"href":"https:\/\/www.europesays.com\/fr\/wp-json\/wp\/v2\/comments?post=280817"}],"version-history":[{"count":0,"href":"https:\/\/www.europesays.com\/fr\/wp-json\/wp\/v2\/posts\/280817\/revisions"}],"wp:featuredmedia":[{"embeddable":true,"href":"https:\/\/www.europesays.com\/fr\/wp-json\/wp\/v2\/media\/280818"}],"wp:attachment":[{"href":"https:\/\/www.europesays.com\/fr\/wp-json\/wp\/v2\/media?parent=280817"}],"wp:term":[{"taxonomy":"category","embeddable":true,"href":"https:\/\/www.europesays.com\/fr\/wp-json\/wp\/v2\/categories?post=280817"},{"taxonomy":"post_tag","embeddable":true,"href":"https:\/\/www.europesays.com\/fr\/wp-json\/wp\/v2\/tags?post=280817"}],"curies":[{"name":"wp","href":"https:\/\/api.w.org\/{rel}","templated":true}]}}