{"id":280823,"date":"2025-07-29T01:03:13","date_gmt":"2025-07-29T01:03:13","guid":{"rendered":"https:\/\/www.europesays.com\/fr\/280823\/"},"modified":"2025-07-29T01:03:13","modified_gmt":"2025-07-29T01:03:13","slug":"a-barbezieux-elle-offre-la-reconstruction-des-areoles-aux-femmes-ayant-subi-un-cancer-du-sein","status":"publish","type":"post","link":"https:\/\/www.europesays.com\/fr\/280823\/","title":{"rendered":"\u00c0 Barbezieux, elle offre la reconstruction des ar\u00e9oles aux femmes ayant subi un cancer du sein"},"content":{"rendered":"<p>    La r\u00e9daction vous conseille<\/p>\n<p>Sur les photos qu\u2019elles pr\u00e9sentent, le r\u00e9sultat est bluffant. Dans sa cabine que l\u2019auto-entrepreneuse loue \u00e0 Laetitia Lafon, g\u00e9rante de l\u2019institut Un temps pour L, rue Victor-Hugo \u00e0 Barbezieux, Yuliia Khomina montre toute la gamme de pigments qui permet de correspondre au mieux \u00e0 chaque carnation. \u00ab\u00a0C\u2019est un tatouage, r\u00e9sume-t-elle, et il faut l\u2019entretenir comme tel, c\u2019est-\u00e0-dire ne pas l\u2019exposer au soleil, bien l\u2019hydrater et \u00e7a vieillit tr\u00e8s bien.\u00a0\u00bb R\u00e9parer les poitrines pour r\u00e9parer les \u00e2mes, voil\u00e0 son don.<\/p>\n<p>Une qualit\u00e9 qu\u2019elle a obtenue en Ukraine, son pays, o\u00f9 la pratique du maquillage permanent est une v\u00e9ritable culture. \u00ab\u00a0L\u00e0-bas, toutes les femmes profitent de ce soin pour leurs sourcils ou leur bouche. La dermopigmentation des ar\u00e9oles, je la pratiquais beaucoup suite \u00e0 des chirurgies esth\u00e9tiques.\u00a0\u00bb<\/p>\n<p>Par humanit\u00e9<\/p>\n<p>Elle participe \u00e0 une masterclass, \u00e0 Lyon, en juin, sur la pratique apr\u00e8s une mastectomie. Elle y rencontre beaucoup d\u2019esth\u00e9ticiennes qui, pour la plupart sont install\u00e9es dans les grandes villes. \u00c0 Barbezieux, et sur un territoire proche, c\u2019est moins commun, alors elle se lance. Un post Facebook publi\u00e9 le 24\u00a0juillet et de nombreux commentaires pour la f\u00e9liciter de sa d\u00e9marche. Yuliia Khomina reste humble. Ce qu\u2019elle souhaite, c\u2019est apporter sa pierre \u00e0 l\u2019\u00e9difice de l\u2019humain.<\/p>\n<p>    La r\u00e9daction vous conseille<\/p>\n<p>Une humanit\u00e9 qu\u2019elle sait pr\u00e9cieuse quand, en 2021, elle fuit l\u2019Ukraine avec ses filles et son mari. \u00ab\u00a0Une amie habitait en Charente, elle m\u2019a dit de venir.\u00a0\u00bb Une solution d\u2019urgence quand la famille esp\u00e8re retrouver ses terres natales rapidement. Le conflit dure. Il faut vivre. Yuliia Khomina candidate spontan\u00e9ment \u00e0 Un temps pour L, en janvier 2024, pour devenir salari\u00e9e, quand reb\u00e2tir une affaire n\u2019est pas \u00e0 l\u2019ordre du jour. Finalement, en mai dernier, elle se r\u00e9sout \u00e0 devenir auto-entrepreneuse et loue une cabine \u00e0 Laetitia Lafon. Les deux femmes semblent avoir nou\u00e9 de profonds liens et la seconde n\u2019est jamais tr\u00e8s loin pour aider Yuliia quand elle doute de son fran\u00e7ais.<\/p>\n<blockquote><p>\u00ab\u00a0C\u2019est un tatouage et il faut l\u2019entretenir comme tel.\u00a0\u00bb<\/p><\/blockquote>\n<p>Un recommencement donc, pour celle qui, en Ukraine, travaillait six jours sur sept, r\u00e9alisait cinq prestations par jour et qui ne conna\u00eet pas le m\u00eame engouement en Sud Charente. Alors sa g\u00e9n\u00e9reuse proposition, elle le fait aussi un peu pour elle, \u00ab\u00a0parce que j\u2019adore mon m\u00e9tier et que je souhaite le partager\u00a0\u00bb. Montrer tout son talent \u00e0 rendre naturel quelque chose d\u2019artificiel. Un artifice qui pourra, peut-\u00eatre, aider de nombreuses femmes \u00e0 regagner de la confiance.<\/p>\n<p>Renseignements au 07\u00a080\u00a018\u00a063\u00a068.<\/p>\n","protected":false},"excerpt":{"rendered":"La r\u00e9daction vous conseille Sur les photos qu\u2019elles pr\u00e9sentent, le r\u00e9sultat est bluffant. Dans sa cabine que l\u2019auto-entrepreneuse&hellip;\n","protected":false},"author":2,"featured_media":280824,"comment_status":"","ping_status":"","sticky":false,"template":"","format":"standard","meta":{"footnotes":""},"categories":[10],"tags":[1011,27,72,71],"class_list":{"0":"post-280823","1":"post","2":"type-post","3":"status-publish","4":"format-standard","5":"has-post-thumbnail","7":"category-sante","8":"tag-fr","9":"tag-france","10":"tag-health","11":"tag-sante"},"share_on_mastodon":{"url":"https:\/\/pubeurope.com\/@fr\/114933832739510683","error":""},"_links":{"self":[{"href":"https:\/\/www.europesays.com\/fr\/wp-json\/wp\/v2\/posts\/280823","targetHints":{"allow":["GET"]}}],"collection":[{"href":"https:\/\/www.europesays.com\/fr\/wp-json\/wp\/v2\/posts"}],"about":[{"href":"https:\/\/www.europesays.com\/fr\/wp-json\/wp\/v2\/types\/post"}],"author":[{"embeddable":true,"href":"https:\/\/www.europesays.com\/fr\/wp-json\/wp\/v2\/users\/2"}],"replies":[{"embeddable":true,"href":"https:\/\/www.europesays.com\/fr\/wp-json\/wp\/v2\/comments?post=280823"}],"version-history":[{"count":0,"href":"https:\/\/www.europesays.com\/fr\/wp-json\/wp\/v2\/posts\/280823\/revisions"}],"wp:featuredmedia":[{"embeddable":true,"href":"https:\/\/www.europesays.com\/fr\/wp-json\/wp\/v2\/media\/280824"}],"wp:attachment":[{"href":"https:\/\/www.europesays.com\/fr\/wp-json\/wp\/v2\/media?parent=280823"}],"wp:term":[{"taxonomy":"category","embeddable":true,"href":"https:\/\/www.europesays.com\/fr\/wp-json\/wp\/v2\/categories?post=280823"},{"taxonomy":"post_tag","embeddable":true,"href":"https:\/\/www.europesays.com\/fr\/wp-json\/wp\/v2\/tags?post=280823"}],"curies":[{"name":"wp","href":"https:\/\/api.w.org\/{rel}","templated":true}]}}