{"id":280827,"date":"2025-07-29T01:05:17","date_gmt":"2025-07-29T01:05:17","guid":{"rendered":"https:\/\/www.europesays.com\/fr\/280827\/"},"modified":"2025-07-29T01:05:17","modified_gmt":"2025-07-29T01:05:17","slug":"enora-malagre-agressee-et-menacee-physiquement-par-jean-luc-lahaye-elle-balance-je-suis-sur-tes-cotes-depuis-15-ans","status":"publish","type":"post","link":"https:\/\/www.europesays.com\/fr\/280827\/","title":{"rendered":"Enora Malagr\u00e9 \u00ab\u00a0agress\u00e9e et menac\u00e9e physiquement\u00a0\u00bb par Jean-Luc Lahaye, elle balance : \u00ab\u00a0Je suis sur tes c\u00f4tes depuis 15 ans\u00a0\u00bb"},"content":{"rendered":"<p>      R\u00e9sum\u00e9<\/p>\n<p>Enora Malagr\u00e9 r\u00e9v\u00e8le avoir \u00e9t\u00e9 menac\u00e9e physiquement et agress\u00e9e verbalement par Jean-Luc Lahaye apr\u00e8s un clash \u00e0 la t\u00e9l\u00e9vision, malgr\u00e9 son isolement face \u00e0 lui \u00e0 l&rsquo;\u00e9poque.<\/p>\n<p>        Sommaire<\/p>\n<p>De 2011 \u00e0 2017, Enora Malagr\u00e9 s&rsquo;est faite un nom en \u00e9tant <strong>la chroniqueuse cash &amp; clash de Touche pas \u00e0 mon poste<\/strong>. En sept saisons, la jeune femme ne s&rsquo;est pas faite que des amis, et n&rsquo;a \u00e9pargn\u00e9 personne. On l&rsquo;a connue en conflit avec Christophe Dechavanne et <a href=\"https:\/\/www.public.fr\/gaule-comme-jason-statham-jean-marc-morandini-photoshope-il-devient-la-risee-de-la-toile\" rel=\"nofollow noopener\" target=\"_blank\">Jean-Marc Morandini<\/a>, et on l&rsquo;a \u00e9galement vue <a href=\"https:\/\/www.public.fr\/diaporamas\/photos-moundir-koh-lanta-il-s-explique-avec-cyril-hanouna-dans-tpmp-et-se-fait-entarter\" rel=\"nofollow noopener\" target=\"_blank\">r\u00e9gler ses comptes avec Moundir<\/a>. <strong>Mais l&rsquo;un de ses premiers gros clashs remonte \u00e0 France 4<\/strong>. Jeune recrue de l&rsquo;\u00e9mission, alors \u00e2g\u00e9e de seulement 32 ans, Enora se retrouve face \u00e0 Jean-Luc Lahaye.<\/p>\n<p>Fid\u00e8le \u00e0 ses opinions, franche et honn\u00eate comme \u00e0 son habitude, Enora Malagr\u00e9 n&rsquo;h\u00e9site pas \u00e0 dire <a href=\"https:\/\/www.public.fr\/videos\/zapping-publictv-n-196-enora-malagre-je-prefere-etre-une-gogo-danseuse-qu-un-toxicomane-qui-fait-l-amour-avec-des-mineurs\" rel=\"nofollow noopener\" target=\"_blank\">\u00e0 l&rsquo;invit\u00e9 tout le mal qu&rsquo;elle pense de lui<\/a>. Mais les r\u00e9ponses sexistes de celui-ci vont l&rsquo;abasourdir : <strong>\u00ab\u00a0Toi aussi, tu vas l&rsquo;avoir ta fess\u00e9e\u00a0\u00bb<\/strong> <strong>balance Jean-Luc Lahaye<\/strong>. Cyril Hanouna feint le fou rire, les chroniqueurs restent de marbre. Un malaise en plateau qui durera quelques secondes. Mais en coulisses, le ton s&rsquo;est durci entre l&rsquo;invit\u00e9 et la chroniqueuse&#8230;<\/p>\n<p>Enora Malagr\u00e9 \u00ab\u00a0si seule\u00a0\u00bb face \u00e0 Jean-Luc Lahaye<\/p>\n<p>En effet, ce lundi 28 juillet, <a href=\"https:\/\/vsd.fr\/85098-aucun-collectif-feministe-ne-marretera-jean%E2%80%91luc-lahaye-brise-le-silence-pour-lapremiere-fois-apres-des-accusations-de-viols\/\" rel=\"nofollow noopener\" target=\"_blank\">\u00e0 l&rsquo;occasion de la prise de parole de Jean-Luc Lahaye<\/a> dans les colonnes du Parisien, Enora Malagr\u00e9 \u00e9l\u00e8ve la voix sur Instagram. L&rsquo;animatrice et chroniqueuse de France 5 r\u00e9v\u00e8le pour la premi\u00e8re fois <strong>les menaces et injures qu&rsquo;elle a re\u00e7ues de la part du chanteur <\/strong>au sortir du plateau de Touche pas \u00e0 mon poste. Selon ses dires, l&rsquo;homme se serait montr\u00e9 mena\u00e7ant \u00e0 son \u00e9gard, tant physiquement que verbalement&#8230; <strong>Et personne ne l&rsquo;aurait vraiment d\u00e9fendue<\/strong> !<\/p>\n<p>\u00ab\u00a0On parle beaucoup de cette personne aujourd\u2019hui. Cette s\u00e9quence \u00e9tait il y a plus de 12 ans\u2026 <strong>Il m\u2019avait agress\u00e9e tr\u00e8s, tr\u00e8s violemment verbalement en coulisses apr\u00e8s<\/strong>\u2026 <strong>Et m\u2019avait menac\u00e9e physiquement<\/strong>. Je ne m\u2019\u00e9tais pas du tout laiss\u00e9 faire et lui avait r\u00e9pondu avec virulence. Je l&rsquo;avais aussi menac\u00e9 de lui en coller une\u00a0\u00bb se souvient Enora Malagr\u00e9. La chroniqueuse reconna\u00eet qu&rsquo;elle s&rsquo;\u00e9tait \u00ab\u00a0sentie bien seule, si seule\u00a0\u00bb au moment du clash.<\/p>\n<p>Mis en examen pour viols depuis plusieurs ann\u00e9es<\/p>\n<p>Dans son interview coup de poing au Parisien, Jean-Luc Lahaye, <strong>mis en examen pour viols et agressions sexuelles<\/strong>, r\u00e9affirme son intention de poursuivre sa carri\u00e8re en d\u00e9pit des collections f\u00e9ministes qui tentent de l&rsquo;en emp\u00eacher. A ce sujet, Enora Malagr\u00e9 soutient celles qui tentent de le faire raccrocher :<strong> \u00ab\u00a0Il pr\u00e9tend qu&rsquo;aucun collectif f\u00e9ministe ne l&rsquo;arr\u00eatera ? Moi, je suis sur ses c\u00f4tes depuis 15 ans. Et si. On ya arrivera\u00a0\u00bb <\/strong>a conclu la chroniqueuse de La grande semaine sur M6 et du Magazine de la sant\u00e9.<\/p>\n<p>      Mentionn\u00e9s dans cet article<\/p>\n<p>\u00c0 lire aussi<\/p>\n","protected":false},"excerpt":{"rendered":"R\u00e9sum\u00e9 Enora Malagr\u00e9 r\u00e9v\u00e8le avoir \u00e9t\u00e9 menac\u00e9e physiquement et agress\u00e9e verbalement par Jean-Luc Lahaye apr\u00e8s un clash \u00e0&hellip;\n","protected":false},"author":2,"featured_media":280828,"comment_status":"","ping_status":"","sticky":false,"template":"","format":"standard","meta":{"footnotes":""},"categories":[8],"tags":[12232,58,13216,59,1011,27,9415,549],"class_list":{"0":"post-280827","1":"post","2":"type-post","3":"status-publish","4":"format-standard","5":"has-post-thumbnail","7":"category-divertissement","8":"tag-clash","9":"tag-divertissement","10":"tag-enora-malagre","11":"tag-entertainment","12":"tag-fr","13":"tag-france","14":"tag-jean-luc-lahaye","15":"tag-touche-pas-a-mon-poste"},"share_on_mastodon":{"url":"https:\/\/pubeurope.com\/@fr\/114933840308759879","error":""},"_links":{"self":[{"href":"https:\/\/www.europesays.com\/fr\/wp-json\/wp\/v2\/posts\/280827","targetHints":{"allow":["GET"]}}],"collection":[{"href":"https:\/\/www.europesays.com\/fr\/wp-json\/wp\/v2\/posts"}],"about":[{"href":"https:\/\/www.europesays.com\/fr\/wp-json\/wp\/v2\/types\/post"}],"author":[{"embeddable":true,"href":"https:\/\/www.europesays.com\/fr\/wp-json\/wp\/v2\/users\/2"}],"replies":[{"embeddable":true,"href":"https:\/\/www.europesays.com\/fr\/wp-json\/wp\/v2\/comments?post=280827"}],"version-history":[{"count":0,"href":"https:\/\/www.europesays.com\/fr\/wp-json\/wp\/v2\/posts\/280827\/revisions"}],"wp:featuredmedia":[{"embeddable":true,"href":"https:\/\/www.europesays.com\/fr\/wp-json\/wp\/v2\/media\/280828"}],"wp:attachment":[{"href":"https:\/\/www.europesays.com\/fr\/wp-json\/wp\/v2\/media?parent=280827"}],"wp:term":[{"taxonomy":"category","embeddable":true,"href":"https:\/\/www.europesays.com\/fr\/wp-json\/wp\/v2\/categories?post=280827"},{"taxonomy":"post_tag","embeddable":true,"href":"https:\/\/www.europesays.com\/fr\/wp-json\/wp\/v2\/tags?post=280827"}],"curies":[{"name":"wp","href":"https:\/\/api.w.org\/{rel}","templated":true}]}}