{"id":280831,"date":"2025-07-29T01:07:13","date_gmt":"2025-07-29T01:07:13","guid":{"rendered":"https:\/\/www.europesays.com\/fr\/280831\/"},"modified":"2025-07-29T01:07:13","modified_gmt":"2025-07-29T01:07:13","slug":"des-hackeurs-promettent-la-destruction-totale-de-linfrastructure-informatique-daeroflot-compagnie-aerienne-russe","status":"publish","type":"post","link":"https:\/\/www.europesays.com\/fr\/280831\/","title":{"rendered":"Des hackeurs promettent \u00ab la destruction totale de l\u2019infrastructure informatique \u00bb d&rsquo;Aeroflot, compagnie a\u00e9rienne russe"},"content":{"rendered":"<p>Chaos dans les a\u00e9roports russes ce lundi 28 juillet : la compagnie nationale Aeroflot a \u00e9t\u00e9 contrainte d\u2019annuler et de reprogrammer plus d\u2019une cinquantaine de vols. La raison ? Une cyberattaque d\u2019une ampleur in\u00e9dite revendiqu\u00e9e par le groupe de hackers ukrainiens \u00ab Silent Crow \u00bb<\/p>\n<p>La liste s\u2019allonge et aucun signe de retour \u00e0 la normale.<\/p>\n<p><a href=\"https:\/\/t.me\/aeroflot_official\/2971\" data-type=\"link\" data-id=\"https:\/\/t.me\/aeroflot_official\/2971\" target=\"_blank\" rel=\"noreferrer noopener\">Sur son canal Telegram officiel<\/a>, la compagnie a\u00e9rienne Aeroflot \u00e9cume la liste des vols retard\u00e9s ou annul\u00e9s le lundi 28 juillet 2025.<\/p>\n<p>De nombreuses correspondances ne pourront \u00eatre effectu\u00e9es et les passagers des vols annul\u00e9s au d\u00e9part de Cheremetievo, dans la banlieue de Moscou, sont pri\u00e9s de r\u00e9cup\u00e9rer leurs bagages et de quitter l\u2019a\u00e9roport.<\/p>\n<p>Il faut \u00e9viter tout encombrement, la compagnie a\u00e9rienne connait une panne informatique sans pr\u00e9c\u00e9dent.<\/p>\n<p>Au fil de la journ\u00e9e, les craintes russes se confirment : il ne s\u2019agit pas d\u2019une simple d\u00e9faillance technique mais d\u2019une cyberattaque. L\u2019information est rapidement confirm\u00e9e par le parquet g\u00e9n\u00e9ral qui annonce dans la foul\u00e9e l\u2019ouverture d\u2019une enqu\u00eate pour\u00a0\u00abacc\u00e8s ill\u00e9gitime\u00bb\u00a0aux syst\u00e8mes d\u2019information.<\/p>\n<p>                <img decoding=\"async\" width=\"1024\" height=\"396\" loading=\"lazy\" alt=\"BIT BOX 3\" title=\"BIT BOX 3\" class=\"is-block placeholder-default wp-image\" src=\"https:\/\/www.europesays.com\/fr\/wp-content\/uploads\/2025\/07\/bit-box-3-1024x396.jpg\" \/>            <\/p>\n<p>\n                    Vos donn\u00e9es m\u00e9ritent d\u2019\u00eatre mieux prot\u00e9g\u00e9es.                <\/p>\n<p>\n                    Les escroqueries, les virus et les ransomwares ne sont plus une fatalit\u00e9. Prot\u00e9gez votre vie priv\u00e9e et vos donn\u00e9es personnelles avec Bitdefender et profitez de votre vie num\u00e9rique en toute s\u00e9r\u00e9nit\u00e9.                <\/p>\n<p><a href=\"https:\/\/www.reuters.com\/en\/pro-ukrainian-hackers-claim-massive-cyberattack-russias-aeroflot-2025-07-28\/\" data-type=\"link\" data-id=\"https:\/\/www.reuters.com\/en\/pro-ukrainian-hackers-claim-massive-cyberattack-russias-aeroflot-2025-07-28\/\" target=\"_blank\" rel=\"noreferrer noopener\">L\u2019op\u00e9ration est rapidement revendiqu\u00e9e par un groupe de hackers ukrainiens<\/a>, leur nom : Silent Crow.<\/p>\n<p>Une collaboration de hackers ukrainiens et bi\u00e9lorusses<\/p>\n<p>Les corbeaux silencieux. Voici en fran\u00e7ais le nom de groupe qui serait parvenu \u00e0 paralyser une grande partie des activit\u00e9s de la plus importante compagnie a\u00e9rienne de Russie.<\/p>\n<p>Silencieux, c\u2019est le mot, ces cyberpirates assurent avoir pr\u00e9par\u00e9 l\u2019attaque pendant plus d\u2019un an et d\u00e9clarent avoir collabor\u00e9 avec un autre groupe de hackers bi\u00e9lorusses.<\/p>\n<p><a href=\"https:\/\/t.me\/silentcrow_reborn\/18\" data-type=\"link\" data-id=\"https:\/\/t.me\/silentcrow_reborn\/18\" target=\"_blank\" rel=\"noreferrer noopener\">Sur leur canal Telegram<\/a>, ils affirment avoir pu acc\u00e9der \u00e0 la totalit\u00e9 de l\u2019infrastructure informatique d\u2019Aeroflot, et promettent \u00ab la compromission et la destruction totale de l\u2019infrastructure informatique interne d\u2019Aeroflot \u00bb. Le volume d\u2019informations suppos\u00e9ment pirat\u00e9es est colossal : 7 000 serveurs, physiques et virtuels, 12 To de bases de donn\u00e9es.<\/p>\n<p>Difficile de juger l\u2019ampleur r\u00e9elle de l\u2019attaque et les chiffres avanc\u00e9s par Silent Crow n\u2019ont pas \u00e9t\u00e9 v\u00e9rifi\u00e9es de mani\u00e8re ind\u00e9pendante, mais le Kremlin juge d\u2019ores et d\u00e9j\u00e0 l\u2019incident\u00a0\u00ab assez alarmant \u00bb.<\/p>\n<p>Le d\u00e9but d\u2019une attaque sur le long terme ?<\/p>\n<p>Aeroflot assure travailler en coop\u00e9ration avec les autorit\u00e9s comp\u00e9tentes pour \u00ab \u00e9liminer les cons\u00e9quences de l\u2019incident. \u00bb<\/p>\n<p>Au moment de la r\u00e9daction de cet article, le 28 juillet 2025 en fin d\u2019apr\u00e8s-midi, l\u2019entreprise russe compte 54 vols aller-retour, soit 108 vols individuels annul\u00e9s. Mais Aeroflot assure que le 206 autres vols parmi les 260 pr\u00e9vus dans la journ\u00e9e devraient \u00eatre assur\u00e9s.<\/p>\n<p>De son c\u00f4t\u00e9, le groupe ukrainien Silent Crow ne semble pas en \u00eatre \u00e0 l\u2019\u00e9tape finale de leur op\u00e9ration. Ils promettent de publier prochainement une partie des donn\u00e9es d\u00e9rob\u00e9es \u00e0 la compagnie a\u00e9rienne russe.<\/p>\n<p>Ce n\u2019est pas la premi\u00e8re fois que le groupe Silent Crow fait parler de lui en 2025. En janvier d\u00e9j\u00e0, <a href=\"https:\/\/therecord.media\/rostelecom-russia-contractor-data-breach\" target=\"_blank\" rel=\"noreferrer noopener\">le groupe \u00e9tait suspect\u00e9 d\u2019\u00eatre \u00e0 la manoeuvre d\u2019une cyberattaque visant une entreprise de t\u00e9l\u00e9com russe.<\/a> Jamais encore le groupe ne s\u2019\u00e9tait illustr\u00e9 dans une attaque de cette ampleur.<\/p>\n<p>Un brin fanfarons, les pirates ukrainiens d\u00e9livrent un message aux autorit\u00e9s russes : \u00ab \u00c0 destination (\u2026) des pr\u00e9tendus \u00ab cyberd\u00e9fenseurs \u00bb vous \u00eates incapables de prot\u00e9ger vos infrastructures cl\u00e9s. \u00bb<\/p>\n<p>            <img decoding=\"async\" src=\"https:\/\/www.europesays.com\/fr\/wp-content\/uploads\/2025\/04\/iPhone-16-pro.png\" alt=\"Toute l'actu tech en un clien d'oeil\"\/><\/p>\n<p class=\"card-install-pwa__title\">Toute l&rsquo;actu tech en un clin d&rsquo;\u0153il<\/p>\n<p class=\"card-install-pwa__description\">Ajoutez Numerama \u00e0 votre \u00e9cran d&rsquo;accueil et restez connect\u00e9s au futur !<\/p>\n<p>            <img decoding=\"async\" src=\"https:\/\/www.numerama.com\/wp-content\/themes\/numerama-next\/assets\/images\/premium\/logo-card-pwa-coupe.svg\" alt=\"Logo PWA\"\/><\/p>\n<p>       Installer Numerama<\/p>\n","protected":false},"excerpt":{"rendered":"Chaos dans les a\u00e9roports russes ce lundi 28 juillet : la compagnie nationale Aeroflot a \u00e9t\u00e9 contrainte d\u2019annuler&hellip;\n","protected":false},"author":2,"featured_media":280832,"comment_status":"","ping_status":"","sticky":false,"template":"","format":"standard","meta":{"footnotes":""},"categories":[6],"tags":[37,35,33,34,1011,27,5820],"class_list":{"0":"post-280831","1":"post","2":"type-post","3":"status-publish","4":"format-standard","5":"has-post-thumbnail","7":"category-economie","8":"tag-avion","9":"tag-business","10":"tag-economie","11":"tag-economy","12":"tag-fr","13":"tag-france","14":"tag-guerre-entre-la-russie-et-lukraine"},"share_on_mastodon":{"url":"https:\/\/pubeurope.com\/@fr\/114933848247914575","error":""},"_links":{"self":[{"href":"https:\/\/www.europesays.com\/fr\/wp-json\/wp\/v2\/posts\/280831","targetHints":{"allow":["GET"]}}],"collection":[{"href":"https:\/\/www.europesays.com\/fr\/wp-json\/wp\/v2\/posts"}],"about":[{"href":"https:\/\/www.europesays.com\/fr\/wp-json\/wp\/v2\/types\/post"}],"author":[{"embeddable":true,"href":"https:\/\/www.europesays.com\/fr\/wp-json\/wp\/v2\/users\/2"}],"replies":[{"embeddable":true,"href":"https:\/\/www.europesays.com\/fr\/wp-json\/wp\/v2\/comments?post=280831"}],"version-history":[{"count":0,"href":"https:\/\/www.europesays.com\/fr\/wp-json\/wp\/v2\/posts\/280831\/revisions"}],"wp:featuredmedia":[{"embeddable":true,"href":"https:\/\/www.europesays.com\/fr\/wp-json\/wp\/v2\/media\/280832"}],"wp:attachment":[{"href":"https:\/\/www.europesays.com\/fr\/wp-json\/wp\/v2\/media?parent=280831"}],"wp:term":[{"taxonomy":"category","embeddable":true,"href":"https:\/\/www.europesays.com\/fr\/wp-json\/wp\/v2\/categories?post=280831"},{"taxonomy":"post_tag","embeddable":true,"href":"https:\/\/www.europesays.com\/fr\/wp-json\/wp\/v2\/tags?post=280831"}],"curies":[{"name":"wp","href":"https:\/\/api.w.org\/{rel}","templated":true}]}}