{"id":280833,"date":"2025-07-29T01:08:10","date_gmt":"2025-07-29T01:08:10","guid":{"rendered":"https:\/\/www.europesays.com\/fr\/280833\/"},"modified":"2025-07-29T01:08:10","modified_gmt":"2025-07-29T01:08:10","slug":"au-moins-cinq-morts-dans-une-tuerie-dans-le-coeur-de-manhattan","status":"publish","type":"post","link":"https:\/\/www.europesays.com\/fr\/280833\/","title":{"rendered":"au moins cinq morts dans une tuerie dans le c\u0153ur de Manhattan"},"content":{"rendered":"<p>De nombreux policiers portant gilets pare-balles et armes lourdes ont \u00e9t\u00e9 d\u00e9ploy\u00e9s lundi soir dans les rues de la premi\u00e8re ville des \u00c9tats-Unis. Le \u00abtireur\u00bb a \u00e9t\u00e9 neutralis\u00e9, a annonc\u00e9 la police vers 20 heures. Un policier ferait partie des victimes.<\/p>\n<p class=\"fig-paragraph\">Une importante intervention polici\u00e8re \u00e9tait en cours lundi 28 juillet dans le centre de New York face \u00e0 ce que le maire Eric Adams d\u00e9crit comme une \u00absituation en cours\u00bb impliquant un \u00abtireur\u00bb. \u00abUne enqu\u00eate est en cours \u00e0 cet instant sur un tireur\u00bb, a \u00e9crit l\u2019\u00e9lu sur X, appelant les habitants \u00e0 \u00e9viter le quartier de Midtown, en plein centre de Manhattan.<\/p>\n<p class=\"fig-paragraph\">De nombreux policiers portant gilets pare-balles et armes lourdes sont pr\u00e9sents et un drone a \u00e9t\u00e9 d\u00e9ploy\u00e9, a constat\u00e9 un journaliste de l\u2019AFP sur place dans ce quartier hupp\u00e9, sous les gratte-ciel de la plus grande ville des \u00c9tats-Unis. CNN rapporte qu\u2019au moins 5 personnes, dont un policier, auraient \u00e9t\u00e9 tu\u00e9es, selon un bilan encore provisoire. Le FBI, rapidement arriv\u00e9 sur place, a \u00e9t\u00e9 charg\u00e9 de l\u2019enqu\u00eate.<\/p>\n<p>                                    <a class=\"fig-a11y-skip a11y-hidden\" href=\"#fig-a11y-skip-main-inarticle\"><br \/>\n        Passer la publicit\u00e9<br \/>\n    <\/a><\/p>\n<p>Un suspect de 27 ans originaire de Las Vegas<\/p>\n<p class=\"fig-paragraph\">Une fusillade a \u00e9clat\u00e9 lundi vers 18 heures \u00e0 l\u2019int\u00e9rieur de l\u2019immeuble situ\u00e9 au\u00a0<a href=\"https:\/\/www.google.com\/maps\/place\/345+Park+Avenue,+590+Lexington+Ave,+New+York,+NY+10154\/@40.7579332,-73.9747938,830m\/data=!3m2!1e3!4b1!4m6!3m5!1s0x89c258fcbb9d8363:0xa3d823f604ddc629!8m2!3d40.7579332!4d-73.9722189!16s%2Fm%2F0464fvp?entry=ttu&amp;g_ep=EgoyMDI1MDcyMy4wIKXMDSoASAFQAw%3D%3D\" target=\"_blank\" rel=\"noopener nofollow\" data-gtm-custom-categorie=\"navigation\" data-gtm-custom-action=\"crossclick\" data-gtm-custom-label=\"Contextuel\" data-gtm-event=\"customEventSPE\">345 Park Avenue<\/a>, entre la 51e et la 52e rue, non loin du Rockfeller Center et \u00e0 quelques p\u00e2t\u00e9s de maisons au sud de Central Park. Le quartier est tr\u00e8s touristique. Dix minutes plus tard, selon un t\u00e9moin cit\u00e9 par le New York Times, des dizaines de policiers avaient investi les lieux. Vers 19 heures, des gens ont commenc\u00e9 \u00e0 sortir du b\u00e2timent par petits groupes, les mains lev\u00e9es, alors que le quartier boucl\u00e9 par les forces de s\u00e9curit\u00e9 \u00e9tait survol\u00e9 par un h\u00e9licopt\u00e8re de la police.<\/p>\n<p class=\"fig-paragraph\">La cheffe de la police de New York, le NYPD, a annonc\u00e9 vers 20 heures (heure locale, 02 heures du matin \u00e0 Paris) que le \u00abtireur solitaire\u00bb avait \u00e9t\u00e9 \u00abneutralis\u00e9\u00bb. \u00ab\u00c0 cet instant, la situation est sous contr\u00f4le et le tireur solitaire a \u00e9t\u00e9 neutralis\u00e9\u00bb, a \u00e9crit sur X Jessica Tisch. Selon les tout premiers \u00e9l\u00e9ments, le suspect serait un jeune homme \u00e2g\u00e9 de 27 ans et originaire de Las Vegas, dans le Nevada (sud-ouest). Il serait entr\u00e9 dans l\u2019immeuble avec un long fusil \u00e9voquant un fusil d\u2019assaut.<\/p>\n","protected":false},"excerpt":{"rendered":"De nombreux policiers portant gilets pare-balles et armes lourdes ont \u00e9t\u00e9 d\u00e9ploy\u00e9s lundi soir dans les rues de&hellip;\n","protected":false},"author":2,"featured_media":280834,"comment_status":"","ping_status":"","sticky":false,"template":"","format":"standard","meta":{"footnotes":""},"categories":[5],"tags":[11,1011,27,3832,14,415,12,28],"class_list":{"0":"post-280833","1":"post","2":"type-post","3":"status-publish","4":"format-standard","5":"has-post-thumbnail","7":"category-international","8":"tag-actualites","9":"tag-fr","10":"tag-france","11":"tag-fusillade","12":"tag-international","13":"tag-new-york","14":"tag-news","15":"tag-world"},"share_on_mastodon":{"url":"https:\/\/pubeurope.com\/@fr\/114933852240646080","error":""},"_links":{"self":[{"href":"https:\/\/www.europesays.com\/fr\/wp-json\/wp\/v2\/posts\/280833","targetHints":{"allow":["GET"]}}],"collection":[{"href":"https:\/\/www.europesays.com\/fr\/wp-json\/wp\/v2\/posts"}],"about":[{"href":"https:\/\/www.europesays.com\/fr\/wp-json\/wp\/v2\/types\/post"}],"author":[{"embeddable":true,"href":"https:\/\/www.europesays.com\/fr\/wp-json\/wp\/v2\/users\/2"}],"replies":[{"embeddable":true,"href":"https:\/\/www.europesays.com\/fr\/wp-json\/wp\/v2\/comments?post=280833"}],"version-history":[{"count":0,"href":"https:\/\/www.europesays.com\/fr\/wp-json\/wp\/v2\/posts\/280833\/revisions"}],"wp:featuredmedia":[{"embeddable":true,"href":"https:\/\/www.europesays.com\/fr\/wp-json\/wp\/v2\/media\/280834"}],"wp:attachment":[{"href":"https:\/\/www.europesays.com\/fr\/wp-json\/wp\/v2\/media?parent=280833"}],"wp:term":[{"taxonomy":"category","embeddable":true,"href":"https:\/\/www.europesays.com\/fr\/wp-json\/wp\/v2\/categories?post=280833"},{"taxonomy":"post_tag","embeddable":true,"href":"https:\/\/www.europesays.com\/fr\/wp-json\/wp\/v2\/tags?post=280833"}],"curies":[{"name":"wp","href":"https:\/\/api.w.org\/{rel}","templated":true}]}}