{"id":280839,"date":"2025-07-29T01:11:26","date_gmt":"2025-07-29T01:11:26","guid":{"rendered":"https:\/\/www.europesays.com\/fr\/280839\/"},"modified":"2025-07-29T01:11:26","modified_gmt":"2025-07-29T01:11:26","slug":"coulois-une-histoire-de-chocolat-et-de-famille","status":"publish","type":"post","link":"https:\/\/www.europesays.com\/fr\/280839\/","title":{"rendered":"Coulois, une histoire de chocolat et de famille"},"content":{"rendered":"<p>Gr\u00e2ce \u00e0 l\u2019approvisionnement en f\u00e8ves de cacao via Nantes, Saint-\u00c9tienne devient au XIX e \u00a0si\u00e8cle un haut lieu de la chocolaterie fran\u00e7aise. Une soixantaine de chocolateries se cr\u00e9ent dans notre cit\u00e9.<\/p>\n<p>Parmi tous ces artisans, Coulois s\u2019impose comme une r\u00e9f\u00e9rence. Fond\u00e9e en 1820 au 14 rue G\u00e9n\u00e9ral-Foy, l\u2019enseigne propose alors chocolats, p\u00e2tisseries, salon de th\u00e9, sous l\u2019\u00e9gide des dames Coulois.<\/p>\n<p>Un d\u00e9m\u00e9nagement rue de la R\u00e9publique en 1949<\/p>\n<p>Apr\u00e8s deux cessions, c\u2019est la famille Crouzeix qui pr\u00e9side aux destin\u00e9es&#8230;<\/p>\n","protected":false},"excerpt":{"rendered":"Gr\u00e2ce \u00e0 l\u2019approvisionnement en f\u00e8ves de cacao via Nantes, Saint-\u00c9tienne devient au XIX e \u00a0si\u00e8cle un haut lieu&hellip;\n","protected":false},"author":2,"featured_media":280840,"comment_status":"","ping_status":"","sticky":false,"template":"","format":"standard","meta":{"footnotes":""},"categories":[9653],"tags":[1111,11,2430,4406,33,7539,1777,674,1011,27,12,25,4001,7538],"class_list":{"0":"post-280839","1":"post","2":"type-post","3":"status-publish","4":"format-standard","5":"has-post-thumbnail","7":"category-saint-etienne","8":"tag-actu","9":"tag-actualites","10":"tag-auvergne-rhone-alpes","11":"tag-commerce-et-services","12":"tag-economie","13":"tag-edition-loire-sud","14":"tag-eu","15":"tag-europe","16":"tag-fr","17":"tag-france","18":"tag-news","19":"tag-republique-francaise","20":"tag-saint-etienne","21":"tag-saint-etienne-ville"},"share_on_mastodon":{"url":"https:\/\/pubeurope.com\/@fr\/114933863942434939","error":""},"_links":{"self":[{"href":"https:\/\/www.europesays.com\/fr\/wp-json\/wp\/v2\/posts\/280839","targetHints":{"allow":["GET"]}}],"collection":[{"href":"https:\/\/www.europesays.com\/fr\/wp-json\/wp\/v2\/posts"}],"about":[{"href":"https:\/\/www.europesays.com\/fr\/wp-json\/wp\/v2\/types\/post"}],"author":[{"embeddable":true,"href":"https:\/\/www.europesays.com\/fr\/wp-json\/wp\/v2\/users\/2"}],"replies":[{"embeddable":true,"href":"https:\/\/www.europesays.com\/fr\/wp-json\/wp\/v2\/comments?post=280839"}],"version-history":[{"count":0,"href":"https:\/\/www.europesays.com\/fr\/wp-json\/wp\/v2\/posts\/280839\/revisions"}],"wp:featuredmedia":[{"embeddable":true,"href":"https:\/\/www.europesays.com\/fr\/wp-json\/wp\/v2\/media\/280840"}],"wp:attachment":[{"href":"https:\/\/www.europesays.com\/fr\/wp-json\/wp\/v2\/media?parent=280839"}],"wp:term":[{"taxonomy":"category","embeddable":true,"href":"https:\/\/www.europesays.com\/fr\/wp-json\/wp\/v2\/categories?post=280839"},{"taxonomy":"post_tag","embeddable":true,"href":"https:\/\/www.europesays.com\/fr\/wp-json\/wp\/v2\/tags?post=280839"}],"curies":[{"name":"wp","href":"https:\/\/api.w.org\/{rel}","templated":true}]}}