{"id":280844,"date":"2025-07-29T01:17:23","date_gmt":"2025-07-29T01:17:23","guid":{"rendered":"https:\/\/www.europesays.com\/fr\/280844\/"},"modified":"2025-07-29T01:17:23","modified_gmt":"2025-07-29T01:17:23","slug":"une-plaque-en-memoire-dyitzhak-rabin-detruite-a-nancy-la-ville-depose-une-plainte","status":"publish","type":"post","link":"https:\/\/www.europesays.com\/fr\/280844\/","title":{"rendered":"Une plaque en m\u00e9moire d\u2019Yitzhak Rabin d\u00e9truite \u00e0 Nancy, la ville d\u00e9pose une plainte"},"content":{"rendered":"<p>Une plaque install\u00e9e en m\u00e9moire d\u2019Yitzhak Rabin, ancien Premier ministre isra\u00e9lien et prix Nobel de la paix, a \u00e9t\u00e9 d\u00e9truite \u00e0 Nancy, en Meurthe-et-Moselle. Le <a href=\"https:\/\/maubeuge.maville.com\/actu\/actudet_-meurthe-et-moselle.-le-maire-de-nancy-vise-par-des-menaces-de-mort-sur-facebook-il-depose-plainte-_54135-4948917_actu.Htm\" target=\"_self\" rel=\"noopener\">maire de Nancy Mathieu Klein<\/a> a annonc\u00e9 que la ville portait plainte, a indiqu\u00e9 l\u2019Agence-France-Presse lundi 28\u00a0juillet 2025.<\/p>\n<p>Un \u00ab\u00a0acte imb\u00e9cile\u00a0\u00bb<\/p>\n<p><strong>\u00ab\u00a0Je condamne l\u2019acte imb\u00e9cile que repr\u00e9sente la destruction de la plaque pos\u00e9e au pied de l\u2019arbre plant\u00e9 par Andr\u00e9 Rossinot au parc de la P\u00e9pini\u00e8re, en hommage \u00e0 Yitzhak Rabin, Premier ministre d\u2019Isra\u00ebl. Pour ces courageux auxquels un cours d\u2019histoire ferait du bien, je rappelle qu\u2019Yitzhak Rabin<a href=\"https:\/\/rennes.maville.com\/actu\/actudet_-shimon-peres.-grand-artisan-des-accords-de-paix-d-oslo_54135-3055798_actu.Htm\" target=\"_self\" rel=\"noopener\"> fut l\u2019artisan avec Yasser Arafat de l\u2019accord d\u2019Oslo<\/a>, socle de la coexistence de deux \u00c9tats souverains en paix, palestinien et isra\u00e9lien\u00a0\u00bb<\/strong>, a d\u00e9clar\u00e9 Mathieu Klein dans un message post\u00e9 sur Facebook.<\/p>\n<\/p>\n<p>En 1993, Isra\u00ebl et l\u2019Organisation de lib\u00e9ration de la Palestine (OLP) ont sign\u00e9 \u00e0 Washington les accords d\u2019Oslo sur<a href=\"https:\/\/rennes.maville.com\/actu\/actudet_-la-reconnaissance-de-l-etat-de-palestine-au-coeur-de-la-conference-des-nations-unies-_54135-6916277_actu.Htm\" target=\"_self\" rel=\"noopener\"> l\u2019autonomie palestinienne<\/a>, scell\u00e9e par une poign\u00e9e de main historique entre le chef palestinien Yasser Arafat et le Premier ministre isra\u00e9lien Yitzhak Rabin. Un an plus tard, Yasser Arafat, Yitzhak Rabin et Shimon Peres ont obtenu le prix Nobel de la paix.<\/p>\n<p>En 1995, Yitzhak Rabin est assassin\u00e9 \u00e0 Tel-Aviv par un extr\u00e9miste juif oppos\u00e9 au processus de paix. Selon le maire de Nancy,<strong> \u00ab\u00a0la comm\u00e9moration de la m\u00e9moire d\u2019Yitzhak Rabin, assassin\u00e9 dans son pays par l\u2019extr\u00eame-droite en 1995, doit nous servir de guide moral et politique dans la situation actuelle, o\u00f9 la volont\u00e9 de justice, de paix face \u00e0 toutes les haines est la seule boussole des vrais alli\u00e9s de la paix\u00a0\u00bb.<\/strong><\/p>\n<p>Mathieu Klein a annonc\u00e9 que la ville de Nancy portait plainte et que la plaque serait<strong> \u00ab\u00a0rapidement restaur\u00e9e\u00a0\u00bb.<\/strong>\u00a0<strong>\u00ab\u00a0Il n\u2019y aura \u00e0 Nancy aucune place ni aucune excuse pour l\u2019antis\u00e9mitisme et le racisme\u00a0\u00bb<\/strong>, a-t-il affirm\u00e9.<\/p>\n<p>\u00a0<\/p>\n","protected":false},"excerpt":{"rendered":"Une plaque install\u00e9e en m\u00e9moire d\u2019Yitzhak Rabin, ancien Premier ministre isra\u00e9lien et prix Nobel de la paix, a&hellip;\n","protected":false},"author":2,"featured_media":280845,"comment_status":"","ping_status":"","sticky":false,"template":"","format":"standard","meta":{"footnotes":""},"categories":[9635],"tags":[1111,11,25372,37005,1777,674,1011,27,775,280,1702,12,2634,17196,42042,25,4937,4824,42041],"class_list":{"0":"post-280844","1":"post","2":"type-post","3":"status-publish","4":"format-standard","5":"has-post-thumbnail","7":"category-nancy","8":"tag-actu","9":"tag-actualites","10":"tag-depose","11":"tag-detruite","12":"tag-eu","13":"tag-europe","14":"tag-fr","15":"tag-france","16":"tag-grand-est","17":"tag-memoire","18":"tag-nancy","19":"tag-news","20":"tag-plainte","21":"tag-plaque","22":"tag-rabin","23":"tag-republique-francaise","24":"tag-saint-brieuc","25":"tag-ville","26":"tag-yitzhak"},"share_on_mastodon":{"url":"https:\/\/pubeurope.com\/@fr\/114933887278265845","error":""},"_links":{"self":[{"href":"https:\/\/www.europesays.com\/fr\/wp-json\/wp\/v2\/posts\/280844","targetHints":{"allow":["GET"]}}],"collection":[{"href":"https:\/\/www.europesays.com\/fr\/wp-json\/wp\/v2\/posts"}],"about":[{"href":"https:\/\/www.europesays.com\/fr\/wp-json\/wp\/v2\/types\/post"}],"author":[{"embeddable":true,"href":"https:\/\/www.europesays.com\/fr\/wp-json\/wp\/v2\/users\/2"}],"replies":[{"embeddable":true,"href":"https:\/\/www.europesays.com\/fr\/wp-json\/wp\/v2\/comments?post=280844"}],"version-history":[{"count":0,"href":"https:\/\/www.europesays.com\/fr\/wp-json\/wp\/v2\/posts\/280844\/revisions"}],"wp:featuredmedia":[{"embeddable":true,"href":"https:\/\/www.europesays.com\/fr\/wp-json\/wp\/v2\/media\/280845"}],"wp:attachment":[{"href":"https:\/\/www.europesays.com\/fr\/wp-json\/wp\/v2\/media?parent=280844"}],"wp:term":[{"taxonomy":"category","embeddable":true,"href":"https:\/\/www.europesays.com\/fr\/wp-json\/wp\/v2\/categories?post=280844"},{"taxonomy":"post_tag","embeddable":true,"href":"https:\/\/www.europesays.com\/fr\/wp-json\/wp\/v2\/tags?post=280844"}],"curies":[{"name":"wp","href":"https:\/\/api.w.org\/{rel}","templated":true}]}}